{"id":8455,"date":"2021-06-28T17:34:22","date_gmt":"2021-06-28T15:34:22","guid":{"rendered":"http:\/\/serveiseducatius.xtec.cat\/baixllobregat8\/?p=8455"},"modified":"2021-06-28T17:34:22","modified_gmt":"2021-06-28T15:34:22","slug":"jornades-de-portes-obertes-per-a-les-escoles-descobrim-el-baix-llobregat","status":"publish","type":"post","link":"https:\/\/serveiseducatius.xtec.cat\/baixllobregat8\/portada\/jornades-de-portes-obertes-per-a-les-escoles-descobrim-el-baix-llobregat\/","title":{"rendered":"Jornades de portes obertes per a les escoles: Descobrim el Baix Llobregat!"},"content":{"rendered":"<p>&nbsp;<\/p>\n<p><img loading=\"lazy\" decoding=\"async\" class=\"size-full wp-image-8456 alignleft\" src=\"https:\/\/serveiseducatius.xtec.cat\/baixllobregat8\/wp-content\/uploads\/usu777\/2021\/06\/Jornades-Baix.png\" alt=\"\" width=\"510\" height=\"286\" srcset=\"https:\/\/serveiseducatius.xtec.cat\/baixllobregat8\/wp-content\/uploads\/usu777\/2021\/06\/Jornades-Baix.png 510w, https:\/\/serveiseducatius.xtec.cat\/baixllobregat8\/wp-content\/uploads\/usu777\/2021\/06\/Jornades-Baix-300x168.png 300w\" sizes=\"auto, (max-width: 510px) 100vw, 510px\" \/>El Consorci de Turisme del Baix Llobregat ens conviden a participar en les\u00a0<a href=\"https:\/\/turismebaixllobregat.acblnk.com\/url\/ver\/65554428\/1404617\/a8d8df7a39b4e8175a005f41fd2825ac\" target=\"_blank\" rel=\"noopener noreferrer\" data-saferedirecturl=\"https:\/\/www.google.com\/url?q=https:\/\/turismebaixllobregat.acblnk.com\/url\/ver\/65554428\/1404617\/a8d8df7a39b4e8175a005f41fd2825ac&amp;source=gmail&amp;ust=1624951947017000&amp;usg=AFQjCNFex2tBO72yK9OPQHk-SElarO248A\"><strong>Jornades de portes obertes per a les escoles<\/strong>:\u00a0<strong>Descobrim el Baix Llobregat!<\/strong><\/a><\/p>\n<p>Una gran oportunitat que us permetr\u00e0 con\u00e8ixer i gaudir de l\u2019oferta educativa del Baix Llobregat, i planificar activitats escolars per al proper curs.<\/p>\n<p><strong>Quan?<\/strong><\/p>\n<p>Les \u00faltimes jornades es celebren el divendres i cap de setmana seg\u00fcent:\u00a0\u00a0<strong>2, 3 i\u00a04 de juliol<\/strong>.<\/p>\n<p><strong>Qu\u00e8 ofereixen?<\/strong><\/p>\n<p>La possibilitat que conegueu en persona la gran diversitat d\u2019equipaments de la comarca que ofereixen activitats escolars.<\/p>\n<p>Les entrades i activitats s\u00f3n gratu\u00eftes, i us pot acompanyar la vostra fam\u00edlia (m\u00e0xim un acompanyant i dos infants).<\/p>\n<p><strong>INSCRIPCIONS:<\/strong><\/p>\n<p>Per a participar heu d\u2019entrar al web\u00a0<a href=\"https:\/\/turismebaixllobregat.acblnk.com\/url\/ver\/65554428\/1404617\/a8d8df7a39b4e8175a005f41fd2825ac\" target=\"_blank\" rel=\"noopener noreferrer\" data-saferedirecturl=\"https:\/\/www.google.com\/url?q=https:\/\/turismebaixllobregat.acblnk.com\/url\/ver\/65554428\/1404617\/a8d8df7a39b4e8175a005f41fd2825ac&amp;source=gmail&amp;ust=1624951947017000&amp;usg=AFQjCNFex2tBO72yK9OPQHk-SElarO248A\">https:\/\/www.<wbr \/>turismebaixllobregat.com\/ca\/<wbr \/>jornades-de-portes-obertes-<wbr \/>les-escoles-al-baix-llobregat<\/a><\/p>\n<p>En el web trobareu les activitats que ofereixen els equipaments del Baix Llobregat per dies i hores, podent escollir l\u2019opci\u00f3 que m\u00e9s us interessi.<\/p>\n<p><a href=\"https:\/\/www.turismebaixllobregat.com\/ca\/jornades-de-portes-obertes-les-escoles-al-baix-llobregat\" target=\"_blank\" rel=\"noopener noreferrer\">ENTRA AL WEB<\/a><\/p>\n<div class=\"addtoany_share_save_container addtoany_content addtoany_content_bottom\">\n<div class=\"a2a_kit a2a_kit_size_25 addtoany_list\" data-a2a-url=\"https:\/\/serveiseducatius.xtec.cat\/baixllobregat5\/general\/jornades-de-portes-obertes-per-a-les-escoles-descobrim-el-baix-llobregat\/\" data-a2a-title=\"Jornades de portes obertes per a les escoles: Descobrim el Baix Llobregat!\"><\/div>\n<\/div>\n","protected":false},"excerpt":{"rendered":"<p>&nbsp; El Consorci de Turisme del Baix Llobregat ens conviden a participar en les\u00a0Jornades de portes obertes per a les escoles:\u00a0Descobrim el Baix Llobregat! Una gran oportunitat que us permetr\u00e0 con\u00e8ixer i gaudir de l\u2019oferta educativa del Baix Llobregat, i planificar activitats escolars per al proper curs. Quan? Les \u00faltimes jornades es celebren el divendres [&hellip;]<\/p>\n","protected":false},"author":1,"featured_media":8456,"comment_status":"open","ping_status":"closed","sticky":false,"template":"","format":"standard","meta":{"_bbp_topic_count":0,"_bbp_reply_count":0,"_bbp_total_topic_count":0,"_bbp_total_reply_count":0,"_bbp_voice_count":0,"_bbp_anonymous_reply_count":0,"_bbp_topic_count_hidden":0,"_bbp_reply_count_hidden":0,"_bbp_forum_subforum_count":0,"site-sidebar-layout":"default","site-content-layout":"","ast-site-content-layout":"","site-content-style":"default","site-sidebar-style":"default","ast-global-header-display":"","ast-banner-title-visibility":"","ast-main-header-display":"","ast-hfb-above-header-display":"","ast-hfb-below-header-display":"","ast-hfb-mobile-header-display":"","site-post-title":"","ast-breadcrumbs-content":"","ast-featured-img":"","footer-sml-layout":"","theme-transparent-header-meta":"","adv-header-id-meta":"","stick-header-meta":"","header-above-stick-meta":"","header-main-stick-meta":"","header-below-stick-meta":"","astra-migrate-meta-layouts":"default","ast-page-background-enabled":"default","ast-page-background-meta":{"desktop":{"background-color":"var(--ast-global-color-4)","background-image":"","background-repeat":"repeat","background-position":"center center","background-size":"auto","background-attachment":"scroll","background-type":"","background-media":"","overlay-type":"","overlay-color":"","overlay-opacity":"","overlay-gradient":""},"tablet":{"background-color":"","background-image":"","background-repeat":"repeat","background-position":"center center","background-size":"auto","background-attachment":"scroll","background-type":"","background-media":"","overlay-type":"","overlay-color":"","overlay-opacity":"","overlay-gradient":""},"mobile":{"background-color":"","background-image":"","background-repeat":"repeat","background-position":"center center","background-size":"auto","background-attachment":"scroll","background-type":"","background-media":"","overlay-type":"","overlay-color":"","overlay-opacity":"","overlay-gradient":""}},"ast-content-background-meta":{"desktop":{"background-color":"var(--ast-global-color-5)","background-image":"","background-repeat":"repeat","background-position":"center center","background-size":"auto","background-attachment":"scroll","background-type":"","background-media":"","overlay-type":"","overlay-color":"","overlay-opacity":"","overlay-gradient":""},"tablet":{"background-color":"var(--ast-global-color-5)","background-image":"","background-repeat":"repeat","background-position":"center center","background-size":"auto","background-attachment":"scroll","background-type":"","background-media":"","overlay-type":"","overlay-color":"","overlay-opacity":"","overlay-gradient":""},"mobile":{"background-color":"var(--ast-global-color-5)","background-image":"","background-repeat":"repeat","background-position":"center center","background-size":"auto","background-attachment":"scroll","background-type":"","background-media":"","overlay-type":"","overlay-color":"","overlay-opacity":"","overlay-gradient":""}},"footnotes":""},"categories":[233,234,64,65,29],"tags":[376,369,168,377],"class_list":["post-8455","post","type-post","status-publish","format-standard","has-post-thumbnail","hentry","category-alumnat-primaria","category-alumnat-secundaria","category-comunitat","category-crp","category-portada","tag-activitats-amb-alumnes","tag-jornades","tag-primaria-secundaria","tag-turisme-baix-llobregat"],"post_mailing_queue_ids":[],"_links":{"self":[{"href":"https:\/\/serveiseducatius.xtec.cat\/baixllobregat8\/wp-json\/wp\/v2\/posts\/8455","targetHints":{"allow":["GET"]}}],"collection":[{"href":"https:\/\/serveiseducatius.xtec.cat\/baixllobregat8\/wp-json\/wp\/v2\/posts"}],"about":[{"href":"https:\/\/serveiseducatius.xtec.cat\/baixllobregat8\/wp-json\/wp\/v2\/types\/post"}],"author":[{"embeddable":true,"href":"https:\/\/serveiseducatius.xtec.cat\/baixllobregat8\/wp-json\/wp\/v2\/users\/1"}],"replies":[{"embeddable":true,"href":"https:\/\/serveiseducatius.xtec.cat\/baixllobregat8\/wp-json\/wp\/v2\/comments?post=8455"}],"version-history":[{"count":1,"href":"https:\/\/serveiseducatius.xtec.cat\/baixllobregat8\/wp-json\/wp\/v2\/posts\/8455\/revisions"}],"predecessor-version":[{"id":8457,"href":"https:\/\/serveiseducatius.xtec.cat\/baixllobregat8\/wp-json\/wp\/v2\/posts\/8455\/revisions\/8457"}],"wp:featuredmedia":[{"embeddable":true,"href":"https:\/\/serveiseducatius.xtec.cat\/baixllobregat8\/wp-json\/wp\/v2\/media\/8456"}],"wp:attachment":[{"href":"https:\/\/serveiseducatius.xtec.cat\/baixllobregat8\/wp-json\/wp\/v2\/media?parent=8455"}],"wp:term":[{"taxonomy":"category","embeddable":true,"href":"https:\/\/serveiseducatius.xtec.cat\/baixllobregat8\/wp-json\/wp\/v2\/categories?post=8455"},{"taxonomy":"post_tag","embeddable":true,"href":"https:\/\/serveiseducatius.xtec.cat\/baixllobregat8\/wp-json\/wp\/v2\/tags?post=8455"}],"curies":[{"name":"wp","href":"https:\/\/api.w.org\/{rel}","templated":true}]}}