{"id":7567,"date":"2020-09-04T12:08:57","date_gmt":"2020-09-04T10:08:57","guid":{"rendered":"http:\/\/serveiseducatius.xtec.cat\/baixllobregat8\/?p=7567"},"modified":"2020-09-04T12:12:04","modified_gmt":"2020-09-04T10:12:04","slug":"nous-canals-telegram-de-salut-escola-i-familia-escola","status":"publish","type":"post","link":"https:\/\/serveiseducatius.xtec.cat\/baixllobregat8\/portada\/nous-canals-telegram-de-salut-escola-i-familia-escola\/","title":{"rendered":"Nous canals Telegram de Salut Escola  i Fam\u00edlia escola"},"content":{"rendered":"<p><a href=\"https:\/\/serveiseducatius.xtec.cat\/baixllobregat8\/wp-content\/uploads\/usu777\/2020\/09\/Telegram_salut_escola_logo.jpg\"><img loading=\"lazy\" decoding=\"async\" class=\" wp-image-7569 alignleft\" src=\"https:\/\/serveiseducatius.xtec.cat\/baixllobregat8\/wp-content\/uploads\/usu777\/2020\/09\/Telegram_salut_escola_logo-300x233.jpg\" alt=\"\" width=\"243\" height=\"189\" \/><\/a><\/p>\n<p>El Departament d&#8217;Educaci\u00f3 ha posat en marxa el <a href=\"https:\/\/t.me\/SalutEscolaCAT\" target=\"_blank\" rel=\"noopener noreferrer\"><strong>canal de Telegram Salut Escola<\/strong><\/a>, amb el qual podr\u00e0 informar directament les fam\u00edlies. Hi publicar\u00e0 tots els protocols i di\u00e0riament\u00a0<strong>informar\u00e0 de les incid\u00e8ncies<\/strong> que hi hagi en qualsevol dels 5.500 centres de Catalunya, en el marc de la pand\u00e8mia per la COVID<\/p>\n<p>Tamb\u00e9 s&#8217;habilitar\u00e0 un <strong>canal de Telegram Fam\u00edlia escola<\/strong>\u00a0 per informar les fam\u00edlies de la situaci\u00f3 i les possibles incid\u00e8ncies del centre educatiu amb l&#8217;alumnat i un altre, tamb\u00e9 en aquesta aplicaci\u00f3 de missatgeria, per\u00f2 adre\u00e7at a professors.<\/p>\n<p>Les dades sortiran de l&#8217;aplicatiu &#8216;<strong>Tra\u00e7acovid&#8217;<\/strong>, que els centres faran servir per informar al llarg del dia de possibles incid\u00e8ncies i de les seves resolucions. Aquesta aplicaci\u00f3 permetr\u00e0 els directors d&#8217;escoles i instituts, o aquells responsables que designin, d&#8217;informar en temps real de casos sospitosos, cribratges, resultats de proves i altres dades rellevants sobre la pand\u00e8mia de covid-19 i el seu centre. La informaci\u00f3 d&#8217;aquests canals tamb\u00e9 estar\u00e0 disponible als webs del Departament de Salut i del d&#8217;Educaci\u00f3.<\/p>\n","protected":false},"excerpt":{"rendered":"<p>El Departament d&#8217;Educaci\u00f3 ha posat en marxa el canal de Telegram Salut Escola, amb el qual podr\u00e0 informar directament les fam\u00edlies. Hi publicar\u00e0 tots els protocols i di\u00e0riament\u00a0informar\u00e0 de les incid\u00e8ncies que hi hagi en qualsevol dels 5.500 centres de Catalunya, en el marc de la pand\u00e8mia per la COVID Tamb\u00e9 s&#8217;habilitar\u00e0 un canal de [&hellip;]<\/p>\n","protected":false},"author":1,"featured_media":7569,"comment_status":"open","ping_status":"closed","sticky":false,"template":"","format":"standard","meta":{"_bbp_topic_count":0,"_bbp_reply_count":0,"_bbp_total_topic_count":0,"_bbp_total_reply_count":0,"_bbp_voice_count":0,"_bbp_anonymous_reply_count":0,"_bbp_topic_count_hidden":0,"_bbp_reply_count_hidden":0,"_bbp_forum_subforum_count":0,"site-sidebar-layout":"default","site-content-layout":"","ast-site-content-layout":"","site-content-style":"default","site-sidebar-style":"default","ast-global-header-display":"","ast-banner-title-visibility":"","ast-main-header-display":"","ast-hfb-above-header-display":"","ast-hfb-below-header-display":"","ast-hfb-mobile-header-display":"","site-post-title":"","ast-breadcrumbs-content":"","ast-featured-img":"","footer-sml-layout":"","theme-transparent-header-meta":"","adv-header-id-meta":"","stick-header-meta":"","header-above-stick-meta":"","header-main-stick-meta":"","header-below-stick-meta":"","astra-migrate-meta-layouts":"default","ast-page-background-enabled":"default","ast-page-background-meta":{"desktop":{"background-color":"var(--ast-global-color-4)","background-image":"","background-repeat":"repeat","background-position":"center center","background-size":"auto","background-attachment":"scroll","background-type":"","background-media":"","overlay-type":"","overlay-color":"","overlay-opacity":"","overlay-gradient":""},"tablet":{"background-color":"","background-image":"","background-repeat":"repeat","background-position":"center center","background-size":"auto","background-attachment":"scroll","background-type":"","background-media":"","overlay-type":"","overlay-color":"","overlay-opacity":"","overlay-gradient":""},"mobile":{"background-color":"","background-image":"","background-repeat":"repeat","background-position":"center center","background-size":"auto","background-attachment":"scroll","background-type":"","background-media":"","overlay-type":"","overlay-color":"","overlay-opacity":"","overlay-gradient":""}},"ast-content-background-meta":{"desktop":{"background-color":"var(--ast-global-color-5)","background-image":"","background-repeat":"repeat","background-position":"center center","background-size":"auto","background-attachment":"scroll","background-type":"","background-media":"","overlay-type":"","overlay-color":"","overlay-opacity":"","overlay-gradient":""},"tablet":{"background-color":"var(--ast-global-color-5)","background-image":"","background-repeat":"repeat","background-position":"center center","background-size":"auto","background-attachment":"scroll","background-type":"","background-media":"","overlay-type":"","overlay-color":"","overlay-opacity":"","overlay-gradient":""},"mobile":{"background-color":"var(--ast-global-color-5)","background-image":"","background-repeat":"repeat","background-position":"center center","background-size":"auto","background-attachment":"scroll","background-type":"","background-media":"","overlay-type":"","overlay-color":"","overlay-opacity":"","overlay-gradient":""}},"footnotes":""},"categories":[235,233,234,65,29,161,293],"tags":[],"class_list":["post-7567","post","type-post","status-publish","format-standard","has-post-thumbnail","hentry","category-alumnat-ed-infantil","category-alumnat-primaria","category-alumnat-secundaria","category-crp","category-portada","category-post-obligatoria","category-recursosacasa"],"post_mailing_queue_ids":[],"_links":{"self":[{"href":"https:\/\/serveiseducatius.xtec.cat\/baixllobregat8\/wp-json\/wp\/v2\/posts\/7567","targetHints":{"allow":["GET"]}}],"collection":[{"href":"https:\/\/serveiseducatius.xtec.cat\/baixllobregat8\/wp-json\/wp\/v2\/posts"}],"about":[{"href":"https:\/\/serveiseducatius.xtec.cat\/baixllobregat8\/wp-json\/wp\/v2\/types\/post"}],"author":[{"embeddable":true,"href":"https:\/\/serveiseducatius.xtec.cat\/baixllobregat8\/wp-json\/wp\/v2\/users\/1"}],"replies":[{"embeddable":true,"href":"https:\/\/serveiseducatius.xtec.cat\/baixllobregat8\/wp-json\/wp\/v2\/comments?post=7567"}],"version-history":[{"count":3,"href":"https:\/\/serveiseducatius.xtec.cat\/baixllobregat8\/wp-json\/wp\/v2\/posts\/7567\/revisions"}],"predecessor-version":[{"id":7571,"href":"https:\/\/serveiseducatius.xtec.cat\/baixllobregat8\/wp-json\/wp\/v2\/posts\/7567\/revisions\/7571"}],"wp:featuredmedia":[{"embeddable":true,"href":"https:\/\/serveiseducatius.xtec.cat\/baixllobregat8\/wp-json\/wp\/v2\/media\/7569"}],"wp:attachment":[{"href":"https:\/\/serveiseducatius.xtec.cat\/baixllobregat8\/wp-json\/wp\/v2\/media?parent=7567"}],"wp:term":[{"taxonomy":"category","embeddable":true,"href":"https:\/\/serveiseducatius.xtec.cat\/baixllobregat8\/wp-json\/wp\/v2\/categories?post=7567"},{"taxonomy":"post_tag","embeddable":true,"href":"https:\/\/serveiseducatius.xtec.cat\/baixllobregat8\/wp-json\/wp\/v2\/tags?post=7567"}],"curies":[{"name":"wp","href":"https:\/\/api.w.org\/{rel}","templated":true}]}}