{"id":7198,"date":"2020-05-27T13:03:59","date_gmt":"2020-05-27T11:03:59","guid":{"rendered":"http:\/\/serveiseducatius.xtec.cat\/baixllobregat8\/?p=7198"},"modified":"2020-05-27T13:04:44","modified_gmt":"2020-05-27T11:04:44","slug":"servei-telefonic-per-acompanyar-lalumnat-de-4t-deso-en-la-tria-dels-estudis","status":"publish","type":"post","link":"https:\/\/serveiseducatius.xtec.cat\/baixllobregat8\/portada\/servei-telefonic-per-acompanyar-lalumnat-de-4t-deso-en-la-tria-dels-estudis\/","title":{"rendered":"Servei telef\u00f2nic per acompanyar l&#8217;alumnat de 4t d&#8217;ESO en la tria dels estudis"},"content":{"rendered":"<p><a href=\"http:\/\/ensenyament.gencat.cat\/ca\/inici\/nota-premsa\/telefon-tria-educativa\" target=\"_blank\" rel=\"noopener noreferrer\"><img loading=\"lazy\" decoding=\"async\" class=\"size-full wp-image-7199 aligncenter\" src=\"https:\/\/serveiseducatius.xtec.cat\/baixllobregat8\/wp-content\/uploads\/usu777\/2020\/05\/xtec_servei_teelfonic_4t_ESO.jpg\" alt=\"\" width=\"271\" height=\"271\" srcset=\"https:\/\/serveiseducatius.xtec.cat\/baixllobregat8\/wp-content\/uploads\/usu777\/2020\/05\/xtec_servei_teelfonic_4t_ESO.jpg 271w, https:\/\/serveiseducatius.xtec.cat\/baixllobregat8\/wp-content\/uploads\/usu777\/2020\/05\/xtec_servei_teelfonic_4t_ESO-150x150.jpg 150w\" sizes=\"auto, (max-width: 271px) 100vw, 271px\" \/><\/a>Del 18 de maig al 29 de maig, el Departament d&#8217;Educaci\u00f3 ofereix un servei gratu\u00eft d&#8217;atenci\u00f3 telef\u00f2nica 900 929 299 (de 10 a 13 hores i de 15 a 18 hores), en qu\u00e8 un equip d&#8217;orientadors professionals, de forma volunt\u00e0ria, at\u00e8n els alumnes de 4t d&#8217;ESO i les seves fam\u00edlies, dels centres p\u00fablics i concertats, per acompanyar-los en la tria dels estudis.<\/p>\n","protected":false},"excerpt":{"rendered":"<p>Del 18 de maig al 29 de maig, el Departament d&#8217;Educaci\u00f3 ofereix un servei gratu\u00eft d&#8217;atenci\u00f3 telef\u00f2nica 900 929 299 (de 10 a 13 hores i de 15 a 18 hores), en qu\u00e8 un equip d&#8217;orientadors professionals, de forma volunt\u00e0ria, at\u00e8n els alumnes de 4t d&#8217;ESO i les seves fam\u00edlies, dels centres p\u00fablics i concertats, [&hellip;]<\/p>\n","protected":false},"author":1,"featured_media":0,"comment_status":"open","ping_status":"closed","sticky":false,"template":"","format":"standard","meta":{"_bbp_topic_count":0,"_bbp_reply_count":0,"_bbp_total_topic_count":0,"_bbp_total_reply_count":0,"_bbp_voice_count":0,"_bbp_anonymous_reply_count":0,"_bbp_topic_count_hidden":0,"_bbp_reply_count_hidden":0,"_bbp_forum_subforum_count":0,"site-sidebar-layout":"default","site-content-layout":"","ast-site-content-layout":"","site-content-style":"default","site-sidebar-style":"default","ast-global-header-display":"","ast-banner-title-visibility":"","ast-main-header-display":"","ast-hfb-above-header-display":"","ast-hfb-below-header-display":"","ast-hfb-mobile-header-display":"","site-post-title":"","ast-breadcrumbs-content":"","ast-featured-img":"","footer-sml-layout":"","theme-transparent-header-meta":"","adv-header-id-meta":"","stick-header-meta":"","header-above-stick-meta":"","header-main-stick-meta":"","header-below-stick-meta":"","astra-migrate-meta-layouts":"default","ast-page-background-enabled":"default","ast-page-background-meta":{"desktop":{"background-color":"var(--ast-global-color-4)","background-image":"","background-repeat":"repeat","background-position":"center center","background-size":"auto","background-attachment":"scroll","background-type":"","background-media":"","overlay-type":"","overlay-color":"","overlay-opacity":"","overlay-gradient":""},"tablet":{"background-color":"","background-image":"","background-repeat":"repeat","background-position":"center center","background-size":"auto","background-attachment":"scroll","background-type":"","background-media":"","overlay-type":"","overlay-color":"","overlay-opacity":"","overlay-gradient":""},"mobile":{"background-color":"","background-image":"","background-repeat":"repeat","background-position":"center center","background-size":"auto","background-attachment":"scroll","background-type":"","background-media":"","overlay-type":"","overlay-color":"","overlay-opacity":"","overlay-gradient":""}},"ast-content-background-meta":{"desktop":{"background-color":"var(--ast-global-color-5)","background-image":"","background-repeat":"repeat","background-position":"center center","background-size":"auto","background-attachment":"scroll","background-type":"","background-media":"","overlay-type":"","overlay-color":"","overlay-opacity":"","overlay-gradient":""},"tablet":{"background-color":"var(--ast-global-color-5)","background-image":"","background-repeat":"repeat","background-position":"center center","background-size":"auto","background-attachment":"scroll","background-type":"","background-media":"","overlay-type":"","overlay-color":"","overlay-opacity":"","overlay-gradient":""},"mobile":{"background-color":"var(--ast-global-color-5)","background-image":"","background-repeat":"repeat","background-position":"center center","background-size":"auto","background-attachment":"scroll","background-type":"","background-media":"","overlay-type":"","overlay-color":"","overlay-opacity":"","overlay-gradient":""}},"footnotes":""},"categories":[234,65,29],"tags":[],"class_list":["post-7198","post","type-post","status-publish","format-standard","hentry","category-alumnat-secundaria","category-crp","category-portada"],"post_mailing_queue_ids":[],"_links":{"self":[{"href":"https:\/\/serveiseducatius.xtec.cat\/baixllobregat8\/wp-json\/wp\/v2\/posts\/7198","targetHints":{"allow":["GET"]}}],"collection":[{"href":"https:\/\/serveiseducatius.xtec.cat\/baixllobregat8\/wp-json\/wp\/v2\/posts"}],"about":[{"href":"https:\/\/serveiseducatius.xtec.cat\/baixllobregat8\/wp-json\/wp\/v2\/types\/post"}],"author":[{"embeddable":true,"href":"https:\/\/serveiseducatius.xtec.cat\/baixllobregat8\/wp-json\/wp\/v2\/users\/1"}],"replies":[{"embeddable":true,"href":"https:\/\/serveiseducatius.xtec.cat\/baixllobregat8\/wp-json\/wp\/v2\/comments?post=7198"}],"version-history":[{"count":1,"href":"https:\/\/serveiseducatius.xtec.cat\/baixllobregat8\/wp-json\/wp\/v2\/posts\/7198\/revisions"}],"predecessor-version":[{"id":7200,"href":"https:\/\/serveiseducatius.xtec.cat\/baixllobregat8\/wp-json\/wp\/v2\/posts\/7198\/revisions\/7200"}],"wp:attachment":[{"href":"https:\/\/serveiseducatius.xtec.cat\/baixllobregat8\/wp-json\/wp\/v2\/media?parent=7198"}],"wp:term":[{"taxonomy":"category","embeddable":true,"href":"https:\/\/serveiseducatius.xtec.cat\/baixllobregat8\/wp-json\/wp\/v2\/categories?post=7198"},{"taxonomy":"post_tag","embeddable":true,"href":"https:\/\/serveiseducatius.xtec.cat\/baixllobregat8\/wp-json\/wp\/v2\/tags?post=7198"}],"curies":[{"name":"wp","href":"https:\/\/api.w.org\/{rel}","templated":true}]}}