{"id":7062,"date":"2020-05-19T11:56:39","date_gmt":"2020-05-19T09:56:39","guid":{"rendered":"http:\/\/serveiseducatius.xtec.cat\/baixllobregat8\/?p=7062"},"modified":"2020-05-19T11:58:53","modified_gmt":"2020-05-19T09:58:53","slug":"competencia-digital-formacio-2n-periode","status":"publish","type":"post","link":"https:\/\/serveiseducatius.xtec.cat\/baixllobregat8\/portada\/competencia-digital-formacio-2n-periode\/","title":{"rendered":"Compet\u00e8ncia digital. Formaci\u00f3 2n per\u00edode"},"content":{"rendered":"<p><img loading=\"lazy\" decoding=\"async\" class=\"wp-image-7063 alignleft\" src=\"https:\/\/serveiseducatius.xtec.cat\/baixllobregat8\/wp-content\/uploads\/usu777\/2020\/05\/formacio_2n_periode_maig-juny-300x300.jpg\" alt=\"\" width=\"203\" height=\"203\" srcset=\"https:\/\/serveiseducatius.xtec.cat\/baixllobregat8\/wp-content\/uploads\/usu777\/2020\/05\/formacio_2n_periode_maig-juny-300x300.jpg 300w, https:\/\/serveiseducatius.xtec.cat\/baixllobregat8\/wp-content\/uploads\/usu777\/2020\/05\/formacio_2n_periode_maig-juny-150x150.jpg 150w, https:\/\/serveiseducatius.xtec.cat\/baixllobregat8\/wp-content\/uploads\/usu777\/2020\/05\/formacio_2n_periode_maig-juny.jpg 512w\" sizes=\"auto, (max-width: 203px) 100vw, 203px\" \/><strong>Compet\u00e8ncia digital<\/strong><br \/>\nLes inscripcions de les KUDIs estaran actives de de l\u20191 de juny fins l\u20191 de juliol. Els 12 de juliol es tancaran totes les Kudis.<\/p>\n<p><a href=\"https:\/\/odissea.xtec.cat\/course\/view.php?id=65568\" target=\"_blank\" rel=\"noopener noreferrer\"><strong>Kudi de creaci\u00f3 de continguts<\/strong><\/a><br \/>\n<a href=\"https:\/\/odissea.xtec.cat\/course\/view.php?id=65564\" target=\"_blank\" rel=\"noopener noreferrer\"><strong>Kudi de cerca i organitzaci\u00f3 de continguts digitals<\/strong><\/a><br \/>\n<a href=\"https:\/\/odissea.xtec.cat\/course\/view.php?id=64184\" target=\"_blank\" rel=\"noopener noreferrer\"><strong>Kudi de representaci\u00f3 gr\u00e0fica de continguts<\/strong><\/a><br \/>\n<a href=\"https:\/\/odissea.xtec.cat\/course\/view.php?id=64148\" target=\"_blank\" rel=\"noopener noreferrer\"><strong>Kudi de recursos d\u2019\u00e0udio i v\u00eddeo<\/strong><\/a><br \/>\n<a href=\"https:\/\/odissea.xtec.cat\/course\/view.php?id=65544\" target=\"_blank\" rel=\"noopener noreferrer\"><strong>MOOC \u00fas pedag\u00f2gic de dispositius m\u00f2bils<\/strong><\/a><\/p>\n","protected":false},"excerpt":{"rendered":"<p>Compet\u00e8ncia digital Les inscripcions de les KUDIs estaran actives de de l\u20191 de juny fins l\u20191 de juliol. Els 12 de juliol es tancaran totes les Kudis. Kudi de creaci\u00f3 de continguts Kudi de cerca i organitzaci\u00f3 de continguts digitals Kudi de representaci\u00f3 gr\u00e0fica de continguts Kudi de recursos d\u2019\u00e0udio i v\u00eddeo MOOC \u00fas pedag\u00f2gic [&hellip;]<\/p>\n","protected":false},"author":1,"featured_media":0,"comment_status":"open","ping_status":"closed","sticky":false,"template":"","format":"standard","meta":{"_bbp_topic_count":0,"_bbp_reply_count":0,"_bbp_total_topic_count":0,"_bbp_total_reply_count":0,"_bbp_voice_count":0,"_bbp_anonymous_reply_count":0,"_bbp_topic_count_hidden":0,"_bbp_reply_count_hidden":0,"_bbp_forum_subforum_count":0,"site-sidebar-layout":"default","site-content-layout":"","ast-site-content-layout":"","site-content-style":"default","site-sidebar-style":"default","ast-global-header-display":"","ast-banner-title-visibility":"","ast-main-header-display":"","ast-hfb-above-header-display":"","ast-hfb-below-header-display":"","ast-hfb-mobile-header-display":"","site-post-title":"","ast-breadcrumbs-content":"","ast-featured-img":"","footer-sml-layout":"","theme-transparent-header-meta":"","adv-header-id-meta":"","stick-header-meta":"","header-above-stick-meta":"","header-main-stick-meta":"","header-below-stick-meta":"","astra-migrate-meta-layouts":"default","ast-page-background-enabled":"default","ast-page-background-meta":{"desktop":{"background-color":"var(--ast-global-color-4)","background-image":"","background-repeat":"repeat","background-position":"center center","background-size":"auto","background-attachment":"scroll","background-type":"","background-media":"","overlay-type":"","overlay-color":"","overlay-opacity":"","overlay-gradient":""},"tablet":{"background-color":"","background-image":"","background-repeat":"repeat","background-position":"center center","background-size":"auto","background-attachment":"scroll","background-type":"","background-media":"","overlay-type":"","overlay-color":"","overlay-opacity":"","overlay-gradient":""},"mobile":{"background-color":"","background-image":"","background-repeat":"repeat","background-position":"center center","background-size":"auto","background-attachment":"scroll","background-type":"","background-media":"","overlay-type":"","overlay-color":"","overlay-opacity":"","overlay-gradient":""}},"ast-content-background-meta":{"desktop":{"background-color":"var(--ast-global-color-5)","background-image":"","background-repeat":"repeat","background-position":"center center","background-size":"auto","background-attachment":"scroll","background-type":"","background-media":"","overlay-type":"","overlay-color":"","overlay-opacity":"","overlay-gradient":""},"tablet":{"background-color":"var(--ast-global-color-5)","background-image":"","background-repeat":"repeat","background-position":"center center","background-size":"auto","background-attachment":"scroll","background-type":"","background-media":"","overlay-type":"","overlay-color":"","overlay-opacity":"","overlay-gradient":""},"mobile":{"background-color":"var(--ast-global-color-5)","background-image":"","background-repeat":"repeat","background-position":"center center","background-size":"auto","background-attachment":"scroll","background-type":"","background-media":"","overlay-type":"","overlay-color":"","overlay-opacity":"","overlay-gradient":""}},"footnotes":""},"categories":[65,206,171,29,76,293,78],"tags":[],"class_list":["post-7062","post","type-post","status-publish","format-standard","hentry","category-crp","category-formacio","category-pla-de-formacio-de-zona","category-portada","category-recursos","category-recursosacasa","category-tac"],"post_mailing_queue_ids":[],"_links":{"self":[{"href":"https:\/\/serveiseducatius.xtec.cat\/baixllobregat8\/wp-json\/wp\/v2\/posts\/7062","targetHints":{"allow":["GET"]}}],"collection":[{"href":"https:\/\/serveiseducatius.xtec.cat\/baixllobregat8\/wp-json\/wp\/v2\/posts"}],"about":[{"href":"https:\/\/serveiseducatius.xtec.cat\/baixllobregat8\/wp-json\/wp\/v2\/types\/post"}],"author":[{"embeddable":true,"href":"https:\/\/serveiseducatius.xtec.cat\/baixllobregat8\/wp-json\/wp\/v2\/users\/1"}],"replies":[{"embeddable":true,"href":"https:\/\/serveiseducatius.xtec.cat\/baixllobregat8\/wp-json\/wp\/v2\/comments?post=7062"}],"version-history":[{"count":3,"href":"https:\/\/serveiseducatius.xtec.cat\/baixllobregat8\/wp-json\/wp\/v2\/posts\/7062\/revisions"}],"predecessor-version":[{"id":7067,"href":"https:\/\/serveiseducatius.xtec.cat\/baixllobregat8\/wp-json\/wp\/v2\/posts\/7062\/revisions\/7067"}],"wp:attachment":[{"href":"https:\/\/serveiseducatius.xtec.cat\/baixllobregat8\/wp-json\/wp\/v2\/media?parent=7062"}],"wp:term":[{"taxonomy":"category","embeddable":true,"href":"https:\/\/serveiseducatius.xtec.cat\/baixllobregat8\/wp-json\/wp\/v2\/categories?post=7062"},{"taxonomy":"post_tag","embeddable":true,"href":"https:\/\/serveiseducatius.xtec.cat\/baixllobregat8\/wp-json\/wp\/v2\/tags?post=7062"}],"curies":[{"name":"wp","href":"https:\/\/api.w.org\/{rel}","templated":true}]}}