{"id":7000,"date":"2020-05-15T13:03:01","date_gmt":"2020-05-15T11:03:01","guid":{"rendered":"http:\/\/serveiseducatius.xtec.cat\/baixllobregat8\/?p=7000"},"modified":"2020-05-15T13:12:17","modified_gmt":"2020-05-15T11:12:17","slug":"dia-internacional-contra-lhomofobia-la-transfobia-i-la-bifobia","status":"publish","type":"post","link":"https:\/\/serveiseducatius.xtec.cat\/baixllobregat8\/portada\/dia-internacional-contra-lhomofobia-la-transfobia-i-la-bifobia\/","title":{"rendered":"Dia Internacional contra l&#8217;Homof\u00f2bia, la Transf\u00f2bia i la Bif\u00f2bia"},"content":{"rendered":"<p><a href=\"http:\/\/xtec.gencat.cat\/ca\/centres\/celebracions\/2020\/dia-internacional-contra-lhomofobia-la-transfobia-i-la-bifobia\/\" target=\"_blank\" rel=\"noopener noreferrer\"><img loading=\"lazy\" decoding=\"async\" class=\" wp-image-7001 alignleft\" src=\"https:\/\/serveiseducatius.xtec.cat\/baixllobregat8\/wp-content\/uploads\/usu777\/2020\/05\/homofobia-300x300.jpg\" alt=\"\" width=\"241\" height=\"241\" \/><\/a>El <strong>17 de maig<\/strong> es commemora el\u00a0<a href=\"https:\/\/may17.org\/about\/\" target=\"_blank\" rel=\"noopener noreferrer\"><strong>Dia Internacional contra l&#8217;Homof\u00f2bia, Transf\u00f2bia i Bif\u00f2bia<\/strong><\/a>, amb l\u2019objectiu de conscienciar la comunitat educativa vers la discriminaci\u00f3 del col\u00b7lectiu LGBTI (lesbianes, gais, bisexuals, transg\u00e8neres, intersexuals) \u00a0i garantir els seus drets en peu d\u2019igualtat amb tota la ciutadania.<\/p>\n<p>Us suggerim unes <a href=\"http:\/\/xtec.gencat.cat\/ca\/centres\/celebracions\/2020\/dia-internacional-contra-lhomofobia-la-transfobia-i-la-bifobia\/\" target=\"_blank\" rel=\"noopener noreferrer\"><strong>propostes d\u2019actuacions <\/strong><\/a>i <a href=\"http:\/\/xtec.gencat.cat\/ca\/centres\/celebracions\/2020\/dia-internacional-contra-lhomofobia-la-transfobia-i-la-bifobia\/recursos-didactics\/\" target=\"_blank\" rel=\"noopener noreferrer\"><strong>recursos espec\u00edfics<\/strong> <\/a>a fi de promoure la conscienciaci\u00f3 de la diversitat de g\u00e8nere i la prevenci\u00f3 de l\u2019assetjament LGBTI.<\/p>\n<p>Els centres educatius s\u00f3n espais de socialitzaci\u00f3 i, per tant, s\u00f3n el marc idoni on treballar els valors de la igualtat, el dret a la difer\u00e8ncia i el respecte als drets humans.\u00a0La viv\u00e8ncia del g\u00e8nere ha de ser una viv\u00e8ncia saludable i empoderadora de la persona. Per aix\u00f2, el coneixement i el respecte a la diversitat pel que fa a l\u2019orientaci\u00f3 sexual, la identitat de g\u00e8nere o l\u2019expressi\u00f3 de g\u00e8nere ha de ser efectiu a tot el sistema educatiu.<\/p>\n","protected":false},"excerpt":{"rendered":"<p>El 17 de maig es commemora el\u00a0Dia Internacional contra l&#8217;Homof\u00f2bia, Transf\u00f2bia i Bif\u00f2bia, amb l\u2019objectiu de conscienciar la comunitat educativa vers la discriminaci\u00f3 del col\u00b7lectiu LGBTI (lesbianes, gais, bisexuals, transg\u00e8neres, intersexuals) \u00a0i garantir els seus drets en peu d\u2019igualtat amb tota la ciutadania. Us suggerim unes propostes d\u2019actuacions i recursos espec\u00edfics a fi de promoure [&hellip;]<\/p>\n","protected":false},"author":1,"featured_media":7001,"comment_status":"open","ping_status":"closed","sticky":false,"template":"","format":"standard","meta":{"_bbp_topic_count":0,"_bbp_reply_count":0,"_bbp_total_topic_count":0,"_bbp_total_reply_count":0,"_bbp_voice_count":0,"_bbp_anonymous_reply_count":0,"_bbp_topic_count_hidden":0,"_bbp_reply_count_hidden":0,"_bbp_forum_subforum_count":0,"site-sidebar-layout":"default","site-content-layout":"","ast-site-content-layout":"","site-content-style":"default","site-sidebar-style":"default","ast-global-header-display":"","ast-banner-title-visibility":"","ast-main-header-display":"","ast-hfb-above-header-display":"","ast-hfb-below-header-display":"","ast-hfb-mobile-header-display":"","site-post-title":"","ast-breadcrumbs-content":"","ast-featured-img":"","footer-sml-layout":"","theme-transparent-header-meta":"","adv-header-id-meta":"","stick-header-meta":"","header-above-stick-meta":"","header-main-stick-meta":"","header-below-stick-meta":"","astra-migrate-meta-layouts":"default","ast-page-background-enabled":"default","ast-page-background-meta":{"desktop":{"background-color":"var(--ast-global-color-4)","background-image":"","background-repeat":"repeat","background-position":"center center","background-size":"auto","background-attachment":"scroll","background-type":"","background-media":"","overlay-type":"","overlay-color":"","overlay-opacity":"","overlay-gradient":""},"tablet":{"background-color":"","background-image":"","background-repeat":"repeat","background-position":"center center","background-size":"auto","background-attachment":"scroll","background-type":"","background-media":"","overlay-type":"","overlay-color":"","overlay-opacity":"","overlay-gradient":""},"mobile":{"background-color":"","background-image":"","background-repeat":"repeat","background-position":"center center","background-size":"auto","background-attachment":"scroll","background-type":"","background-media":"","overlay-type":"","overlay-color":"","overlay-opacity":"","overlay-gradient":""}},"ast-content-background-meta":{"desktop":{"background-color":"var(--ast-global-color-5)","background-image":"","background-repeat":"repeat","background-position":"center center","background-size":"auto","background-attachment":"scroll","background-type":"","background-media":"","overlay-type":"","overlay-color":"","overlay-opacity":"","overlay-gradient":""},"tablet":{"background-color":"var(--ast-global-color-5)","background-image":"","background-repeat":"repeat","background-position":"center center","background-size":"auto","background-attachment":"scroll","background-type":"","background-media":"","overlay-type":"","overlay-color":"","overlay-opacity":"","overlay-gradient":""},"mobile":{"background-color":"var(--ast-global-color-5)","background-image":"","background-repeat":"repeat","background-position":"center center","background-size":"auto","background-attachment":"scroll","background-type":"","background-media":"","overlay-type":"","overlay-color":"","overlay-opacity":"","overlay-gradient":""}},"footnotes":""},"categories":[291,235,233,234,65,29,76,293],"tags":[],"class_list":["post-7000","post","type-post","status-publish","format-standard","has-post-thumbnail","hentry","category-joemquedoacasa","category-alumnat-ed-infantil","category-alumnat-primaria","category-alumnat-secundaria","category-crp","category-portada","category-recursos","category-recursosacasa"],"post_mailing_queue_ids":[],"_links":{"self":[{"href":"https:\/\/serveiseducatius.xtec.cat\/baixllobregat8\/wp-json\/wp\/v2\/posts\/7000","targetHints":{"allow":["GET"]}}],"collection":[{"href":"https:\/\/serveiseducatius.xtec.cat\/baixllobregat8\/wp-json\/wp\/v2\/posts"}],"about":[{"href":"https:\/\/serveiseducatius.xtec.cat\/baixllobregat8\/wp-json\/wp\/v2\/types\/post"}],"author":[{"embeddable":true,"href":"https:\/\/serveiseducatius.xtec.cat\/baixllobregat8\/wp-json\/wp\/v2\/users\/1"}],"replies":[{"embeddable":true,"href":"https:\/\/serveiseducatius.xtec.cat\/baixllobregat8\/wp-json\/wp\/v2\/comments?post=7000"}],"version-history":[{"count":3,"href":"https:\/\/serveiseducatius.xtec.cat\/baixllobregat8\/wp-json\/wp\/v2\/posts\/7000\/revisions"}],"predecessor-version":[{"id":7008,"href":"https:\/\/serveiseducatius.xtec.cat\/baixllobregat8\/wp-json\/wp\/v2\/posts\/7000\/revisions\/7008"}],"wp:featuredmedia":[{"embeddable":true,"href":"https:\/\/serveiseducatius.xtec.cat\/baixllobregat8\/wp-json\/wp\/v2\/media\/7001"}],"wp:attachment":[{"href":"https:\/\/serveiseducatius.xtec.cat\/baixllobregat8\/wp-json\/wp\/v2\/media?parent=7000"}],"wp:term":[{"taxonomy":"category","embeddable":true,"href":"https:\/\/serveiseducatius.xtec.cat\/baixllobregat8\/wp-json\/wp\/v2\/categories?post=7000"},{"taxonomy":"post_tag","embeddable":true,"href":"https:\/\/serveiseducatius.xtec.cat\/baixllobregat8\/wp-json\/wp\/v2\/tags?post=7000"}],"curies":[{"name":"wp","href":"https:\/\/api.w.org\/{rel}","templated":true}]}}