{"id":6135,"date":"2020-04-01T13:16:02","date_gmt":"2020-04-01T11:16:02","guid":{"rendered":"http:\/\/serveiseducatius.xtec.cat\/baixllobregat8\/?p=6135"},"modified":"2020-04-03T18:43:01","modified_gmt":"2020-04-03T16:43:01","slug":"criteris-per-al-desenvolupament-de-lavaluuacio-educativa-i-lavaluacio-dels-alumnes","status":"publish","type":"post","link":"https:\/\/serveiseducatius.xtec.cat\/baixllobregat8\/portada\/criteris-per-al-desenvolupament-de-lavaluuacio-educativa-i-lavaluacio-dels-alumnes\/","title":{"rendered":"Criteris per al desenvolupament de l&#8217;avaluaci\u00f3 educativa i l&#8217;avaluaci\u00f3 dels alumnes"},"content":{"rendered":"<p><img loading=\"lazy\" decoding=\"async\" class=\"alignleft\" src=\"https:\/\/govern.cat\/govern\/docs\/2020\/03\/30\/14\/30\/cdf91cb1-9388-42d0-ade4-c1e52f407460.jpg\" alt=\"\" width=\"227\" height=\"170\" \/>El Departament d\u2019Educaci\u00f3 ha establert uns criteris que estableixen com ha de ser l<strong>\u2019<a href=\"http:\/\/ensenyament.gencat.cat\/ca\/inici\/nota-premsa\/?id=384278\" target=\"_blank\" rel=\"noopener noreferrer\">avaluaci\u00f3 i el seguiment de l\u2019alumnat<\/a> durant el per\u00edode de confinament<\/strong> a causa del COVID-19.<\/p>\n<p>El principal objectiu \u00e9s donar continu\u00eftat a l\u2019activitat formativa per ajudar a mantenir els h\u00e0bits i el proc\u00e9s d\u2019aprenentatge amb propostes educatives que arribin a tot l\u2019alumnat. I sense oblidar, al mateix temps, que el seguiment tutorial i el suport emocional a l\u2019alumnat i a les fam\u00edlies prenen en aquest context m\u00e9s rellev\u00e0ncia, especialment, en el cas de l\u2019alumnat que t\u00e9 m\u00e9s dificultats a l\u2019hora de participar en les activitats proposades.<\/p>\n<p>Podeu consultar el document <strong><a href=\"https:\/\/govern.cat\/govern\/docs\/2020\/03\/30\/16\/22\/8d2376dd-bc29-4d9a-a501-7195e39b10a4.pdf\" target=\"_blank\" rel=\"noopener noreferrer\">aqu\u00ed.<\/a><\/strong><\/p>\n","protected":false},"excerpt":{"rendered":"<p>El Departament d\u2019Educaci\u00f3 ha establert uns criteris que estableixen com ha de ser l\u2019avaluaci\u00f3 i el seguiment de l\u2019alumnat durant el per\u00edode de confinament a causa del COVID-19. El principal objectiu \u00e9s donar continu\u00eftat a l\u2019activitat formativa per ajudar a mantenir els h\u00e0bits i el proc\u00e9s d\u2019aprenentatge amb propostes educatives que arribin a tot l\u2019alumnat. [&hellip;]<\/p>\n","protected":false},"author":1,"featured_media":0,"comment_status":"open","ping_status":"closed","sticky":false,"template":"","format":"standard","meta":{"_bbp_topic_count":0,"_bbp_reply_count":0,"_bbp_total_topic_count":0,"_bbp_total_reply_count":0,"_bbp_voice_count":0,"_bbp_anonymous_reply_count":0,"_bbp_topic_count_hidden":0,"_bbp_reply_count_hidden":0,"_bbp_forum_subforum_count":0,"site-sidebar-layout":"default","site-content-layout":"","ast-site-content-layout":"","site-content-style":"default","site-sidebar-style":"default","ast-global-header-display":"","ast-banner-title-visibility":"","ast-main-header-display":"","ast-hfb-above-header-display":"","ast-hfb-below-header-display":"","ast-hfb-mobile-header-display":"","site-post-title":"","ast-breadcrumbs-content":"","ast-featured-img":"","footer-sml-layout":"","theme-transparent-header-meta":"","adv-header-id-meta":"","stick-header-meta":"","header-above-stick-meta":"","header-main-stick-meta":"","header-below-stick-meta":"","astra-migrate-meta-layouts":"default","ast-page-background-enabled":"default","ast-page-background-meta":{"desktop":{"background-color":"var(--ast-global-color-4)","background-image":"","background-repeat":"repeat","background-position":"center center","background-size":"auto","background-attachment":"scroll","background-type":"","background-media":"","overlay-type":"","overlay-color":"","overlay-opacity":"","overlay-gradient":""},"tablet":{"background-color":"","background-image":"","background-repeat":"repeat","background-position":"center center","background-size":"auto","background-attachment":"scroll","background-type":"","background-media":"","overlay-type":"","overlay-color":"","overlay-opacity":"","overlay-gradient":""},"mobile":{"background-color":"","background-image":"","background-repeat":"repeat","background-position":"center center","background-size":"auto","background-attachment":"scroll","background-type":"","background-media":"","overlay-type":"","overlay-color":"","overlay-opacity":"","overlay-gradient":""}},"ast-content-background-meta":{"desktop":{"background-color":"var(--ast-global-color-5)","background-image":"","background-repeat":"repeat","background-position":"center center","background-size":"auto","background-attachment":"scroll","background-type":"","background-media":"","overlay-type":"","overlay-color":"","overlay-opacity":"","overlay-gradient":""},"tablet":{"background-color":"var(--ast-global-color-5)","background-image":"","background-repeat":"repeat","background-position":"center center","background-size":"auto","background-attachment":"scroll","background-type":"","background-media":"","overlay-type":"","overlay-color":"","overlay-opacity":"","overlay-gradient":""},"mobile":{"background-color":"var(--ast-global-color-5)","background-image":"","background-repeat":"repeat","background-position":"center center","background-size":"auto","background-attachment":"scroll","background-type":"","background-media":"","overlay-type":"","overlay-color":"","overlay-opacity":"","overlay-gradient":""}},"footnotes":""},"categories":[235,233,234,65,29],"tags":[],"class_list":["post-6135","post","type-post","status-publish","format-standard","hentry","category-alumnat-ed-infantil","category-alumnat-primaria","category-alumnat-secundaria","category-crp","category-portada"],"post_mailing_queue_ids":[],"_links":{"self":[{"href":"https:\/\/serveiseducatius.xtec.cat\/baixllobregat8\/wp-json\/wp\/v2\/posts\/6135","targetHints":{"allow":["GET"]}}],"collection":[{"href":"https:\/\/serveiseducatius.xtec.cat\/baixllobregat8\/wp-json\/wp\/v2\/posts"}],"about":[{"href":"https:\/\/serveiseducatius.xtec.cat\/baixllobregat8\/wp-json\/wp\/v2\/types\/post"}],"author":[{"embeddable":true,"href":"https:\/\/serveiseducatius.xtec.cat\/baixllobregat8\/wp-json\/wp\/v2\/users\/1"}],"replies":[{"embeddable":true,"href":"https:\/\/serveiseducatius.xtec.cat\/baixllobregat8\/wp-json\/wp\/v2\/comments?post=6135"}],"version-history":[{"count":3,"href":"https:\/\/serveiseducatius.xtec.cat\/baixllobregat8\/wp-json\/wp\/v2\/posts\/6135\/revisions"}],"predecessor-version":[{"id":6196,"href":"https:\/\/serveiseducatius.xtec.cat\/baixllobregat8\/wp-json\/wp\/v2\/posts\/6135\/revisions\/6196"}],"wp:attachment":[{"href":"https:\/\/serveiseducatius.xtec.cat\/baixllobregat8\/wp-json\/wp\/v2\/media?parent=6135"}],"wp:term":[{"taxonomy":"category","embeddable":true,"href":"https:\/\/serveiseducatius.xtec.cat\/baixllobregat8\/wp-json\/wp\/v2\/categories?post=6135"},{"taxonomy":"post_tag","embeddable":true,"href":"https:\/\/serveiseducatius.xtec.cat\/baixllobregat8\/wp-json\/wp\/v2\/tags?post=6135"}],"curies":[{"name":"wp","href":"https:\/\/api.w.org\/{rel}","templated":true}]}}