{"id":6076,"date":"2020-03-20T12:19:29","date_gmt":"2020-03-20T11:19:29","guid":{"rendered":"http:\/\/serveiseducatius.xtec.cat\/baixllobregat8\/?p=6076"},"modified":"2020-04-17T10:12:48","modified_gmt":"2020-04-17T08:12:48","slug":"collaboracio-de-televisio-de-catalunya-i-catalunya-radio-amb-el-departament-deducacio","status":"publish","type":"post","link":"https:\/\/serveiseducatius.xtec.cat\/baixllobregat8\/portada\/collaboracio-de-televisio-de-catalunya-i-catalunya-radio-amb-el-departament-deducacio\/","title":{"rendered":"Col\u00b7laboraci\u00f3 de Televisi\u00f3 de Catalunya i Catalunya R\u00e0dio amb el Departament d&#8217;Educaci\u00f3"},"content":{"rendered":"<p><a href=\"https:\/\/serveiseducatius.xtec.cat\/baixllobregat8\/wp-content\/uploads\/usu777\/2020\/03\/col\u00b7laboracio_TV3_DE.png\"><img loading=\"lazy\" decoding=\"async\" class=\" wp-image-6077 alignleft\" src=\"https:\/\/serveiseducatius.xtec.cat\/baixllobregat8\/wp-content\/uploads\/usu777\/2020\/03\/col\u00b7laboracio_TV3_DE-300x225.png\" alt=\"\" width=\"168\" height=\"126\" srcset=\"https:\/\/serveiseducatius.xtec.cat\/baixllobregat8\/wp-content\/uploads\/usu777\/2020\/03\/col\u00b7laboracio_TV3_DE-300x225.png 300w, https:\/\/serveiseducatius.xtec.cat\/baixllobregat8\/wp-content\/uploads\/usu777\/2020\/03\/col\u00b7laboracio_TV3_DE-200x150.png 200w, https:\/\/serveiseducatius.xtec.cat\/baixllobregat8\/wp-content\/uploads\/usu777\/2020\/03\/col\u00b7laboracio_TV3_DE.png 400w\" sizes=\"auto, (max-width: 168px) 100vw, 168px\" \/><\/a><a href=\"https:\/\/www.ccma.cat\/tv3\/\" target=\"_blank\" rel=\"noopener noreferrer\"><strong>Televisi\u00f3 de Catalunya<\/strong><\/a> i <strong><a href=\"https:\/\/www.ccma.cat\/catradio\/\" target=\"_blank\" rel=\"noopener noreferrer\">Catalunya R\u00e0dio<\/a><\/strong> han arribat a un acord amb el <strong><a href=\"http:\/\/ensenyament.gencat.cat\/ca\/inici\" target=\"_blank\" rel=\"noopener noreferrer\">Departament d\u2019Educaci\u00f3<\/a><\/strong> per fer difusi\u00f3 a trav\u00e9s de la seva programaci\u00f3 de les orientacions i consells que el Departament ha fet arribar als centres educatius per contribuir a l\u2019aprenentatge de tot l\u2019alumnat. En el cas de Televisi\u00f3 de Catalunya, es far\u00e0 a trav\u00e9s de diferents programes del <strong><a href=\"https:\/\/www.ccma.cat\/tv3\/directe\/super3\/\" target=\"_blank\" rel=\"noopener noreferrer\">canal Super3<\/a><\/strong> i del nou format digital <strong>\u201cAvui aprenem\u201d<\/strong>, un recull de peces divulgatives sobre diferents \u00e0mbits. I, en el de Catalunya R\u00e0dio, es far\u00e0 en la programaci\u00f3 excepcional d\u2019aquests dies a les emissores de Catalunya R\u00e0dio i d\u2019iCat.<\/p>\n<p>Concretament, el canal Super3 difondr\u00e0 els continguts pedag\u00f2gics que el Departament d\u2019Educaci\u00f3 posa a l\u2019abast de la CCMA en espais com <strong><a href=\"https:\/\/www.ccma.cat\/tv3\/super3\/una-ma-de-contes\/\" target=\"_blank\" rel=\"noopener noreferrer\">\u201cUna m\u00e0 de contes\u201d<\/a><\/strong>, el programa de ci\u00e8ncia\u00a0<strong><a href=\"https:\/\/www.ccma.cat\/tv3\/super3\/dinamiks\/\">\u201cDin\u00e0miks\u201d<\/a>,<\/strong> l\u2019informatiu infantil i juvenil\u00a0<strong><a href=\"https:\/\/www.ccma.cat\/tv3\/super3\/infok\/\">\u201cInfoK\u201d<\/a><\/strong>, l\u2019espai de cuina amb\u00a0<strong><a href=\"https:\/\/www.ccma.cat\/tv3\/super3\/manduka\/\">\u201cManduka\u201d<\/a><\/strong>\u00a0o el concurs d\u2019angl\u00e8s\u00a0<strong><a href=\"https:\/\/www.ccma.cat\/tv3\/super3\/fish-and-chips\/\">\u201cFish&amp;Chips\u201d<\/a><\/strong>. Catalunya R\u00e0dio, per la seva banda, tamb\u00e9 far\u00e0 divulgaci\u00f3 d\u2019eines i accions telem\u00e0tiques adre\u00e7ades als alumnes a trav\u00e9s de les xarxes socials als espais<strong> <a href=\"https:\/\/www.youtube.com\/channel\/UC5zV-K2h7hoIeTEUIq8konQ\" target=\"_blank\" rel=\"noopener noreferrer\">\u201cAdolescents iCat\u201d<\/a><\/strong> i <strong>\u201d<a href=\"https:\/\/www.ccma.cat\/catradio\/icatkids\/\" target=\"_blank\" rel=\"noopener noreferrer\">iCat Kids<\/a>\u201d.<\/strong> D\u2019aquesta manera, la r\u00e0dio p\u00fablica es posa al servei de la comunitat educativa per evitar la bretxa digital entre els alumnes que no tenen connectivitat a casa amb ordinador, per\u00f2 que en canvi s\u00ed que disposen de tel\u00e8fon m\u00f2bil i escolten la r\u00e0dio en FM.<\/p>\n","protected":false},"excerpt":{"rendered":"<p>Televisi\u00f3 de Catalunya i Catalunya R\u00e0dio han arribat a un acord amb el Departament d\u2019Educaci\u00f3 per fer difusi\u00f3 a trav\u00e9s de la seva programaci\u00f3 de les orientacions i consells que el Departament ha fet arribar als centres educatius per contribuir a l\u2019aprenentatge de tot l\u2019alumnat. En el cas de Televisi\u00f3 de Catalunya, es far\u00e0 a [&hellip;]<\/p>\n","protected":false},"author":1,"featured_media":6077,"comment_status":"open","ping_status":"closed","sticky":false,"template":"","format":"standard","meta":{"_bbp_topic_count":0,"_bbp_reply_count":0,"_bbp_total_topic_count":0,"_bbp_total_reply_count":0,"_bbp_voice_count":0,"_bbp_anonymous_reply_count":0,"_bbp_topic_count_hidden":0,"_bbp_reply_count_hidden":0,"_bbp_forum_subforum_count":0,"site-sidebar-layout":"default","site-content-layout":"","ast-site-content-layout":"","site-content-style":"default","site-sidebar-style":"default","ast-global-header-display":"","ast-banner-title-visibility":"","ast-main-header-display":"","ast-hfb-above-header-display":"","ast-hfb-below-header-display":"","ast-hfb-mobile-header-display":"","site-post-title":"","ast-breadcrumbs-content":"","ast-featured-img":"","footer-sml-layout":"","theme-transparent-header-meta":"","adv-header-id-meta":"","stick-header-meta":"","header-above-stick-meta":"","header-main-stick-meta":"","header-below-stick-meta":"","astra-migrate-meta-layouts":"default","ast-page-background-enabled":"default","ast-page-background-meta":{"desktop":{"background-color":"var(--ast-global-color-4)","background-image":"","background-repeat":"repeat","background-position":"center center","background-size":"auto","background-attachment":"scroll","background-type":"","background-media":"","overlay-type":"","overlay-color":"","overlay-opacity":"","overlay-gradient":""},"tablet":{"background-color":"","background-image":"","background-repeat":"repeat","background-position":"center center","background-size":"auto","background-attachment":"scroll","background-type":"","background-media":"","overlay-type":"","overlay-color":"","overlay-opacity":"","overlay-gradient":""},"mobile":{"background-color":"","background-image":"","background-repeat":"repeat","background-position":"center center","background-size":"auto","background-attachment":"scroll","background-type":"","background-media":"","overlay-type":"","overlay-color":"","overlay-opacity":"","overlay-gradient":""}},"ast-content-background-meta":{"desktop":{"background-color":"var(--ast-global-color-5)","background-image":"","background-repeat":"repeat","background-position":"center center","background-size":"auto","background-attachment":"scroll","background-type":"","background-media":"","overlay-type":"","overlay-color":"","overlay-opacity":"","overlay-gradient":""},"tablet":{"background-color":"var(--ast-global-color-5)","background-image":"","background-repeat":"repeat","background-position":"center center","background-size":"auto","background-attachment":"scroll","background-type":"","background-media":"","overlay-type":"","overlay-color":"","overlay-opacity":"","overlay-gradient":""},"mobile":{"background-color":"var(--ast-global-color-5)","background-image":"","background-repeat":"repeat","background-position":"center center","background-size":"auto","background-attachment":"scroll","background-type":"","background-media":"","overlay-type":"","overlay-color":"","overlay-opacity":"","overlay-gradient":""}},"footnotes":""},"categories":[235,233,234,65,29,76,293],"tags":[],"class_list":["post-6076","post","type-post","status-publish","format-standard","has-post-thumbnail","hentry","category-alumnat-ed-infantil","category-alumnat-primaria","category-alumnat-secundaria","category-crp","category-portada","category-recursos","category-recursosacasa"],"post_mailing_queue_ids":[],"_links":{"self":[{"href":"https:\/\/serveiseducatius.xtec.cat\/baixllobregat8\/wp-json\/wp\/v2\/posts\/6076","targetHints":{"allow":["GET"]}}],"collection":[{"href":"https:\/\/serveiseducatius.xtec.cat\/baixllobregat8\/wp-json\/wp\/v2\/posts"}],"about":[{"href":"https:\/\/serveiseducatius.xtec.cat\/baixllobregat8\/wp-json\/wp\/v2\/types\/post"}],"author":[{"embeddable":true,"href":"https:\/\/serveiseducatius.xtec.cat\/baixllobregat8\/wp-json\/wp\/v2\/users\/1"}],"replies":[{"embeddable":true,"href":"https:\/\/serveiseducatius.xtec.cat\/baixllobregat8\/wp-json\/wp\/v2\/comments?post=6076"}],"version-history":[{"count":3,"href":"https:\/\/serveiseducatius.xtec.cat\/baixllobregat8\/wp-json\/wp\/v2\/posts\/6076\/revisions"}],"predecessor-version":[{"id":6080,"href":"https:\/\/serveiseducatius.xtec.cat\/baixllobregat8\/wp-json\/wp\/v2\/posts\/6076\/revisions\/6080"}],"wp:featuredmedia":[{"embeddable":true,"href":"https:\/\/serveiseducatius.xtec.cat\/baixllobregat8\/wp-json\/wp\/v2\/media\/6077"}],"wp:attachment":[{"href":"https:\/\/serveiseducatius.xtec.cat\/baixllobregat8\/wp-json\/wp\/v2\/media?parent=6076"}],"wp:term":[{"taxonomy":"category","embeddable":true,"href":"https:\/\/serveiseducatius.xtec.cat\/baixllobregat8\/wp-json\/wp\/v2\/categories?post=6076"},{"taxonomy":"post_tag","embeddable":true,"href":"https:\/\/serveiseducatius.xtec.cat\/baixllobregat8\/wp-json\/wp\/v2\/tags?post=6076"}],"curies":[{"name":"wp","href":"https:\/\/api.w.org\/{rel}","templated":true}]}}