{"id":6047,"date":"2020-03-17T09:43:13","date_gmt":"2020-03-17T08:43:13","guid":{"rendered":"http:\/\/serveiseducatius.xtec.cat\/baixllobregat8\/?p=6047"},"modified":"2020-04-17T10:15:14","modified_gmt":"2020-04-17T08:15:14","slug":"recomanacions-orientacions-i-recursos-metodologics-i-de-formacio-pel-professorat","status":"publish","type":"post","link":"https:\/\/serveiseducatius.xtec.cat\/baixllobregat8\/portada\/recomanacions-orientacions-i-recursos-metodologics-i-de-formacio-pel-professorat\/","title":{"rendered":"Recomanacions, orientacions i recursos metodol\u00f2gics i de formaci\u00f3 pel professorat"},"content":{"rendered":"<p style=\"font-weight: 400;\"><a href=\"http:\/\/xtec.gencat.cat\/ca\/inici\" target=\"_blank\" rel=\"noopener noreferrer\"><img loading=\"lazy\" decoding=\"async\" class=\" wp-image-6048 alignleft\" src=\"https:\/\/serveiseducatius.xtec.cat\/baixllobregat8\/wp-content\/uploads\/usu777\/2020\/03\/imatgeXTEC_coronavirus.jpg\" alt=\"\" width=\"143\" height=\"142\" srcset=\"https:\/\/serveiseducatius.xtec.cat\/baixllobregat8\/wp-content\/uploads\/usu777\/2020\/03\/imatgeXTEC_coronavirus.jpg 291w, https:\/\/serveiseducatius.xtec.cat\/baixllobregat8\/wp-content\/uploads\/usu777\/2020\/03\/imatgeXTEC_coronavirus-150x150.jpg 150w\" sizes=\"auto, (max-width: 143px) 100vw, 143px\" \/><\/a>L\u2019actual context generat per l\u2019epid\u00e8mia de coronavirus SARS-CoV-2 al nostre pa\u00eds fa aconsellable l\u2019adopci\u00f3 de mesures extraordin\u00e0ries amb relaci\u00f3 al suport al professorat mitjan\u00e7ant <a href=\"https:\/\/serveiseducatius.xtec.cat\/baixllobregat8\/wp-content\/uploads\/usu777\/2020\/03\/Orientacions-centres-tancament-coronavirus-19-03.pdf\" target=\"_blank\" rel=\"noopener noreferrer\"><strong>recomanacions, orientacions i recursos metodol\u00f2gics <\/strong><\/a>i de <strong><a href=\"http:\/\/xtec.gencat.cat\/ca\/formacio\/formacio-extraordinaria-oberta\/\" target=\"_blank\" rel=\"noopener noreferrer\">formaci\u00f3<\/a><\/strong> que el proporcionin oportunitats per al desenvolupament professional docent en condicions excepcionals.<\/p>\n<p style=\"font-weight: 400;\">Totes les unitats del Departament d\u2019Educaci\u00f3 ja estan fent propostes en aquesta l\u00ednia. Pots consultar-les a la <a href=\"http:\/\/xtec.gencat.cat\/ca\/inici\" target=\"_blank\" rel=\"noopener noreferrer\">XTEC.<\/a><\/p>\n<ul>\n<li style=\"font-weight: 400;\"><a href=\"http:\/\/xtec.gencat.cat\/ca\/formacio\/formacio-extraordinaria-oberta\/#bloc2\" target=\"_blank\" rel=\"noopener noreferrer\">P\u00edndoles formatives telem\u00e0tiques<\/a> (certificables)<\/li>\n<li style=\"font-weight: 400;\"><a href=\"http:\/\/xtec.gencat.cat\/ca\/formacio\/formacio-extraordinaria-oberta\/#bloc1\" target=\"_blank\" rel=\"noopener noreferrer\">Materials d\u2019autoformaci\u00f3<\/a> (no-certificables)<\/li>\n<li style=\"font-weight: 400;\"><a href=\"http:\/\/xtec.gencat.cat\/ca\/recursos\/actuacio-extraordinaria-activitats-autoaprenentatge\/\" target=\"_blank\" rel=\"noopener noreferrer\">Reculls de recursos<\/a><\/li>\n<li style=\"font-weight: 400;\"><a href=\"https:\/\/agora.xtec.cat\/cesire\/cesire\/posat-al-dia\/\" target=\"_blank\" rel=\"noopener noreferrer\">CESIRE. Posa&#8217;t al dia<\/a><\/li>\n<li><a href=\"http:\/\/www.edu365.cat\/\" target=\"_blank\" rel=\"noopener noreferrer\">Edu365. Activitats d&#8217;Autoaprenentatge<\/a><\/li>\n<li><a href=\"https:\/\/sites.google.com\/xtec.cat\/teachertrainingcourses\/self-training-and-resources\" target=\"_blank\" rel=\"noopener noreferrer\">Formaci\u00f3 lleng\u00fces estrangeres. Self-traning and resources<\/a><\/li>\n<li>Programa Innovaci\u00f3 STEAMcat. <a href=\"https:\/\/projectes.xtec.cat\/steamcat\/portada\/steamacasa-joemquedoacasa\/\" target=\"_blank\" rel=\"noopener noreferrer\">#STEAMacasa<\/a><\/li>\n<li>Biblioteques escolars de Catalunya.<a href=\"https:\/\/projectes.xtec.cat\/bescat\/portada\/propostes-per-fomentar-la-lectura-en-temps-de-confinament\/\" target=\"_blank\" rel=\"noopener noreferrer\"> #quedatacasa<\/a><\/li>\n<\/ul>\n","protected":false},"excerpt":{"rendered":"<p>L\u2019actual context generat per l\u2019epid\u00e8mia de coronavirus SARS-CoV-2 al nostre pa\u00eds fa aconsellable l\u2019adopci\u00f3 de mesures extraordin\u00e0ries amb relaci\u00f3 al suport al professorat mitjan\u00e7ant recomanacions, orientacions i recursos metodol\u00f2gics i de formaci\u00f3 que el proporcionin oportunitats per al desenvolupament professional docent en condicions excepcionals. Totes les unitats del Departament d\u2019Educaci\u00f3 ja estan fent propostes en [&hellip;]<\/p>\n","protected":false},"author":1,"featured_media":0,"comment_status":"open","ping_status":"closed","sticky":false,"template":"","format":"standard","meta":{"_bbp_topic_count":0,"_bbp_reply_count":0,"_bbp_total_topic_count":0,"_bbp_total_reply_count":0,"_bbp_voice_count":0,"_bbp_anonymous_reply_count":0,"_bbp_topic_count_hidden":0,"_bbp_reply_count_hidden":0,"_bbp_forum_subforum_count":0,"site-sidebar-layout":"default","site-content-layout":"","ast-site-content-layout":"","site-content-style":"default","site-sidebar-style":"default","ast-global-header-display":"","ast-banner-title-visibility":"","ast-main-header-display":"","ast-hfb-above-header-display":"","ast-hfb-below-header-display":"","ast-hfb-mobile-header-display":"","site-post-title":"","ast-breadcrumbs-content":"","ast-featured-img":"","footer-sml-layout":"","theme-transparent-header-meta":"","adv-header-id-meta":"","stick-header-meta":"","header-above-stick-meta":"","header-main-stick-meta":"","header-below-stick-meta":"","astra-migrate-meta-layouts":"default","ast-page-background-enabled":"default","ast-page-background-meta":{"desktop":{"background-color":"var(--ast-global-color-4)","background-image":"","background-repeat":"repeat","background-position":"center center","background-size":"auto","background-attachment":"scroll","background-type":"","background-media":"","overlay-type":"","overlay-color":"","overlay-opacity":"","overlay-gradient":""},"tablet":{"background-color":"","background-image":"","background-repeat":"repeat","background-position":"center center","background-size":"auto","background-attachment":"scroll","background-type":"","background-media":"","overlay-type":"","overlay-color":"","overlay-opacity":"","overlay-gradient":""},"mobile":{"background-color":"","background-image":"","background-repeat":"repeat","background-position":"center center","background-size":"auto","background-attachment":"scroll","background-type":"","background-media":"","overlay-type":"","overlay-color":"","overlay-opacity":"","overlay-gradient":""}},"ast-content-background-meta":{"desktop":{"background-color":"var(--ast-global-color-5)","background-image":"","background-repeat":"repeat","background-position":"center center","background-size":"auto","background-attachment":"scroll","background-type":"","background-media":"","overlay-type":"","overlay-color":"","overlay-opacity":"","overlay-gradient":""},"tablet":{"background-color":"var(--ast-global-color-5)","background-image":"","background-repeat":"repeat","background-position":"center center","background-size":"auto","background-attachment":"scroll","background-type":"","background-media":"","overlay-type":"","overlay-color":"","overlay-opacity":"","overlay-gradient":""},"mobile":{"background-color":"var(--ast-global-color-5)","background-image":"","background-repeat":"repeat","background-position":"center center","background-size":"auto","background-attachment":"scroll","background-type":"","background-media":"","overlay-type":"","overlay-color":"","overlay-opacity":"","overlay-gradient":""}},"footnotes":""},"categories":[235,233,234,65,29,76,293],"tags":[],"class_list":["post-6047","post","type-post","status-publish","format-standard","hentry","category-alumnat-ed-infantil","category-alumnat-primaria","category-alumnat-secundaria","category-crp","category-portada","category-recursos","category-recursosacasa"],"post_mailing_queue_ids":[],"_links":{"self":[{"href":"https:\/\/serveiseducatius.xtec.cat\/baixllobregat8\/wp-json\/wp\/v2\/posts\/6047","targetHints":{"allow":["GET"]}}],"collection":[{"href":"https:\/\/serveiseducatius.xtec.cat\/baixllobregat8\/wp-json\/wp\/v2\/posts"}],"about":[{"href":"https:\/\/serveiseducatius.xtec.cat\/baixllobregat8\/wp-json\/wp\/v2\/types\/post"}],"author":[{"embeddable":true,"href":"https:\/\/serveiseducatius.xtec.cat\/baixllobregat8\/wp-json\/wp\/v2\/users\/1"}],"replies":[{"embeddable":true,"href":"https:\/\/serveiseducatius.xtec.cat\/baixllobregat8\/wp-json\/wp\/v2\/comments?post=6047"}],"version-history":[{"count":3,"href":"https:\/\/serveiseducatius.xtec.cat\/baixllobregat8\/wp-json\/wp\/v2\/posts\/6047\/revisions"}],"predecessor-version":[{"id":6119,"href":"https:\/\/serveiseducatius.xtec.cat\/baixllobregat8\/wp-json\/wp\/v2\/posts\/6047\/revisions\/6119"}],"wp:attachment":[{"href":"https:\/\/serveiseducatius.xtec.cat\/baixllobregat8\/wp-json\/wp\/v2\/media?parent=6047"}],"wp:term":[{"taxonomy":"category","embeddable":true,"href":"https:\/\/serveiseducatius.xtec.cat\/baixllobregat8\/wp-json\/wp\/v2\/categories?post=6047"},{"taxonomy":"post_tag","embeddable":true,"href":"https:\/\/serveiseducatius.xtec.cat\/baixllobregat8\/wp-json\/wp\/v2\/tags?post=6047"}],"curies":[{"name":"wp","href":"https:\/\/api.w.org\/{rel}","templated":true}]}}