{"id":5637,"date":"2019-11-20T09:17:49","date_gmt":"2019-11-20T08:17:49","guid":{"rendered":"http:\/\/serveiseducatius.xtec.cat\/baixllobregat8\/?p=5637"},"modified":"2019-11-20T09:22:13","modified_gmt":"2019-11-20T08:22:13","slug":"la-comissio-representativa-institucional-del-pee-aprova-memoria-18-19-i-pla-dactuaccions-19-20","status":"publish","type":"post","link":"https:\/\/serveiseducatius.xtec.cat\/baixllobregat8\/general\/la-comissio-representativa-institucional-del-pee-aprova-memoria-18-19-i-pla-dactuaccions-19-20\/","title":{"rendered":"Comissi\u00f3 Representativa Institucional del PEE 0-20"},"content":{"rendered":"<p>El 6 de novembre, al sal\u00f3 de Plens de l\u2019Ajuntament d\u2019Esplugues est\u00e0vem convocats els agents educatius del municipi a la <a href=\"http:\/\/pee.esplugues.cat\/wp-content\/uploads\/2018\/10\/Taula-Comissions.png\">Comissi\u00f3 Representativa Institucional de PEE<\/a> anual presidida per l\u2019alcaldessa d\u2019Esplugues, Pilar D\u00edaz, i la directora adjunta de Serveis Territorials del Departament d\u2019Educaci\u00f3, Carme Ortonobes.<\/p>\n<p><a href=\"https:\/\/serveiseducatius.xtec.cat\/baixllobregat8\/wp-content\/uploads\/usu777\/2019\/11\/7160663.jpg\"><img loading=\"lazy\" decoding=\"async\" class=\"wp-image-5632 alignleft\" src=\"https:\/\/serveiseducatius.xtec.cat\/baixllobregat8\/wp-content\/uploads\/usu777\/2019\/11\/7160663-1024x576.jpg\" alt=\"\" width=\"443\" height=\"249\" srcset=\"https:\/\/serveiseducatius.xtec.cat\/baixllobregat8\/wp-content\/uploads\/usu777\/2019\/11\/7160663-1024x576.jpg 1024w, https:\/\/serveiseducatius.xtec.cat\/baixllobregat8\/wp-content\/uploads\/usu777\/2019\/11\/7160663-300x169.jpg 300w, https:\/\/serveiseducatius.xtec.cat\/baixllobregat8\/wp-content\/uploads\/usu777\/2019\/11\/7160663-768x432.jpg 768w, https:\/\/serveiseducatius.xtec.cat\/baixllobregat8\/wp-content\/uploads\/usu777\/2019\/11\/7160663.jpg 2048w\" sizes=\"auto, (max-width: 443px) 100vw, 443px\" \/><\/a>L\u2019alcaldessa va donar la benvinguda a tots els assistents i va compartir la inquietud personal i del municipi per aquells joves que han abandonat el sistema educatiu i que no treballen, ni estudien, que es troben perduts sense expectatives ni projecte personal. El nou PEE 0-20 aporta recursos humans i materials per a poder atendre aquells joves i fer una orientaci\u00f3 i un acompanyament a fi de proporcionar-los una segona oportunitat.<\/p>\n<p>A continuaci\u00f3, Carme Ortonobes , d\u2019una banda, va agrair la pres\u00e8ncia a tots els assistents (directors, regidors, membres de l&#8217;EAP, t\u00e8cnics d\u2019integraci\u00f3 social, representants d&#8217;entitats de lleure i AMPA&#8217;s, dinamitzadores, agents i responsables de salut, esport i orientaci\u00f3, l\u2019Escola d&#8217;adults i la presidenta del consell escolar municipal) que formen part de la xarxa educativa i, d\u2019una altra banda, va expressar l&#8217;agra\u00efment a tots els professionals que fan possible que el Pla Educatiu d&#8217;Entorn es desenvolupi amb coher\u00e8ncia i en col\u00b7laboraci\u00f3 des de les dues institucions per aconseguir <strong><a href=\"https:\/\/serveiseducatius.xtec.cat\/baixllobregat8\/portada\/pla-educatiu-dentorn-0-20\/\">els objectius del PEE 0-20<\/a>:<\/strong><\/p>\n<ul>\n<li>Millorar les condicions d\u2019escolaritzaci\u00f3 i \u00e8xit educatiu<\/li>\n<li>Promoure l\u2019educaci\u00f3 en valors i comprom\u00eds c\u00edvic<\/li>\n<li>Potenciar la participaci\u00f3 de les fam\u00edlies<\/li>\n<li>Promoure l\u2019\u00fas de la llengua catalana i l\u2019educaci\u00f3 intercultural<\/li>\n<li>Col\u00b7laborar en la promoci\u00f3 d\u2019estils de vida saludable i l\u2019activitat esportiva entre els infants i joves .<\/li>\n<\/ul>\n<p>A continuaci\u00f3 es va fer un resum de la mem\u00f2ria de les actuacions del curs 2019-20.<a href=\"https:\/\/serveiseducatius.xtec.cat\/baixllobregat8\/wp-content\/uploads\/usu777\/2019\/11\/actuacions.png\"><img loading=\"lazy\" decoding=\"async\" class=\"alignnone size-full wp-image-5659\" src=\"https:\/\/serveiseducatius.xtec.cat\/baixllobregat8\/wp-content\/uploads\/usu777\/2019\/11\/actuacions.png\" alt=\"\" width=\"842\" height=\"353\" srcset=\"https:\/\/serveiseducatius.xtec.cat\/baixllobregat8\/wp-content\/uploads\/usu777\/2019\/11\/actuacions.png 842w, https:\/\/serveiseducatius.xtec.cat\/baixllobregat8\/wp-content\/uploads\/usu777\/2019\/11\/actuacions-300x126.png 300w, https:\/\/serveiseducatius.xtec.cat\/baixllobregat8\/wp-content\/uploads\/usu777\/2019\/11\/actuacions-768x322.png 768w\" sizes=\"auto, (max-width: 842px) 100vw, 842px\" \/><\/a><\/p>\n<p>Es va aprofitar l\u2019ocasi\u00f3 per a compartir amb tots els assistents els objectius prioritzats a partir de les valoracions recollides, els grups de discussi\u00f3 i DAFO elaborat, aix\u00ed com el nou organigrama del PEE 0-20, que guiar\u00e0 la direcci\u00f3 fins el curs 2022-23 per a promoure el treball i l\u2019aprenentatge en xarxa.<a href=\"https:\/\/serveiseducatius.xtec.cat\/baixllobregat8\/wp-content\/uploads\/usu777\/2019\/11\/estructura.png\"><img loading=\"lazy\" decoding=\"async\" class=\"alignnone size-full wp-image-5636\" src=\"https:\/\/serveiseducatius.xtec.cat\/baixllobregat8\/wp-content\/uploads\/usu777\/2019\/11\/estructura.png\" alt=\"\" width=\"963\" height=\"498\" srcset=\"https:\/\/serveiseducatius.xtec.cat\/baixllobregat8\/wp-content\/uploads\/usu777\/2019\/11\/estructura.png 963w, https:\/\/serveiseducatius.xtec.cat\/baixllobregat8\/wp-content\/uploads\/usu777\/2019\/11\/estructura-300x155.png 300w, https:\/\/serveiseducatius.xtec.cat\/baixllobregat8\/wp-content\/uploads\/usu777\/2019\/11\/estructura-768x397.png 768w\" sizes=\"auto, (max-width: 963px) 100vw, 963px\" \/><\/a><\/p>\n<p>Tot seguit, la t\u00e8cnica refent del PEE, Gloria Fabra, va presentar la proposta del Pla d\u2019actuacions del curs 2019-20 destacant-ne les novetats, entre les quals, \u00a0l\u2019orientador comunitari del <a href=\"https:\/\/serveiseducatius.xtec.cat\/baixllobregat8\/general\/servei-dorientacio-dambit-comunitari-soac\/\">SOAC<\/a>, Roger Batalla, va presentar els objectius prioritaris del Projecte d\u2019Orientaci\u00f3 d\u2019\u00c0mbit Comunitari que es treballaran en les diferents comissions per a consensuar i recollir aportacions dels diferents agents implicats.<a href=\"https:\/\/serveiseducatius.xtec.cat\/baixllobregat8\/wp-content\/uploads\/usu777\/2019\/11\/8970038.jpg\"><img loading=\"lazy\" decoding=\"async\" class=\"wp-image-5631 alignright\" src=\"https:\/\/serveiseducatius.xtec.cat\/baixllobregat8\/wp-content\/uploads\/usu777\/2019\/11\/8970038-576x1024.jpg\" alt=\"\" width=\"126\" height=\"224\" srcset=\"https:\/\/serveiseducatius.xtec.cat\/baixllobregat8\/wp-content\/uploads\/usu777\/2019\/11\/8970038-576x1024.jpg 576w, https:\/\/serveiseducatius.xtec.cat\/baixllobregat8\/wp-content\/uploads\/usu777\/2019\/11\/8970038-169x300.jpg 169w, https:\/\/serveiseducatius.xtec.cat\/baixllobregat8\/wp-content\/uploads\/usu777\/2019\/11\/8970038-768x1365.jpg 768w, https:\/\/serveiseducatius.xtec.cat\/baixllobregat8\/wp-content\/uploads\/usu777\/2019\/11\/8970038.jpg 1152w\" sizes=\"auto, (max-width: 126px) 100vw, 126px\" \/><\/a><\/p>\n<p>Es van presentar dues actuacions: <a href=\"https:\/\/serveiseducatius.xtec.cat\/baixllobregat8\/general\/projecte-artterapia-a-linstitut-del-joanot-martorell-curs-2017-2018\/\">artter\u00e0pia<\/a> i <a href=\"https:\/\/www.esplugues.cat\/noticias\/la-setmana-del-cor-a-esplugues-ens-recorda-la-importancia-dadquirir-habits-saludables-es\">Setmana del Cor<\/a>. El projecte d\u2019artter\u00e0pia que lidera la <strong>Marga Gasc\u00f3<\/strong> en els tres instituts en horari lectiu i la Setmana del cor que va presentar l\u2019<strong>Eva Herrera<\/strong> com a representant d\u2019una actuaci\u00f3 en xarxa, realitzada aquest any entre els agents de la nova comissi\u00f3 de salut i esport.<\/p>\n<p>Arribant al final, l\u2019alcaldessa va presentar la nova regidora d&#8217;educaci\u00f3 de l&#8217;Ajuntament, Montse P\u00e9rez, que va encoratjar tots i totes a participar en el projecte per a poder acompanyar i orientar a tots els infants i joves de 0 a 20 anys, aix\u00ed com a les fam\u00edlies, i va quedar aprovada la mem\u00f2ria i el pla d\u2019actuacions.<\/p>\n","protected":false},"excerpt":{"rendered":"<p>El 6 de novembre, al sal\u00f3 de Plens de l\u2019Ajuntament d\u2019Esplugues est\u00e0vem convocats els agents educatius del municipi a la Comissi\u00f3 Representativa Institucional de PEE anual presidida per l\u2019alcaldessa d\u2019Esplugues, Pilar D\u00edaz, i la directora adjunta de Serveis Territorials del Departament d\u2019Educaci\u00f3, Carme Ortonobes. L\u2019alcaldessa va donar la benvinguda a tots els assistents i va [&hellip;]<\/p>\n","protected":false},"author":6,"featured_media":5659,"comment_status":"open","ping_status":"closed","sticky":false,"template":"","format":"standard","meta":{"_bbp_topic_count":0,"_bbp_reply_count":0,"_bbp_total_topic_count":0,"_bbp_total_reply_count":0,"_bbp_voice_count":0,"_bbp_anonymous_reply_count":0,"_bbp_topic_count_hidden":0,"_bbp_reply_count_hidden":0,"_bbp_forum_subforum_count":0,"site-sidebar-layout":"default","site-content-layout":"","ast-site-content-layout":"","site-content-style":"default","site-sidebar-style":"default","ast-global-header-display":"","ast-banner-title-visibility":"","ast-main-header-display":"","ast-hfb-above-header-display":"","ast-hfb-below-header-display":"","ast-hfb-mobile-header-display":"","site-post-title":"","ast-breadcrumbs-content":"","ast-featured-img":"","footer-sml-layout":"","theme-transparent-header-meta":"","adv-header-id-meta":"","stick-header-meta":"","header-above-stick-meta":"","header-main-stick-meta":"","header-below-stick-meta":"","astra-migrate-meta-layouts":"default","ast-page-background-enabled":"default","ast-page-background-meta":{"desktop":{"background-color":"var(--ast-global-color-4)","background-image":"","background-repeat":"repeat","background-position":"center center","background-size":"auto","background-attachment":"scroll","background-type":"","background-media":"","overlay-type":"","overlay-color":"","overlay-opacity":"","overlay-gradient":""},"tablet":{"background-color":"","background-image":"","background-repeat":"repeat","background-position":"center center","background-size":"auto","background-attachment":"scroll","background-type":"","background-media":"","overlay-type":"","overlay-color":"","overlay-opacity":"","overlay-gradient":""},"mobile":{"background-color":"","background-image":"","background-repeat":"repeat","background-position":"center center","background-size":"auto","background-attachment":"scroll","background-type":"","background-media":"","overlay-type":"","overlay-color":"","overlay-opacity":"","overlay-gradient":""}},"ast-content-background-meta":{"desktop":{"background-color":"var(--ast-global-color-5)","background-image":"","background-repeat":"repeat","background-position":"center center","background-size":"auto","background-attachment":"scroll","background-type":"","background-media":"","overlay-type":"","overlay-color":"","overlay-opacity":"","overlay-gradient":""},"tablet":{"background-color":"var(--ast-global-color-5)","background-image":"","background-repeat":"repeat","background-position":"center center","background-size":"auto","background-attachment":"scroll","background-type":"","background-media":"","overlay-type":"","overlay-color":"","overlay-opacity":"","overlay-gradient":""},"mobile":{"background-color":"var(--ast-global-color-5)","background-image":"","background-repeat":"repeat","background-position":"center center","background-size":"auto","background-attachment":"scroll","background-type":"","background-media":"","overlay-type":"","overlay-color":"","overlay-opacity":"","overlay-gradient":""}},"footnotes":""},"categories":[64,68,1,75,29],"tags":[],"class_list":["post-5637","post","type-post","status-publish","format-standard","has-post-thumbnail","hentry","category-comunitat","category-elic","category-general","category-pee","category-portada"],"post_mailing_queue_ids":[],"_links":{"self":[{"href":"https:\/\/serveiseducatius.xtec.cat\/baixllobregat8\/wp-json\/wp\/v2\/posts\/5637","targetHints":{"allow":["GET"]}}],"collection":[{"href":"https:\/\/serveiseducatius.xtec.cat\/baixllobregat8\/wp-json\/wp\/v2\/posts"}],"about":[{"href":"https:\/\/serveiseducatius.xtec.cat\/baixllobregat8\/wp-json\/wp\/v2\/types\/post"}],"author":[{"embeddable":true,"href":"https:\/\/serveiseducatius.xtec.cat\/baixllobregat8\/wp-json\/wp\/v2\/users\/6"}],"replies":[{"embeddable":true,"href":"https:\/\/serveiseducatius.xtec.cat\/baixllobregat8\/wp-json\/wp\/v2\/comments?post=5637"}],"version-history":[{"count":3,"href":"https:\/\/serveiseducatius.xtec.cat\/baixllobregat8\/wp-json\/wp\/v2\/posts\/5637\/revisions"}],"predecessor-version":[{"id":5677,"href":"https:\/\/serveiseducatius.xtec.cat\/baixllobregat8\/wp-json\/wp\/v2\/posts\/5637\/revisions\/5677"}],"wp:featuredmedia":[{"embeddable":true,"href":"https:\/\/serveiseducatius.xtec.cat\/baixllobregat8\/wp-json\/wp\/v2\/media\/5659"}],"wp:attachment":[{"href":"https:\/\/serveiseducatius.xtec.cat\/baixllobregat8\/wp-json\/wp\/v2\/media?parent=5637"}],"wp:term":[{"taxonomy":"category","embeddable":true,"href":"https:\/\/serveiseducatius.xtec.cat\/baixllobregat8\/wp-json\/wp\/v2\/categories?post=5637"},{"taxonomy":"post_tag","embeddable":true,"href":"https:\/\/serveiseducatius.xtec.cat\/baixllobregat8\/wp-json\/wp\/v2\/tags?post=5637"}],"curies":[{"name":"wp","href":"https:\/\/api.w.org\/{rel}","templated":true}]}}