{"id":4052,"date":"2018-06-11T10:00:43","date_gmt":"2018-06-11T08:00:43","guid":{"rendered":"http:\/\/serveiseducatius.xtec.cat\/baixllobregat8\/?p=4052"},"modified":"2019-02-22T20:29:13","modified_gmt":"2019-02-22T19:29:13","slug":"descobrint-larquitectura-contemporania-a-partir-de-lescola-garbi-pere-verges","status":"publish","type":"post","link":"https:\/\/serveiseducatius.xtec.cat\/baixllobregat8\/general\/descobrint-larquitectura-contemporania-a-partir-de-lescola-garbi-pere-verges\/","title":{"rendered":"Descobrint l\u2019arquitectura contempor\u00e0nia a partir de l\u2019escola Garb\u00ed Pere Verg\u00e8s"},"content":{"rendered":"<p><a href=\"https:\/\/drive.google.com\/file\/d\/1ih8OLr8JXcIv4OAKpfRTSFRTC0no05Bx\/view?usp=sharing\" target=\"_blank\" rel=\"noopener noreferrer\"><img loading=\"lazy\" decoding=\"async\" class=\" wp-image-4055 alignleft\" src=\"http:\/\/serveiseducatius.xtec.cat\/baixllobregat8\/wp-content\/uploads\/usu777\/2018\/06\/apadrinem_garbi_2-300x179.png\" alt=\"\" width=\"452\" height=\"270\" srcset=\"https:\/\/serveiseducatius.xtec.cat\/baixllobregat8\/wp-content\/uploads\/usu777\/2018\/06\/apadrinem_garbi_2-300x179.png 300w, https:\/\/serveiseducatius.xtec.cat\/baixllobregat8\/wp-content\/uploads\/usu777\/2018\/06\/apadrinem_garbi_2.png 701w\" sizes=\"auto, (max-width: 452px) 100vw, 452px\" \/><\/a>Dins del marc del<strong>\u00a0<a href=\"http:\/\/xtec.gencat.cat\/ca\/projectes\/apadrinemnostrepatrimoni\/\" target=\"_blank\" rel=\"noopener noreferrer\">Projecte Apadrinem del nostre Patrimoni<\/a>,<\/strong>\u00a0del Departament d&#8217;Ensenyament, l&#8217;<strong><a href=\"http:\/\/www.escolesgarbi.cat\/esplugues\/\" target=\"_blank\" rel=\"noopener noreferrer\">escola Garb\u00ed. Pere Verg\u00e9s<\/a>\u00a0<\/strong>(Esplugues de Llobregat)\u00a0ha desenvolupat el seu projecte en relaci\u00f3 als <a href=\"https:\/\/docs.google.com\/document\/d\/1rwapN2x7IWxzc-3Ta46hYGiOGmW5QjIX6s6LRrFc4qo\/edit\" target=\"_blank\" rel=\"noopener noreferrer\"><strong>Edificis de l&#8217;escola,\u00a0<\/strong><\/a>des del curs 2014-2015.<\/p>\n<p>Amb l&#8217;objectiu d&#8217;obrir el projecte a la comunitat educativa de la localitat, el 6 de juny els nois i les noies de 6\u00e8 de prim\u00e0ria de l&#8217;escola Garb\u00ed. Pere Verg\u00e9s van acompanyar<span style=\"font-family: Arial, serif;\">\u00a0als companys i companyes de 6\u00e8 de prim\u00e0ria \u00a0de l<a href=\"http:\/\/agora.xtec.cat\/ceip-lola-anglada-esplugues\/\" target=\"_blank\" rel=\"noopener noreferrer\">&#8216;<strong>escola Lola Anglada<\/strong><\/a><strong><a href=\"http:\/\/www.escolesgarbi.cat\/esplugues\/\" target=\"_blank\" rel=\"noopener noreferrer\">\u00a0<\/a><\/strong>d&#8217;Esplugues de Llobregat en el descobriment dels elements de l&#8217;arquitectura contempor\u00e0nia en els edificis de l&#8217;escola, d&#8217;una manera l\u00fadica i engrescadora. Els van e<\/span>nsenyar la seva ubicaci\u00f3, l\u2019etapa arquitect\u00f2nica a la qual pertany, els diferents espais i van concloure amb una activitat de treball compartit entre l&#8217;alumnat de les dues escoles.<\/p>\n<p>Podeu seguir l&#8217;activitat en imatges<a href=\"https:\/\/drive.google.com\/drive\/folders\/1mapCLE2NHDR3dPV110SvH9o_KTlAmOf4?usp=sharing\" target=\"_blank\" rel=\"noopener noreferrer\">\u00a0<\/a><strong><a href=\"https:\/\/drive.google.com\/drive\/folders\/1uwtt3ekENd7Ve9a4qO7frMlf4kjKf6hi?usp=sharing\" target=\"_blank\" rel=\"noopener noreferrer\">aqu\u00ed<\/a>.<\/strong><\/p>\n","protected":false},"excerpt":{"rendered":"<p>Dins del marc del\u00a0Projecte Apadrinem del nostre Patrimoni,\u00a0del Departament d&#8217;Ensenyament, l&#8217;escola Garb\u00ed. Pere Verg\u00e9s\u00a0(Esplugues de Llobregat)\u00a0ha desenvolupat el seu projecte en relaci\u00f3 als Edificis de l&#8217;escola,\u00a0des del curs 2014-2015. Amb l&#8217;objectiu d&#8217;obrir el projecte a la comunitat educativa de la localitat, el 6 de juny els nois i les noies de 6\u00e8 de prim\u00e0ria de [&hellip;]<\/p>\n","protected":false},"author":1,"featured_media":0,"comment_status":"open","ping_status":"closed","sticky":false,"template":"","format":"standard","meta":{"_bbp_topic_count":0,"_bbp_reply_count":0,"_bbp_total_topic_count":0,"_bbp_total_reply_count":0,"_bbp_voice_count":0,"_bbp_anonymous_reply_count":0,"_bbp_topic_count_hidden":0,"_bbp_reply_count_hidden":0,"_bbp_forum_subforum_count":0,"site-sidebar-layout":"default","site-content-layout":"","ast-site-content-layout":"","site-content-style":"default","site-sidebar-style":"default","ast-global-header-display":"","ast-banner-title-visibility":"","ast-main-header-display":"","ast-hfb-above-header-display":"","ast-hfb-below-header-display":"","ast-hfb-mobile-header-display":"","site-post-title":"","ast-breadcrumbs-content":"","ast-featured-img":"","footer-sml-layout":"","theme-transparent-header-meta":"","adv-header-id-meta":"","stick-header-meta":"","header-above-stick-meta":"","header-main-stick-meta":"","header-below-stick-meta":"","astra-migrate-meta-layouts":"default","ast-page-background-enabled":"default","ast-page-background-meta":{"desktop":{"background-color":"var(--ast-global-color-4)","background-image":"","background-repeat":"repeat","background-position":"center center","background-size":"auto","background-attachment":"scroll","background-type":"","background-media":"","overlay-type":"","overlay-color":"","overlay-opacity":"","overlay-gradient":""},"tablet":{"background-color":"","background-image":"","background-repeat":"repeat","background-position":"center center","background-size":"auto","background-attachment":"scroll","background-type":"","background-media":"","overlay-type":"","overlay-color":"","overlay-opacity":"","overlay-gradient":""},"mobile":{"background-color":"","background-image":"","background-repeat":"repeat","background-position":"center center","background-size":"auto","background-attachment":"scroll","background-type":"","background-media":"","overlay-type":"","overlay-color":"","overlay-opacity":"","overlay-gradient":""}},"ast-content-background-meta":{"desktop":{"background-color":"var(--ast-global-color-5)","background-image":"","background-repeat":"repeat","background-position":"center center","background-size":"auto","background-attachment":"scroll","background-type":"","background-media":"","overlay-type":"","overlay-color":"","overlay-opacity":"","overlay-gradient":""},"tablet":{"background-color":"var(--ast-global-color-5)","background-image":"","background-repeat":"repeat","background-position":"center center","background-size":"auto","background-attachment":"scroll","background-type":"","background-media":"","overlay-type":"","overlay-color":"","overlay-opacity":"","overlay-gradient":""},"mobile":{"background-color":"var(--ast-global-color-5)","background-image":"","background-repeat":"repeat","background-position":"center center","background-size":"auto","background-attachment":"scroll","background-type":"","background-media":"","overlay-type":"","overlay-color":"","overlay-opacity":"","overlay-gradient":""}},"footnotes":""},"categories":[79,65,1,29],"tags":[],"class_list":["post-4052","post","type-post","status-publish","format-standard","hentry","category-apadriem-el-nostre-patrimoni","category-crp","category-general","category-portada"],"post_mailing_queue_ids":[],"_links":{"self":[{"href":"https:\/\/serveiseducatius.xtec.cat\/baixllobregat8\/wp-json\/wp\/v2\/posts\/4052","targetHints":{"allow":["GET"]}}],"collection":[{"href":"https:\/\/serveiseducatius.xtec.cat\/baixllobregat8\/wp-json\/wp\/v2\/posts"}],"about":[{"href":"https:\/\/serveiseducatius.xtec.cat\/baixllobregat8\/wp-json\/wp\/v2\/types\/post"}],"author":[{"embeddable":true,"href":"https:\/\/serveiseducatius.xtec.cat\/baixllobregat8\/wp-json\/wp\/v2\/users\/1"}],"replies":[{"embeddable":true,"href":"https:\/\/serveiseducatius.xtec.cat\/baixllobregat8\/wp-json\/wp\/v2\/comments?post=4052"}],"version-history":[{"count":3,"href":"https:\/\/serveiseducatius.xtec.cat\/baixllobregat8\/wp-json\/wp\/v2\/posts\/4052\/revisions"}],"predecessor-version":[{"id":4058,"href":"https:\/\/serveiseducatius.xtec.cat\/baixllobregat8\/wp-json\/wp\/v2\/posts\/4052\/revisions\/4058"}],"wp:attachment":[{"href":"https:\/\/serveiseducatius.xtec.cat\/baixllobregat8\/wp-json\/wp\/v2\/media?parent=4052"}],"wp:term":[{"taxonomy":"category","embeddable":true,"href":"https:\/\/serveiseducatius.xtec.cat\/baixllobregat8\/wp-json\/wp\/v2\/categories?post=4052"},{"taxonomy":"post_tag","embeddable":true,"href":"https:\/\/serveiseducatius.xtec.cat\/baixllobregat8\/wp-json\/wp\/v2\/tags?post=4052"}],"curies":[{"name":"wp","href":"https:\/\/api.w.org\/{rel}","templated":true}]}}