{"id":3025,"date":"2017-05-15T13:00:44","date_gmt":"2017-05-15T11:00:44","guid":{"rendered":"http:\/\/serveiseducatius.xtec.cat\/baixllobregat8\/?p=3025"},"modified":"2019-02-22T20:33:04","modified_gmt":"2019-02-22T19:33:04","slug":"la-historia-sense-subjecte-i-apadrinem-la-nosta-escola","status":"publish","type":"post","link":"https:\/\/serveiseducatius.xtec.cat\/baixllobregat8\/portada\/la-historia-sense-subjecte-i-apadrinem-la-nosta-escola\/","title":{"rendered":"Presentaci\u00f3 de projectes a l&#8217;Escola Garb\u00ed. Pere Verg\u00e9s d&#8217;Esplugues"},"content":{"rendered":"<blockquote>\n<p class=\"m_311752148634220116Cos\"><span lang=\"ES-TRAD\">El dijous 11 de maig de 2017 a les 17 h, es van presentar simult\u00e0niament el treball realitzat al voltant de dos projectes de l&#8217;escola <a href=\"http:\/\/www.escolesgarbi.cat\/esplugues\/\" target=\"_blank\" rel=\"noopener\"><strong>Garb\u00ed. Pere Verg\u00e9s d&#8217;Esplugues<\/strong><\/a>:<\/span><\/p>\n<p class=\"m_311752148634220116Cos\"><span lang=\"ES-TRAD\"><strong>Projecte art\u00edstic de Batxillerat<\/strong>: <\/span><span lang=\"ES-TRAD\">inauguraci\u00f3 de l<strong>&#8216;<\/strong><\/span><strong><a href=\"http:\/\/www.escolesgarbi.cat\/esplugues\/?s=apadrinem\" target=\"_blank\" rel=\"noopener\"><span lang=\"ES-TRAD\">Exposici\u00f3 <\/span><span lang=\"DA\">del Batxillerat art<\/span><span lang=\"NL\">\u00ed<\/span><\/a><\/strong><span lang=\"FR\"><strong>stic<\/strong> &#8220;<strong><a href=\"https:\/\/lahistoriasensesubjecte.wordpress.com\/\" target=\"_blank\" rel=\"noopener\">La hist\u00f2ria sense subjecte<\/a>&#8220;,\u00a0<\/strong><span lang=\"ES-TRAD\">en col<\/span><span lang=\"NL\">\u00b7laboraci<\/span><span lang=\"ES-TRAD\">\u00f3 amb el <\/span><span lang=\"NL\">s<\/span><span lang=\"IT\">eminari de<\/span><span lang=\"NL\"> Ci\u00e8ncies Socials de l\u2019e<\/span><span lang=\"ES-TRAD\">scola<\/span>.\u00a0<\/span><span lang=\"IT\">Al voltant del concepte d<\/span><span lang=\"NL\">\u2019<\/span><span lang=\"ES\">hist<\/span><span lang=\"IT\">\u00f2ria i dels subjectes que la protagonitzen i l<\/span><span lang=\"NL\">\u2019<\/span><span lang=\"ES-TRAD\">escriuen, ens\u00a0pregunten si <\/span><span lang=\"NL\">\u00e9<\/span><span lang=\"IT\">s possible una hist\u00f2<\/span><span lang=\"PT\">ria compartida per tothom. I, fins i tot, si existeix el subjecte com a tal. L<span lang=\"NL\">\u2019<\/span><span lang=\"ES-TRAD\">exposici\u00f3 es presenta com u<\/span><span lang=\"ES-TRAD\">na fase del projecte i es complementa amb un <a href=\"https:\/\/lahistoriasensesubjecte.wordpress.com\/\" target=\"_blank\" rel=\"noopener\"><strong>mur virtual<\/strong> <\/a>en qu<\/span><span lang=\"IT\">\u00e8 es podr\u00e0 fer el seu seguiment.<\/span><\/span><\/p>\n<p class=\"m_311752148634220116Cos\" style=\"text-align: center;\"><span lang=\"PT\"><strong><a href=\"http:\/\/serveiseducatius.xtec.cat\/baixllobregat8\/wp-content\/uploads\/usu777\/2017\/05\/garb\u00ed_exposicio.jpg\"><img loading=\"lazy\" decoding=\"async\" class=\"alignnone size-medium wp-image-3026\" src=\"http:\/\/serveiseducatius.xtec.cat\/baixllobregat8\/wp-content\/uploads\/usu777\/2017\/05\/garb\u00ed_exposicio-300x191.jpg\" alt=\"garb\u00ed_exposicio\" width=\"300\" height=\"191\" srcset=\"https:\/\/serveiseducatius.xtec.cat\/baixllobregat8\/wp-content\/uploads\/usu777\/2017\/05\/garb\u00ed_exposicio-300x191.jpg 300w, https:\/\/serveiseducatius.xtec.cat\/baixllobregat8\/wp-content\/uploads\/usu777\/2017\/05\/garb\u00ed_exposicio-768x489.jpg 768w, https:\/\/serveiseducatius.xtec.cat\/baixllobregat8\/wp-content\/uploads\/usu777\/2017\/05\/garb\u00ed_exposicio.jpg 792w\" sizes=\"auto, (max-width: 300px) 100vw, 300px\" \/><\/a>\u00a0<\/strong><\/span><\/p>\n<p class=\"m_311752148634220116Cos\"><span lang=\"PT\"><strong>Projecte Apadrinem el nostre patrimoni:<\/strong>\u00a0en el seu tercer any del projecte, l&#8217;escola presenta l<strong>&#8216;<a href=\"https:\/\/lahistoriasensesubjecte.wordpress.com\/2017\/04\/25\/els-nostres-edificis\/\" target=\"_blank\" rel=\"noopener\">itinerari <\/a><\/strong>de coneixement dels espais i edificis (la biblioteca, l&#8217;interior del Cub, les aules de l&#8217;escola, l&#8217;hort, l&#8217;exterior de l&#8217;edifici el Cub i el menjador) a trav\u00e9s d&#8217;un visita vitual amb audioguia realitzada amb codis QR. Podeu con\u00e8ixer\u00a0el projecte al detall al bloc <strong><a href=\"http:\/\/apadrinaedifici.blogspot.com.es\/2017\/04\/agora-del-cub.html\" target=\"_blank\" rel=\"noopener\">Apadrinem els nostres edificis<\/a>.<\/strong><\/span><\/p>\n<p class=\"m_311752148634220116Cos\" style=\"text-align: center;\"><a href=\"http:\/\/serveiseducatius.xtec.cat\/baixllobregat8\/wp-content\/uploads\/usu777\/2017\/05\/garbi_apadrinem.jpg\"><img loading=\"lazy\" decoding=\"async\" class=\"alignnone size-medium wp-image-3027\" src=\"http:\/\/serveiseducatius.xtec.cat\/baixllobregat8\/wp-content\/uploads\/usu777\/2017\/05\/garbi_apadrinem-300x100.jpg\" alt=\"garbi_apadrinem\" width=\"300\" height=\"100\" srcset=\"https:\/\/serveiseducatius.xtec.cat\/baixllobregat8\/wp-content\/uploads\/usu777\/2017\/05\/garbi_apadrinem-300x100.jpg 300w, https:\/\/serveiseducatius.xtec.cat\/baixllobregat8\/wp-content\/uploads\/usu777\/2017\/05\/garbi_apadrinem-768x257.jpg 768w, https:\/\/serveiseducatius.xtec.cat\/baixllobregat8\/wp-content\/uploads\/usu777\/2017\/05\/garbi_apadrinem-1024x343.jpg 1024w, https:\/\/serveiseducatius.xtec.cat\/baixllobregat8\/wp-content\/uploads\/usu777\/2017\/05\/garbi_apadrinem.jpg 1076w\" sizes=\"auto, (max-width: 300px) 100vw, 300px\" \/><\/a><\/p>\n<p class=\"m_311752148634220116Cos\">\n<\/blockquote>\n","protected":false},"excerpt":{"rendered":"<p>El dijous 11 de maig de 2017 a les 17 h, es van presentar simult\u00e0niament el treball realitzat al voltant de dos projectes de l&#8217;escola Garb\u00ed. Pere Verg\u00e9s d&#8217;Esplugues: Projecte art\u00edstic de Batxillerat: inauguraci\u00f3 de l&#8216;Exposici\u00f3 del Batxillerat art\u00edstic &#8220;La hist\u00f2ria sense subjecte&#8220;,\u00a0en col\u00b7laboraci\u00f3 amb el seminari de Ci\u00e8ncies Socials de l\u2019escola.\u00a0Al voltant del concepte [&hellip;]<\/p>\n","protected":false},"author":1,"featured_media":3027,"comment_status":"open","ping_status":"closed","sticky":false,"template":"","format":"standard","meta":{"_bbp_topic_count":0,"_bbp_reply_count":0,"_bbp_total_topic_count":0,"_bbp_total_reply_count":0,"_bbp_voice_count":0,"_bbp_anonymous_reply_count":0,"_bbp_topic_count_hidden":0,"_bbp_reply_count_hidden":0,"_bbp_forum_subforum_count":0,"site-sidebar-layout":"default","site-content-layout":"","ast-site-content-layout":"","site-content-style":"default","site-sidebar-style":"default","ast-global-header-display":"","ast-banner-title-visibility":"","ast-main-header-display":"","ast-hfb-above-header-display":"","ast-hfb-below-header-display":"","ast-hfb-mobile-header-display":"","site-post-title":"","ast-breadcrumbs-content":"","ast-featured-img":"","footer-sml-layout":"","theme-transparent-header-meta":"","adv-header-id-meta":"","stick-header-meta":"","header-above-stick-meta":"","header-main-stick-meta":"","header-below-stick-meta":"","astra-migrate-meta-layouts":"default","ast-page-background-enabled":"default","ast-page-background-meta":{"desktop":{"background-color":"var(--ast-global-color-4)","background-image":"","background-repeat":"repeat","background-position":"center center","background-size":"auto","background-attachment":"scroll","background-type":"","background-media":"","overlay-type":"","overlay-color":"","overlay-opacity":"","overlay-gradient":""},"tablet":{"background-color":"","background-image":"","background-repeat":"repeat","background-position":"center center","background-size":"auto","background-attachment":"scroll","background-type":"","background-media":"","overlay-type":"","overlay-color":"","overlay-opacity":"","overlay-gradient":""},"mobile":{"background-color":"","background-image":"","background-repeat":"repeat","background-position":"center center","background-size":"auto","background-attachment":"scroll","background-type":"","background-media":"","overlay-type":"","overlay-color":"","overlay-opacity":"","overlay-gradient":""}},"ast-content-background-meta":{"desktop":{"background-color":"var(--ast-global-color-5)","background-image":"","background-repeat":"repeat","background-position":"center center","background-size":"auto","background-attachment":"scroll","background-type":"","background-media":"","overlay-type":"","overlay-color":"","overlay-opacity":"","overlay-gradient":""},"tablet":{"background-color":"var(--ast-global-color-5)","background-image":"","background-repeat":"repeat","background-position":"center center","background-size":"auto","background-attachment":"scroll","background-type":"","background-media":"","overlay-type":"","overlay-color":"","overlay-opacity":"","overlay-gradient":""},"mobile":{"background-color":"var(--ast-global-color-5)","background-image":"","background-repeat":"repeat","background-position":"center center","background-size":"auto","background-attachment":"scroll","background-type":"","background-media":"","overlay-type":"","overlay-color":"","overlay-opacity":"","overlay-gradient":""}},"footnotes":""},"categories":[79,65,29],"tags":[],"class_list":["post-3025","post","type-post","status-publish","format-standard","has-post-thumbnail","hentry","category-apadriem-el-nostre-patrimoni","category-crp","category-portada"],"post_mailing_queue_ids":[],"_links":{"self":[{"href":"https:\/\/serveiseducatius.xtec.cat\/baixllobregat8\/wp-json\/wp\/v2\/posts\/3025","targetHints":{"allow":["GET"]}}],"collection":[{"href":"https:\/\/serveiseducatius.xtec.cat\/baixllobregat8\/wp-json\/wp\/v2\/posts"}],"about":[{"href":"https:\/\/serveiseducatius.xtec.cat\/baixllobregat8\/wp-json\/wp\/v2\/types\/post"}],"author":[{"embeddable":true,"href":"https:\/\/serveiseducatius.xtec.cat\/baixllobregat8\/wp-json\/wp\/v2\/users\/1"}],"replies":[{"embeddable":true,"href":"https:\/\/serveiseducatius.xtec.cat\/baixllobregat8\/wp-json\/wp\/v2\/comments?post=3025"}],"version-history":[{"count":3,"href":"https:\/\/serveiseducatius.xtec.cat\/baixllobregat8\/wp-json\/wp\/v2\/posts\/3025\/revisions"}],"predecessor-version":[{"id":4588,"href":"https:\/\/serveiseducatius.xtec.cat\/baixllobregat8\/wp-json\/wp\/v2\/posts\/3025\/revisions\/4588"}],"wp:featuredmedia":[{"embeddable":true,"href":"https:\/\/serveiseducatius.xtec.cat\/baixllobregat8\/wp-json\/wp\/v2\/media\/3027"}],"wp:attachment":[{"href":"https:\/\/serveiseducatius.xtec.cat\/baixllobregat8\/wp-json\/wp\/v2\/media?parent=3025"}],"wp:term":[{"taxonomy":"category","embeddable":true,"href":"https:\/\/serveiseducatius.xtec.cat\/baixllobregat8\/wp-json\/wp\/v2\/categories?post=3025"},{"taxonomy":"post_tag","embeddable":true,"href":"https:\/\/serveiseducatius.xtec.cat\/baixllobregat8\/wp-json\/wp\/v2\/tags?post=3025"}],"curies":[{"name":"wp","href":"https:\/\/api.w.org\/{rel}","templated":true}]}}