{"id":1530,"date":"2016-05-19T14:07:49","date_gmt":"2016-05-19T13:07:49","guid":{"rendered":"http:\/\/serveiseducatius.xtec.cat\/baixllobregat8\/?p=1530"},"modified":"2019-02-22T21:08:52","modified_gmt":"2019-02-22T20:08:52","slug":"premi-escola-agricultura-i-alimentacio-ecologica-2016","status":"publish","type":"post","link":"https:\/\/serveiseducatius.xtec.cat\/baixllobregat8\/portada\/premi-escola-agricultura-i-alimentacio-ecologica-2016\/","title":{"rendered":"Premi Escola, Agricultura i Alimentaci\u00f3 Ecol\u00f2gica 2016"},"content":{"rendered":"<p><img loading=\"lazy\" decoding=\"async\" class=\" aligncenter\" title=\"\" src=\"http:\/\/www.mamaterra.info\/uploads\/imatges_noticias\/316475171662123e92161881cd236841.jpg\" alt=\"\" width=\"448\" height=\"336\" \/><\/p>\n<p>Un any m\u00e9s, l&#8217;<strong>Associaci\u00f3 Vida Sana<\/strong> i\u00a0la <strong>Generalitat de Catalunya<\/strong>a trav\u00e9s del Departament d\u2019Agricultura, Ramaderia, Pesca, Alimentaci\u00f3 i Medi Natural, el Departament d\u2019Ensenyament i el Departament de Territori i Sostenibilitat, en col\u00b7laboraci\u00f3 amb la <strong>Xarxa d&#8217;Escoles per a la Sostenibilitat de Catalunya (XESC)<\/strong> i l&#8217;<strong>editorial Gra\u00f3<\/strong> impulsen una nova convocat\u00f2ria del <strong>premi Escola, Agricultura i Alimentaci\u00f3 Ecol\u00f2gica<\/strong>.\u00a0Aquest premi reconeix el treball en relaci\u00f3 a l&#8217;hort i l&#8217;alimentaci\u00f3 ecol\u00f2gica dels centres educatius i vol ser una oportunitat per a fomentar la integraci\u00f3 d&#8217;aquests elements com a recursos educatius que complementin el desenvolupament de les compet\u00e8ncies curriculars.<\/p>\n<p><strong><a href=\"https:\/\/docs.google.com\/a\/xtec.cat\/forms\/d\/1sGpW3SzAaElvh3dqV0UcXIj3grULSVS9kkU16bRipUE\/viewform\" target=\"_blank\" rel=\"noopener\">Formulari d&#8217;inscripci\u00f3<\/a>.\u00a0<\/strong>El per\u00edode de presentaci\u00f3 de projectes est\u00e0 obert fins al <strong>31 de maig.\u00a0<\/strong><\/p>\n<p style=\"text-align: center;\"><strong><a href=\"http:\/\/www.mamaterra.info\/ca\/bases.html\" target=\"_blank\" rel=\"noopener\">Bases de la convocatr\u00f2ria<\/a><\/strong><\/p>\n","protected":false},"excerpt":{"rendered":"<p>Inscripcions dins al 31 demaig<\/p>\n","protected":false},"author":1,"featured_media":1532,"comment_status":"open","ping_status":"closed","sticky":false,"template":"","format":"standard","meta":{"_bbp_topic_count":0,"_bbp_reply_count":0,"_bbp_total_topic_count":0,"_bbp_total_reply_count":0,"_bbp_voice_count":0,"_bbp_anonymous_reply_count":0,"_bbp_topic_count_hidden":0,"_bbp_reply_count_hidden":0,"_bbp_forum_subforum_count":0,"site-sidebar-layout":"default","site-content-layout":"","ast-site-content-layout":"","site-content-style":"default","site-sidebar-style":"default","ast-global-header-display":"","ast-banner-title-visibility":"","ast-main-header-display":"","ast-hfb-above-header-display":"","ast-hfb-below-header-display":"","ast-hfb-mobile-header-display":"","site-post-title":"","ast-breadcrumbs-content":"","ast-featured-img":"","footer-sml-layout":"","theme-transparent-header-meta":"","adv-header-id-meta":"","stick-header-meta":"","header-above-stick-meta":"","header-main-stick-meta":"","header-below-stick-meta":"","astra-migrate-meta-layouts":"default","ast-page-background-enabled":"default","ast-page-background-meta":{"desktop":{"background-color":"var(--ast-global-color-4)","background-image":"","background-repeat":"repeat","background-position":"center center","background-size":"auto","background-attachment":"scroll","background-type":"","background-media":"","overlay-type":"","overlay-color":"","overlay-opacity":"","overlay-gradient":""},"tablet":{"background-color":"","background-image":"","background-repeat":"repeat","background-position":"center center","background-size":"auto","background-attachment":"scroll","background-type":"","background-media":"","overlay-type":"","overlay-color":"","overlay-opacity":"","overlay-gradient":""},"mobile":{"background-color":"","background-image":"","background-repeat":"repeat","background-position":"center center","background-size":"auto","background-attachment":"scroll","background-type":"","background-media":"","overlay-type":"","overlay-color":"","overlay-opacity":"","overlay-gradient":""}},"ast-content-background-meta":{"desktop":{"background-color":"var(--ast-global-color-5)","background-image":"","background-repeat":"repeat","background-position":"center center","background-size":"auto","background-attachment":"scroll","background-type":"","background-media":"","overlay-type":"","overlay-color":"","overlay-opacity":"","overlay-gradient":""},"tablet":{"background-color":"var(--ast-global-color-5)","background-image":"","background-repeat":"repeat","background-position":"center center","background-size":"auto","background-attachment":"scroll","background-type":"","background-media":"","overlay-type":"","overlay-color":"","overlay-opacity":"","overlay-gradient":""},"mobile":{"background-color":"var(--ast-global-color-5)","background-image":"","background-repeat":"repeat","background-position":"center center","background-size":"auto","background-attachment":"scroll","background-type":"","background-media":"","overlay-type":"","overlay-color":"","overlay-opacity":"","overlay-gradient":""}},"footnotes":""},"categories":[65,153,29],"tags":[],"class_list":["post-1530","post","type-post","status-publish","format-standard","has-post-thumbnail","hentry","category-crp","category-escoles-verdes","category-portada"],"post_mailing_queue_ids":[],"_links":{"self":[{"href":"https:\/\/serveiseducatius.xtec.cat\/baixllobregat8\/wp-json\/wp\/v2\/posts\/1530","targetHints":{"allow":["GET"]}}],"collection":[{"href":"https:\/\/serveiseducatius.xtec.cat\/baixllobregat8\/wp-json\/wp\/v2\/posts"}],"about":[{"href":"https:\/\/serveiseducatius.xtec.cat\/baixllobregat8\/wp-json\/wp\/v2\/types\/post"}],"author":[{"embeddable":true,"href":"https:\/\/serveiseducatius.xtec.cat\/baixllobregat8\/wp-json\/wp\/v2\/users\/1"}],"replies":[{"embeddable":true,"href":"https:\/\/serveiseducatius.xtec.cat\/baixllobregat8\/wp-json\/wp\/v2\/comments?post=1530"}],"version-history":[{"count":3,"href":"https:\/\/serveiseducatius.xtec.cat\/baixllobregat8\/wp-json\/wp\/v2\/posts\/1530\/revisions"}],"predecessor-version":[{"id":4634,"href":"https:\/\/serveiseducatius.xtec.cat\/baixllobregat8\/wp-json\/wp\/v2\/posts\/1530\/revisions\/4634"}],"wp:featuredmedia":[{"embeddable":true,"href":"https:\/\/serveiseducatius.xtec.cat\/baixllobregat8\/wp-json\/wp\/v2\/media\/1532"}],"wp:attachment":[{"href":"https:\/\/serveiseducatius.xtec.cat\/baixllobregat8\/wp-json\/wp\/v2\/media?parent=1530"}],"wp:term":[{"taxonomy":"category","embeddable":true,"href":"https:\/\/serveiseducatius.xtec.cat\/baixllobregat8\/wp-json\/wp\/v2\/categories?post=1530"},{"taxonomy":"post_tag","embeddable":true,"href":"https:\/\/serveiseducatius.xtec.cat\/baixllobregat8\/wp-json\/wp\/v2\/tags?post=1530"}],"curies":[{"name":"wp","href":"https:\/\/api.w.org\/{rel}","templated":true}]}}