{"id":1379,"date":"2016-04-06T12:12:34","date_gmt":"2016-04-06T11:12:34","guid":{"rendered":"http:\/\/serveiseducatius.xtec.cat\/baixllobregat8\/?p=1379"},"modified":"2019-02-22T21:24:10","modified_gmt":"2019-02-22T20:24:10","slug":"xii-certamen-nacional-infantil-i-juvenil-de-lectura-en-veu-alta","status":"publish","type":"post","link":"https:\/\/serveiseducatius.xtec.cat\/baixllobregat8\/portada\/xii-certamen-nacional-infantil-i-juvenil-de-lectura-en-veu-alta\/","title":{"rendered":"XII Certamen Nacional Infantil i Juvenil de Lectura en Veu Alta"},"content":{"rendered":"<p><img loading=\"lazy\" decoding=\"async\" class=\"\" title=\"\" src=\"http:\/\/www.lecturaenveualta.cat\/wp-content\/uploads\/imatge-web-baixa.jpg\" alt=\"\" width=\"111\" height=\"111\" \/><img loading=\"lazy\" decoding=\"async\" class=\"\" title=\"\" src=\"http:\/\/crpvalltenes.files.wordpress.com\/2014\/01\/ensenyament_h3.gif\" alt=\"\" width=\"267\" height=\"89\" \/><\/p>\n<p>El proper <strong>dimecres 12 d\u2019abril a\u00a0<a href=\"http:\/\/agora.xtec.cat\/iesblume\/intranet\/index.php?module=pagines&amp;func=display&amp;pageid=3&amp;lang=ca\" target=\"_blank\" rel=\"noopener\">l\u2019institut\u00a0Joaquim Blume<\/a> , a les 10.30 h,\u00a0<\/strong>es celebraran els\u00a0<strong>Quarts de Final<\/strong> de l\u2019edici\u00f3 del 2016 del <a href=\"http:\/\/www.lecturaenveualta.cat\/\" target=\"_blank\" rel=\"noopener\"><strong>Certamen de Lectura en Veu Alta<\/strong> <\/a>de les zones de\u00a0<strong>Cornell\u00e0, Sant Feliu, Esplugues i Sant Just Desvern.<\/strong> Aquest edici\u00f3 hi participen un total de 35 categories d\u2019alumnes d\u2019un total de 17 centres educatius. Enhorabona a tots els centres participants i als lectors en particular per la seva participaci\u00f3.<\/p>\n<p><strong>Destaquem la participaci\u00f3 de les escoles d\u2019Esplugues i Sant Just<\/strong>: Escola Prat de la Riba, Escola Can Vidalet, Escola Lola Anglada, Escola Isidre Mart\u00ed, Escola Montserrat, Escola Utmar, Escola Canig\u00f3, Institut Sant Just, Institut Severo Ochoa i Escola Garb\u00ed.<\/p>\n<p><strong>Enhorabona a tots els participants<\/strong> en aquesta fase de Quarts de Final i <strong>felicitats als lectors que passen a la fase de Semifinal,\u00a0<\/strong>que es realitzar\u00e0 a <strong>l\u2019Institut Blume d\u2019Esplugues de Llobregat el dia 19 d\u2019abril.<\/strong><\/p>\n<table>\n<tbody>\n<tr>\n<td>\n<h5><strong>Laia Marquiegui<\/strong><\/h5>\n<\/td>\n<td>\n<h5><strong>Escola Canig\u00f3 (Esplugues de Llobregat)<\/strong><\/h5>\n<\/td>\n<td>\n<h5><strong>Grumets vermells<\/strong><\/h5>\n<\/td>\n<\/tr>\n<tr>\n<td>\n<h5><strong>Abril Estrad\u00e9<\/strong><\/h5>\n<\/td>\n<td>\n<h5><strong>Escola Montserrat\u00a0 (Sant Just Desvern)<\/strong><\/h5>\n<\/td>\n<td>\n<h5><strong>Grumets verds<\/strong><\/h5>\n<\/td>\n<\/tr>\n<tr>\n<td>\n<h5><strong>Adri\u00e0 Grau<\/strong><\/h5>\n<\/td>\n<td>\n<h5><strong>Escola Garb\u00ed. Pere Verg\u00e9s\u00a0(Esplugues de Llobregat)<\/strong><\/h5>\n<\/td>\n<td>\n<h5><strong>Corsaris<\/strong><\/h5>\n<\/td>\n<\/tr>\n<tr>\n<td>\n<h5><strong>Laia Vidal, Mireia Arguijo i Marina Mainar<\/strong><\/h5>\n<\/td>\n<td>\n<h5><strong>Escola Garb\u00ed. Pere Verg\u00e9s\u00a0(Esplugues de Llobregat)<\/strong><\/h5>\n<\/td>\n<td>\n<h5><strong>Tropa Corsaris<\/strong><\/h5>\n<\/td>\n<\/tr>\n<\/tbody>\n<\/table>\n<p>&nbsp;<\/p>\n","protected":false},"excerpt":{"rendered":"<p>El proper dimecres 12 d\u2019abril a l\u2019institut Joaquim Blume , a les 10.30 h, es celebraran elsQuarts de Final de l\u2019edici\u00f3 del 2016 del Certamen de Lectura en Veu Alta de les zones de Cornell\u00e0, Sant Feliu, Esplugues i Sant Just Desvern.<\/p>\n","protected":false},"author":1,"featured_media":1380,"comment_status":"open","ping_status":"closed","sticky":false,"template":"","format":"standard","meta":{"_bbp_topic_count":0,"_bbp_reply_count":0,"_bbp_total_topic_count":0,"_bbp_total_reply_count":0,"_bbp_voice_count":0,"_bbp_anonymous_reply_count":0,"_bbp_topic_count_hidden":0,"_bbp_reply_count_hidden":0,"_bbp_forum_subforum_count":0,"site-sidebar-layout":"default","site-content-layout":"","ast-site-content-layout":"","site-content-style":"default","site-sidebar-style":"default","ast-global-header-display":"","ast-banner-title-visibility":"","ast-main-header-display":"","ast-hfb-above-header-display":"","ast-hfb-below-header-display":"","ast-hfb-mobile-header-display":"","site-post-title":"","ast-breadcrumbs-content":"","ast-featured-img":"","footer-sml-layout":"","theme-transparent-header-meta":"","adv-header-id-meta":"","stick-header-meta":"","header-above-stick-meta":"","header-main-stick-meta":"","header-below-stick-meta":"","astra-migrate-meta-layouts":"default","ast-page-background-enabled":"default","ast-page-background-meta":{"desktop":{"background-color":"var(--ast-global-color-4)","background-image":"","background-repeat":"repeat","background-position":"center center","background-size":"auto","background-attachment":"scroll","background-type":"","background-media":"","overlay-type":"","overlay-color":"","overlay-opacity":"","overlay-gradient":""},"tablet":{"background-color":"","background-image":"","background-repeat":"repeat","background-position":"center center","background-size":"auto","background-attachment":"scroll","background-type":"","background-media":"","overlay-type":"","overlay-color":"","overlay-opacity":"","overlay-gradient":""},"mobile":{"background-color":"","background-image":"","background-repeat":"repeat","background-position":"center center","background-size":"auto","background-attachment":"scroll","background-type":"","background-media":"","overlay-type":"","overlay-color":"","overlay-opacity":"","overlay-gradient":""}},"ast-content-background-meta":{"desktop":{"background-color":"var(--ast-global-color-5)","background-image":"","background-repeat":"repeat","background-position":"center center","background-size":"auto","background-attachment":"scroll","background-type":"","background-media":"","overlay-type":"","overlay-color":"","overlay-opacity":"","overlay-gradient":""},"tablet":{"background-color":"var(--ast-global-color-5)","background-image":"","background-repeat":"repeat","background-position":"center center","background-size":"auto","background-attachment":"scroll","background-type":"","background-media":"","overlay-type":"","overlay-color":"","overlay-opacity":"","overlay-gradient":""},"mobile":{"background-color":"var(--ast-global-color-5)","background-image":"","background-repeat":"repeat","background-position":"center center","background-size":"auto","background-attachment":"scroll","background-type":"","background-media":"","overlay-type":"","overlay-color":"","overlay-opacity":"","overlay-gradient":""}},"footnotes":""},"categories":[65,72,29],"tags":[],"class_list":["post-1379","post","type-post","status-publish","format-standard","has-post-thumbnail","hentry","category-crp","category-lectura-en-veu-alta","category-portada"],"post_mailing_queue_ids":[],"_links":{"self":[{"href":"https:\/\/serveiseducatius.xtec.cat\/baixllobregat8\/wp-json\/wp\/v2\/posts\/1379","targetHints":{"allow":["GET"]}}],"collection":[{"href":"https:\/\/serveiseducatius.xtec.cat\/baixllobregat8\/wp-json\/wp\/v2\/posts"}],"about":[{"href":"https:\/\/serveiseducatius.xtec.cat\/baixllobregat8\/wp-json\/wp\/v2\/types\/post"}],"author":[{"embeddable":true,"href":"https:\/\/serveiseducatius.xtec.cat\/baixllobregat8\/wp-json\/wp\/v2\/users\/1"}],"replies":[{"embeddable":true,"href":"https:\/\/serveiseducatius.xtec.cat\/baixllobregat8\/wp-json\/wp\/v2\/comments?post=1379"}],"version-history":[{"count":3,"href":"https:\/\/serveiseducatius.xtec.cat\/baixllobregat8\/wp-json\/wp\/v2\/posts\/1379\/revisions"}],"predecessor-version":[{"id":4654,"href":"https:\/\/serveiseducatius.xtec.cat\/baixllobregat8\/wp-json\/wp\/v2\/posts\/1379\/revisions\/4654"}],"wp:featuredmedia":[{"embeddable":true,"href":"https:\/\/serveiseducatius.xtec.cat\/baixllobregat8\/wp-json\/wp\/v2\/media\/1380"}],"wp:attachment":[{"href":"https:\/\/serveiseducatius.xtec.cat\/baixllobregat8\/wp-json\/wp\/v2\/media?parent=1379"}],"wp:term":[{"taxonomy":"category","embeddable":true,"href":"https:\/\/serveiseducatius.xtec.cat\/baixllobregat8\/wp-json\/wp\/v2\/categories?post=1379"},{"taxonomy":"post_tag","embeddable":true,"href":"https:\/\/serveiseducatius.xtec.cat\/baixllobregat8\/wp-json\/wp\/v2\/tags?post=1379"}],"curies":[{"name":"wp","href":"https:\/\/api.w.org\/{rel}","templated":true}]}}