{"id":12780,"date":"2026-03-19T09:30:31","date_gmt":"2026-03-19T08:30:31","guid":{"rendered":"https:\/\/serveiseducatius.xtec.cat\/baixllobregat8\/?p=12780"},"modified":"2026-03-19T09:30:31","modified_gmt":"2026-03-19T08:30:31","slug":"recurs-per-a-lalfabetitzacio-mediatica-i-informacional-de-lalumnat-la-plataforma-ami","status":"publish","type":"post","link":"https:\/\/serveiseducatius.xtec.cat\/baixllobregat8\/portada\/recurs-per-a-lalfabetitzacio-mediatica-i-informacional-de-lalumnat-la-plataforma-ami\/","title":{"rendered":"Recurs per a l&#8217;alfabetitzaci\u00f3 medi\u00e0tica i informacional de l&#8217;alumnat: la plataforma AMI"},"content":{"rendered":"<figure class=\"wp-block-image\"><a href=\"https:\/\/projectes.xtec.cat\/ami\/\" target=\"_blank\" rel=\"noreferrer noopener\"><img decoding=\"async\" class=\"wp-image-27442\" src=\"https:\/\/serveiseducatius.xtec.cat\/badalona\/wp-content\/uploads\/usu1088\/2026\/03\/AMI-1024x619.png\" alt=\"\" \/><\/a><\/figure>\n<p>Us presentem la\u00a0<a href=\"https:\/\/projectes.xtec.cat\/ami\/\" target=\"_blank\" rel=\"noreferrer noopener\">Plataforma d\u2019Alfabetitzaci\u00f3 Medi\u00e0tica i Informacional (AMI<\/a>) que ha publicat el Departament d\u2019Educaci\u00f3 i Formaci\u00f3 Professional.<\/p>\n<p>S\u2019ofereixen <strong>recursos\u00a0<\/strong>per al professorat per ajudar el seu alumnat a\u00a0identificar biaixos cognitius i aplicar metodologies sistem\u00e0tiques de verificaci\u00f3, com el m\u00e8tode PANTERA o el q\u00fcestionari C.R.I.T.I.C., facilitant la distinci\u00f3 entre fets, opinions i continguts patrocinats.<\/p>\n<p>L\u2019objectiu \u00e9s acompanyar els docents en la formaci\u00f3 de ciutadans lliures, capa\u00e7os i capaces de transformar la informaci\u00f3 en coneixement i acci\u00f3 social responsable.<\/p>\n<p class=\"has-text-color has-medium-font-size\">Trobareu, entre d\u2019altres,\u00a0<a href=\"https:\/\/projectes.xtec.cat\/ami\/pagina-dinici-buida\/4-4-la-publicitat-en-lera-digital\/\" target=\"_blank\" rel=\"noreferrer noopener\">recursos i plataformes de refer\u00e8ncia de verificadors<\/a>\u00a0de not\u00edcies aix\u00ed com\u00a0<a href=\"https:\/\/projectes.xtec.cat\/ami\/orientacions-per-a-la-programacio\/\" target=\"_blank\" rel=\"noreferrer noopener\">orientacions per a la planificaci\u00f3 i la programaci\u00f3<\/a>\u00a0de l\u2019Alfabetitzaci\u00f3 Medi\u00e0tica Informacional .<\/p>\n","protected":false},"excerpt":{"rendered":"<p>Us presentem la\u00a0Plataforma d\u2019Alfabetitzaci\u00f3 Medi\u00e0tica i Informacional (AMI) que ha publicat el Departament d\u2019Educaci\u00f3 i Formaci\u00f3 Professional. S\u2019ofereixen recursos\u00a0per al professorat per ajudar el seu alumnat a\u00a0identificar biaixos cognitius i aplicar metodologies sistem\u00e0tiques de verificaci\u00f3, com el m\u00e8tode PANTERA o el q\u00fcestionari C.R.I.T.I.C., facilitant la distinci\u00f3 entre fets, opinions i continguts patrocinats. L\u2019objectiu \u00e9s acompanyar [&hellip;]<\/p>\n","protected":false},"author":11,"featured_media":12781,"comment_status":"open","ping_status":"open","sticky":false,"template":"","format":"standard","meta":{"_bbp_topic_count":0,"_bbp_reply_count":0,"_bbp_total_topic_count":0,"_bbp_total_reply_count":0,"_bbp_voice_count":0,"_bbp_anonymous_reply_count":0,"_bbp_topic_count_hidden":0,"_bbp_reply_count_hidden":0,"_bbp_forum_subforum_count":0,"site-sidebar-layout":"default","site-content-layout":"","ast-site-content-layout":"default","site-content-style":"default","site-sidebar-style":"default","ast-global-header-display":"","ast-banner-title-visibility":"","ast-main-header-display":"","ast-hfb-above-header-display":"","ast-hfb-below-header-display":"","ast-hfb-mobile-header-display":"","site-post-title":"","ast-breadcrumbs-content":"","ast-featured-img":"","footer-sml-layout":"","theme-transparent-header-meta":"default","adv-header-id-meta":"","stick-header-meta":"","header-above-stick-meta":"","header-main-stick-meta":"","header-below-stick-meta":"","astra-migrate-meta-layouts":"set","ast-page-background-enabled":"default","ast-page-background-meta":{"desktop":{"background-color":"var(--ast-global-color-4)","background-image":"","background-repeat":"repeat","background-position":"center center","background-size":"auto","background-attachment":"scroll","background-type":"","background-media":"","overlay-type":"","overlay-color":"","overlay-opacity":"","overlay-gradient":""},"tablet":{"background-color":"","background-image":"","background-repeat":"repeat","background-position":"center center","background-size":"auto","background-attachment":"scroll","background-type":"","background-media":"","overlay-type":"","overlay-color":"","overlay-opacity":"","overlay-gradient":""},"mobile":{"background-color":"","background-image":"","background-repeat":"repeat","background-position":"center center","background-size":"auto","background-attachment":"scroll","background-type":"","background-media":"","overlay-type":"","overlay-color":"","overlay-opacity":"","overlay-gradient":""}},"ast-content-background-meta":{"desktop":{"background-color":"var(--ast-global-color-5)","background-image":"","background-repeat":"repeat","background-position":"center center","background-size":"auto","background-attachment":"scroll","background-type":"","background-media":"","overlay-type":"","overlay-color":"","overlay-opacity":"","overlay-gradient":""},"tablet":{"background-color":"var(--ast-global-color-5)","background-image":"","background-repeat":"repeat","background-position":"center center","background-size":"auto","background-attachment":"scroll","background-type":"","background-media":"","overlay-type":"","overlay-color":"","overlay-opacity":"","overlay-gradient":""},"mobile":{"background-color":"var(--ast-global-color-5)","background-image":"","background-repeat":"repeat","background-position":"center center","background-size":"auto","background-attachment":"scroll","background-type":"","background-media":"","overlay-type":"","overlay-color":"","overlay-opacity":"","overlay-gradient":""}},"footnotes":""},"categories":[65,508,29,509],"tags":[],"class_list":["post-12780","post","type-post","status-publish","format-standard","has-post-thumbnail","hentry","category-crp","category-cultura-digital","category-portada","category-publicacions-del-departament"],"post_mailing_queue_ids":[],"_links":{"self":[{"href":"https:\/\/serveiseducatius.xtec.cat\/baixllobregat8\/wp-json\/wp\/v2\/posts\/12780","targetHints":{"allow":["GET"]}}],"collection":[{"href":"https:\/\/serveiseducatius.xtec.cat\/baixllobregat8\/wp-json\/wp\/v2\/posts"}],"about":[{"href":"https:\/\/serveiseducatius.xtec.cat\/baixllobregat8\/wp-json\/wp\/v2\/types\/post"}],"author":[{"embeddable":true,"href":"https:\/\/serveiseducatius.xtec.cat\/baixllobregat8\/wp-json\/wp\/v2\/users\/11"}],"replies":[{"embeddable":true,"href":"https:\/\/serveiseducatius.xtec.cat\/baixllobregat8\/wp-json\/wp\/v2\/comments?post=12780"}],"version-history":[{"count":1,"href":"https:\/\/serveiseducatius.xtec.cat\/baixllobregat8\/wp-json\/wp\/v2\/posts\/12780\/revisions"}],"predecessor-version":[{"id":12782,"href":"https:\/\/serveiseducatius.xtec.cat\/baixllobregat8\/wp-json\/wp\/v2\/posts\/12780\/revisions\/12782"}],"wp:featuredmedia":[{"embeddable":true,"href":"https:\/\/serveiseducatius.xtec.cat\/baixllobregat8\/wp-json\/wp\/v2\/media\/12781"}],"wp:attachment":[{"href":"https:\/\/serveiseducatius.xtec.cat\/baixllobregat8\/wp-json\/wp\/v2\/media?parent=12780"}],"wp:term":[{"taxonomy":"category","embeddable":true,"href":"https:\/\/serveiseducatius.xtec.cat\/baixllobregat8\/wp-json\/wp\/v2\/categories?post=12780"},{"taxonomy":"post_tag","embeddable":true,"href":"https:\/\/serveiseducatius.xtec.cat\/baixllobregat8\/wp-json\/wp\/v2\/tags?post=12780"}],"curies":[{"name":"wp","href":"https:\/\/api.w.org\/{rel}","templated":true}]}}