{"id":12517,"date":"2025-11-28T10:28:26","date_gmt":"2025-11-28T09:28:26","guid":{"rendered":"https:\/\/serveiseducatius.xtec.cat\/baixllobregat8\/?p=12517"},"modified":"2025-11-28T10:28:26","modified_gmt":"2025-11-28T09:28:26","slug":"8a-edicio-de-cientifiques","status":"publish","type":"post","link":"https:\/\/serveiseducatius.xtec.cat\/baixllobregat8\/portada\/8a-edicio-de-cientifiques\/","title":{"rendered":"8a Edici\u00f3 de #Cient\u00edfiques"},"content":{"rendered":"<p>#Cien<a href=\"https:\/\/serveiseducatius.xtec.cat\/baixllobregat8\/wp-content\/uploads\/usu777\/2025\/11\/cientifiques.png\"><img loading=\"lazy\" decoding=\"async\" class=\"alignleft size-full wp-image-12518\" src=\"https:\/\/serveiseducatius.xtec.cat\/baixllobregat8\/wp-content\/uploads\/usu777\/2025\/11\/cientifiques.png\" alt=\"Cartell programa Cient\u00edfiques\" width=\"926\" height=\"318\" srcset=\"https:\/\/serveiseducatius.xtec.cat\/baixllobregat8\/wp-content\/uploads\/usu777\/2025\/11\/cientifiques.png 926w, https:\/\/serveiseducatius.xtec.cat\/baixllobregat8\/wp-content\/uploads\/usu777\/2025\/11\/cientifiques-300x103.png 300w, https:\/\/serveiseducatius.xtec.cat\/baixllobregat8\/wp-content\/uploads\/usu777\/2025\/11\/cientifiques-768x264.png 768w\" sizes=\"auto, (max-width: 926px) 100vw, 926px\" \/><\/a>t\u00edfiques \u00e9s una iniciativa organitzada en el marc del Dia Internacional de la Dona i la Nena en la Ci\u00e8ncia (11 de febrer) en qu\u00e8 <strong>cient\u00edfiques d\u2019entitats p\u00fabliques i privades de Catalunya ofereixen xerrades divulgatives en centres educatius d\u2019arreu del pa\u00eds<\/strong>. Aquestes xerrades s&#8217;adrecen a <strong>alumnat de 6\u00e8 de prim\u00e0ria i de 1r d\u2019ESO<\/strong>.<\/p>\n<p>L&#8217;objectiu de #Cient\u00edfiques \u00e9s inspirar vocacions STEAM en els nens i les nenes i contribuir a superar els estereotips al voltant de la ci\u00e8ncia i la tecnologia a Catalunya.<\/p>\n<p>A m\u00e9s de les xerrades, els centres que ho desitgin podran apuntar-se gratu\u00eftament a una formaci\u00f3 telem\u00e0tica organitzada pel <a href=\"https:\/\/bist.eu\/\">BIST<\/a> (Barcelona Institute of Science and Technology) i reconeguda pel Departament d&#8217;Educaci\u00f3 i Formaci\u00f3 Professional.<\/p>\n<div>\n<div><span style=\"font-family: arial, sans-serif;\"><br \/>\n1) XERRADES: totes les escoles i instituts de Catalunya poden demanar fins al 22 de desembre de 2025 una xerrada presencial o virtual per a l&#8217;alumnat de 6\u00e8 i\/o 1r d&#8217;ESO.<br \/>\n<\/span><\/div>\n<\/div>\n<div>\n<div><\/div>\n<div><span style=\"font-family: arial, sans-serif;\"><a href=\"https:\/\/cientifiques.cat\/inscriute_escola\/\" target=\"_blank\" rel=\"noopener\" data-saferedirecturl=\"https:\/\/www.google.com\/url?q=https:\/\/cientifiques.cat\/inscriute_escola\/&amp;source=gmail&amp;ust=1764400634024000&amp;usg=AOvVaw3-umc4nMjEzYwvYWjMiWZg\">Enlla\u00e7<\/a> per a sol\u00b7licitar una cient\u00edfica per impartir una xerrada al vostre centre educatiu el dia 11 de febrer de 2026, Dia de la Dona i la Nena en la Ci\u00e8ncia.<\/span><\/div>\n<div>\n<div><\/div>\n<\/div>\n<div><span style=\"font-family: arial, sans-serif;\">\u00a0<\/span><\/div>\n<div><span style=\"font-family: arial, sans-serif;\">2) FORMACI\u00d3: els docents poden apuntar-se gratu\u00eftament a <\/span><a href=\"https:\/\/cientifiques.cat\/cientifiques_2026\/\" target=\"_blank\" rel=\"noopener\" data-saferedirecturl=\"https:\/\/www.google.com\/url?q=https:\/\/cientifiques.cat\/cientifiques_2026\/&amp;source=gmail&amp;ust=1764400634024000&amp;usg=AOvVaw1K-imna5RGiAfVwtPxN4rS\"><span style=\"font-family: arial, sans-serif;\">Formaci\u00f3 per a docents: \u00ab#cient\u00edfiques: m\u00e9s enll\u00e0 de l\u201911F\u00bb.<\/span><\/a><\/div>\n<div><\/div>\n<div><span style=\"font-family: arial, sans-serif;\">\u00c9s una formaci\u00f3\u00a0 que vol ajudar als docents que participen a #cient\u00edfiques en el seu dia a dia a l\u2019aula, dotant-lo de recursos per incrementar la identitat STEM dels nens i les nenes de 6\u00e8 de prim\u00e0ria i 1r d\u2019ESO. <\/span><span style=\"font-family: arial, sans-serif;\">T\u00e9 una durada de 15 hores, de les quals 9 s\u00f3n de formaci\u00f3 i 6 de treball a l\u2019aula individual.\u00a0<\/span><\/div>\n<div><\/div>\n<div><span style=\"font-family: arial, sans-serif;\">Inscriviu-vos-hi a trav\u00e9s d\u2019aquest <a href=\"https:\/\/aplicacions.ensenyament.gencat.cat\/pls\/soloas\/pk_for_mod_ins.p_for_pre_cons_activitats?p_any=2025-2026&amp;p_codi=9001120545\" target=\"_blank\" rel=\"noopener noreferrer\" data-saferedirecturl=\"https:\/\/www.google.com\/url?q=https:\/\/aplicacions.ensenyament.gencat.cat\/pls\/soloas\/pk_for_mod_ins.p_for_pre_cons_activitats?p_any%3D2025-2026%26p_codi%3D9001120545&amp;source=gmail&amp;ust=1764400634024000&amp;usg=AOvVaw2KV8lBbMojgmId94puHD8_\">enlla\u00e7<\/a> si voleu la certificaci\u00f3 del Departament d\u2019Educaci\u00f3 i Formaci\u00f3 Professional. Recordeu que per gaudir de la formaci\u00f3 \u00e9s imprescindible haver sol\u00b7licitat tamb\u00e9 una #cient\u00edfica per fer una xerrada al vostre centre.<\/span><\/div>\n<div><\/div>\n<\/div>\n","protected":false},"excerpt":{"rendered":"<p>#Cient\u00edfiques \u00e9s una iniciativa organitzada en el marc del Dia Internacional de la Dona i la Nena en la Ci\u00e8ncia (11 de febrer) en qu\u00e8 cient\u00edfiques d\u2019entitats p\u00fabliques i privades de Catalunya ofereixen xerrades divulgatives en centres educatius d\u2019arreu del pa\u00eds. Aquestes xerrades s&#8217;adrecen a alumnat de 6\u00e8 de prim\u00e0ria i de 1r d\u2019ESO. L&#8217;objectiu [&hellip;]<\/p>\n","protected":false},"author":11,"featured_media":0,"comment_status":"open","ping_status":"open","sticky":false,"template":"","format":"standard","meta":{"_bbp_topic_count":0,"_bbp_reply_count":0,"_bbp_total_topic_count":0,"_bbp_total_reply_count":0,"_bbp_voice_count":0,"_bbp_anonymous_reply_count":0,"_bbp_topic_count_hidden":0,"_bbp_reply_count_hidden":0,"_bbp_forum_subforum_count":0,"site-sidebar-layout":"default","site-content-layout":"","ast-site-content-layout":"","site-content-style":"default","site-sidebar-style":"default","ast-global-header-display":"","ast-banner-title-visibility":"","ast-main-header-display":"","ast-hfb-above-header-display":"","ast-hfb-below-header-display":"","ast-hfb-mobile-header-display":"","site-post-title":"","ast-breadcrumbs-content":"","ast-featured-img":"","footer-sml-layout":"","theme-transparent-header-meta":"","adv-header-id-meta":"","stick-header-meta":"","header-above-stick-meta":"","header-main-stick-meta":"","header-below-stick-meta":"","astra-migrate-meta-layouts":"default","ast-page-background-enabled":"default","ast-page-background-meta":{"desktop":{"background-color":"var(--ast-global-color-4)","background-image":"","background-repeat":"repeat","background-position":"center center","background-size":"auto","background-attachment":"scroll","background-type":"","background-media":"","overlay-type":"","overlay-color":"","overlay-opacity":"","overlay-gradient":""},"tablet":{"background-color":"","background-image":"","background-repeat":"repeat","background-position":"center center","background-size":"auto","background-attachment":"scroll","background-type":"","background-media":"","overlay-type":"","overlay-color":"","overlay-opacity":"","overlay-gradient":""},"mobile":{"background-color":"","background-image":"","background-repeat":"repeat","background-position":"center center","background-size":"auto","background-attachment":"scroll","background-type":"","background-media":"","overlay-type":"","overlay-color":"","overlay-opacity":"","overlay-gradient":""}},"ast-content-background-meta":{"desktop":{"background-color":"var(--ast-global-color-5)","background-image":"","background-repeat":"repeat","background-position":"center center","background-size":"auto","background-attachment":"scroll","background-type":"","background-media":"","overlay-type":"","overlay-color":"","overlay-opacity":"","overlay-gradient":""},"tablet":{"background-color":"var(--ast-global-color-5)","background-image":"","background-repeat":"repeat","background-position":"center center","background-size":"auto","background-attachment":"scroll","background-type":"","background-media":"","overlay-type":"","overlay-color":"","overlay-opacity":"","overlay-gradient":""},"mobile":{"background-color":"var(--ast-global-color-5)","background-image":"","background-repeat":"repeat","background-position":"center center","background-size":"auto","background-attachment":"scroll","background-type":"","background-media":"","overlay-type":"","overlay-color":"","overlay-opacity":"","overlay-gradient":""}},"footnotes":""},"categories":[320,233,234,257,65,258,260,29,326,259],"tags":[],"class_list":["post-12517","post","type-post","status-publish","format-standard","hentry","category-100tifiques","category-alumnat-primaria","category-alumnat-secundaria","category-biologia-i-geologia","category-crp","category-fisica-i-quimica","category-matematiques-alumnat-secundaria","category-portada","category-secundaria","category-tecnologia"],"post_mailing_queue_ids":[],"_links":{"self":[{"href":"https:\/\/serveiseducatius.xtec.cat\/baixllobregat8\/wp-json\/wp\/v2\/posts\/12517","targetHints":{"allow":["GET"]}}],"collection":[{"href":"https:\/\/serveiseducatius.xtec.cat\/baixllobregat8\/wp-json\/wp\/v2\/posts"}],"about":[{"href":"https:\/\/serveiseducatius.xtec.cat\/baixllobregat8\/wp-json\/wp\/v2\/types\/post"}],"author":[{"embeddable":true,"href":"https:\/\/serveiseducatius.xtec.cat\/baixllobregat8\/wp-json\/wp\/v2\/users\/11"}],"replies":[{"embeddable":true,"href":"https:\/\/serveiseducatius.xtec.cat\/baixllobregat8\/wp-json\/wp\/v2\/comments?post=12517"}],"version-history":[{"count":1,"href":"https:\/\/serveiseducatius.xtec.cat\/baixllobregat8\/wp-json\/wp\/v2\/posts\/12517\/revisions"}],"predecessor-version":[{"id":12519,"href":"https:\/\/serveiseducatius.xtec.cat\/baixllobregat8\/wp-json\/wp\/v2\/posts\/12517\/revisions\/12519"}],"wp:attachment":[{"href":"https:\/\/serveiseducatius.xtec.cat\/baixllobregat8\/wp-json\/wp\/v2\/media?parent=12517"}],"wp:term":[{"taxonomy":"category","embeddable":true,"href":"https:\/\/serveiseducatius.xtec.cat\/baixllobregat8\/wp-json\/wp\/v2\/categories?post=12517"},{"taxonomy":"post_tag","embeddable":true,"href":"https:\/\/serveiseducatius.xtec.cat\/baixllobregat8\/wp-json\/wp\/v2\/tags?post=12517"}],"curies":[{"name":"wp","href":"https:\/\/api.w.org\/{rel}","templated":true}]}}