{"id":12454,"date":"2025-09-29T10:44:18","date_gmt":"2025-09-29T08:44:18","guid":{"rendered":"https:\/\/serveiseducatius.xtec.cat\/baixllobregat8\/?p=12454"},"modified":"2025-09-29T10:59:57","modified_gmt":"2025-09-29T08:59:57","slug":"taller-matematiques-de-primaria-a-secundaria-una-guia-per-facilitar-el-pas-entre-etapes-inscripcions-obertes","status":"publish","type":"post","link":"https:\/\/serveiseducatius.xtec.cat\/baixllobregat8\/portada\/taller-matematiques-de-primaria-a-secundaria-una-guia-per-facilitar-el-pas-entre-etapes-inscripcions-obertes\/","title":{"rendered":"Taller &#8220;Matem\u00e0tiques de prim\u00e0ria a secund\u00e0ria&#8221;: una guia per facilitar el pas entre etapes. Inscripcions obertes."},"content":{"rendered":"<p><iframe loading=\"lazy\" src=\"\/\/www.youtube.com\/embed\/YNZKGpZ_6TY\" width=\"560\" height=\"314\" allowfullscreen=\"allowfullscreen\"><\/iframe><\/p>\n<p>Tothom coincideix que el pas de prim\u00e0ria a secund\u00e0ria \u00e9s un proc\u00e9s complicat per a l&#8217;alumnat. En el cas de les matem\u00e0tiques, aquest moment \u00e9s especialment delicat. El taller &#8220;Matem\u00e0tiques de prim\u00e0ria a secund\u00e0ria&#8221; ofereix estrat\u00e8gies i eines, <strong>tant als docents de prim\u00e0ria com als de secund\u00e0ria<\/strong>, per fer d&#8217;aquest canvi d&#8217;etapa un temps de consolidaci\u00f3 de la compet\u00e8ncia matem\u00e0tica i dotar l&#8217;alumnat d&#8217;una comprensi\u00f3 s\u00f2lida que els faci possible gaudir d&#8217;aquesta mat\u00e8ria. Les<a href=\"https:\/\/aplicacions.gestioeducativa.gencat.cat\/ords\/pls\/soloas\/pk_for_mod_ins.p_for_pre_cons_activitats?p_any=2025-2026&amp;p_codi=3090511309\"> inscripcions<\/a> estan obertes fins dimarts 14 d&#8217;octubre.<\/p>\n<p>El v\u00eddeo mostra un petit resum del que podreu trobar al taller.<\/p>\n<p>Si voleu m\u00e9s informaci\u00f3, podeu anar a <a href=\"https:\/\/aplicacions.gestioeducativa.gencat.cat\/ords\/pls\/soloas\/pk_for_mod_ins.p_for_exhaustiu_activitat?p_header=Detall%20d%27activitat^pk_for_mod_ins.p_for_detall_activitat?p_codi=3090511309%26p_curs=2025-2026%26p_es_inscr=S&amp;p_codi=3090511309&amp;p_curs=2025-2026&amp;p_es_inscr=S\">Detall de l&#8217;activitat<\/a>, o posar-vos en contacte amb nosaltres a trav\u00e9s del correu crp-esplugues@xtec.cat<\/p>\n<p>&nbsp;<\/p>\n","protected":false},"excerpt":{"rendered":"<p>Tothom coincideix que el pas de prim\u00e0ria a secund\u00e0ria \u00e9s un proc\u00e9s complicat per a l&#8217;alumnat. En el cas de les matem\u00e0tiques, aquest moment \u00e9s especialment delicat. El taller &#8220;Matem\u00e0tiques de prim\u00e0ria a secund\u00e0ria&#8221; ofereix estrat\u00e8gies i eines, tant als docents de prim\u00e0ria com als de secund\u00e0ria, per fer d&#8217;aquest canvi d&#8217;etapa un temps de [&hellip;]<\/p>\n","protected":false},"author":11,"featured_media":0,"comment_status":"open","ping_status":"open","sticky":false,"template":"","format":"standard","meta":{"_bbp_topic_count":0,"_bbp_reply_count":0,"_bbp_total_topic_count":0,"_bbp_total_reply_count":0,"_bbp_voice_count":0,"_bbp_anonymous_reply_count":0,"_bbp_topic_count_hidden":0,"_bbp_reply_count_hidden":0,"_bbp_forum_subforum_count":0,"site-sidebar-layout":"default","site-content-layout":"","ast-site-content-layout":"","site-content-style":"default","site-sidebar-style":"default","ast-global-header-display":"","ast-banner-title-visibility":"","ast-main-header-display":"","ast-hfb-above-header-display":"","ast-hfb-below-header-display":"","ast-hfb-mobile-header-display":"","site-post-title":"","ast-breadcrumbs-content":"","ast-featured-img":"","footer-sml-layout":"","theme-transparent-header-meta":"","adv-header-id-meta":"","stick-header-meta":"","header-above-stick-meta":"","header-main-stick-meta":"","header-below-stick-meta":"","astra-migrate-meta-layouts":"default","ast-page-background-enabled":"default","ast-page-background-meta":{"desktop":{"background-color":"var(--ast-global-color-4)","background-image":"","background-repeat":"repeat","background-position":"center center","background-size":"auto","background-attachment":"scroll","background-type":"","background-media":"","overlay-type":"","overlay-color":"","overlay-opacity":"","overlay-gradient":""},"tablet":{"background-color":"","background-image":"","background-repeat":"repeat","background-position":"center center","background-size":"auto","background-attachment":"scroll","background-type":"","background-media":"","overlay-type":"","overlay-color":"","overlay-opacity":"","overlay-gradient":""},"mobile":{"background-color":"","background-image":"","background-repeat":"repeat","background-position":"center center","background-size":"auto","background-attachment":"scroll","background-type":"","background-media":"","overlay-type":"","overlay-color":"","overlay-opacity":"","overlay-gradient":""}},"ast-content-background-meta":{"desktop":{"background-color":"var(--ast-global-color-5)","background-image":"","background-repeat":"repeat","background-position":"center center","background-size":"auto","background-attachment":"scroll","background-type":"","background-media":"","overlay-type":"","overlay-color":"","overlay-opacity":"","overlay-gradient":""},"tablet":{"background-color":"var(--ast-global-color-5)","background-image":"","background-repeat":"repeat","background-position":"center center","background-size":"auto","background-attachment":"scroll","background-type":"","background-media":"","overlay-type":"","overlay-color":"","overlay-opacity":"","overlay-gradient":""},"mobile":{"background-color":"var(--ast-global-color-5)","background-image":"","background-repeat":"repeat","background-position":"center center","background-size":"auto","background-attachment":"scroll","background-type":"","background-media":"","overlay-type":"","overlay-color":"","overlay-opacity":"","overlay-gradient":""}},"footnotes":""},"categories":[240,260,171,29],"tags":[41,199,168],"class_list":["post-12454","post","type-post","status-publish","format-standard","hentry","category-matematiques-alumnat-primaria","category-matematiques-alumnat-secundaria","category-pla-de-formacio-de-zona","category-portada","tag-matematiques","tag-pla-de-formacio-de-zona","tag-primaria-secundaria"],"post_mailing_queue_ids":[],"_links":{"self":[{"href":"https:\/\/serveiseducatius.xtec.cat\/baixllobregat8\/wp-json\/wp\/v2\/posts\/12454","targetHints":{"allow":["GET"]}}],"collection":[{"href":"https:\/\/serveiseducatius.xtec.cat\/baixllobregat8\/wp-json\/wp\/v2\/posts"}],"about":[{"href":"https:\/\/serveiseducatius.xtec.cat\/baixllobregat8\/wp-json\/wp\/v2\/types\/post"}],"author":[{"embeddable":true,"href":"https:\/\/serveiseducatius.xtec.cat\/baixllobregat8\/wp-json\/wp\/v2\/users\/11"}],"replies":[{"embeddable":true,"href":"https:\/\/serveiseducatius.xtec.cat\/baixllobregat8\/wp-json\/wp\/v2\/comments?post=12454"}],"version-history":[{"count":6,"href":"https:\/\/serveiseducatius.xtec.cat\/baixllobregat8\/wp-json\/wp\/v2\/posts\/12454\/revisions"}],"predecessor-version":[{"id":12467,"href":"https:\/\/serveiseducatius.xtec.cat\/baixllobregat8\/wp-json\/wp\/v2\/posts\/12454\/revisions\/12467"}],"wp:attachment":[{"href":"https:\/\/serveiseducatius.xtec.cat\/baixllobregat8\/wp-json\/wp\/v2\/media?parent=12454"}],"wp:term":[{"taxonomy":"category","embeddable":true,"href":"https:\/\/serveiseducatius.xtec.cat\/baixllobregat8\/wp-json\/wp\/v2\/categories?post=12454"},{"taxonomy":"post_tag","embeddable":true,"href":"https:\/\/serveiseducatius.xtec.cat\/baixllobregat8\/wp-json\/wp\/v2\/tags?post=12454"}],"curies":[{"name":"wp","href":"https:\/\/api.w.org\/{rel}","templated":true}]}}