{"id":12375,"date":"2025-07-11T08:41:36","date_gmt":"2025-07-11T06:41:36","guid":{"rendered":"https:\/\/serveiseducatius.xtec.cat\/baixllobregat8\/?p=12375"},"modified":"2025-07-11T08:41:36","modified_gmt":"2025-07-11T06:41:36","slug":"publicats-els-sabers-de-la-competencia-digital-de-lalumnat-deducacio-basica","status":"publish","type":"post","link":"https:\/\/serveiseducatius.xtec.cat\/baixllobregat8\/portada\/publicats-els-sabers-de-la-competencia-digital-de-lalumnat-deducacio-basica\/","title":{"rendered":"Publicats els sabers de la compet\u00e8ncia digital de l\u2019alumnat d\u2019educaci\u00f3 b\u00e0sica"},"content":{"rendered":"<p>L\u2019\u00c0rea de Cultura Digital del Departament d\u2019Educaci\u00f3 i Formaci\u00f3 Professional ha fet p\u00fablics els\u00a0<strong><a href=\"https:\/\/projectes.xtec.cat\/nou-curriculum\/wp-content\/uploads\/usu2072\/2025\/07\/Sabers-CD_Educacio-basica.pdf\">sabers de la compet\u00e8ncia digital<\/a><\/strong>\u00a0per a l\u2019alumnat d\u2019educaci\u00f3 b\u00e0sica, un document clau per guiar el treball a l\u2019aula i avan\u00e7ar en el desenvolupament de les compet\u00e8ncies digitals de tot l\u2019alumnat.<\/p>\n<p>Els sabers s\u00f3n els coneixements, destreses, valors i actituds propis d\u2019una \u00e0rea, i resulten essencials per assolir les compet\u00e8ncies espec\u00edfiques. No es poden entendre nom\u00e9s com la simple transmissi\u00f3 i recepci\u00f3 de continguts, sin\u00f3 que formen part d\u2019un proc\u00e9s actiu i en construcci\u00f3, basat en la reflexi\u00f3 i l\u2019an\u00e0lisi acompanyada.<\/p>\n<p>En el cas de la compet\u00e8ncia digital, aquests sabers ofereixen una visi\u00f3 global i integradora per ajudar l\u2019alumnat a fer un \u00fas cr\u00edtic, responsable, creatiu i segur de les tecnologies digitals.<\/p>\n","protected":false},"excerpt":{"rendered":"<p>L\u2019\u00c0rea de Cultura Digital del Departament d\u2019Educaci\u00f3 i Formaci\u00f3 Professional ha fet p\u00fablics els\u00a0sabers de la compet\u00e8ncia digital\u00a0per a l\u2019alumnat d\u2019educaci\u00f3 b\u00e0sica, un document clau per guiar el treball a l\u2019aula i avan\u00e7ar en el desenvolupament de les compet\u00e8ncies digitals de tot l\u2019alumnat. Els sabers s\u00f3n els coneixements, destreses, valors i actituds propis d\u2019una \u00e0rea, [&hellip;]<\/p>\n","protected":false},"author":11,"featured_media":12376,"comment_status":"open","ping_status":"open","sticky":false,"template":"","format":"standard","meta":{"_bbp_topic_count":0,"_bbp_reply_count":0,"_bbp_total_topic_count":0,"_bbp_total_reply_count":0,"_bbp_voice_count":0,"_bbp_anonymous_reply_count":0,"_bbp_topic_count_hidden":0,"_bbp_reply_count_hidden":0,"_bbp_forum_subforum_count":0,"site-sidebar-layout":"default","site-content-layout":"","ast-site-content-layout":"","site-content-style":"default","site-sidebar-style":"default","ast-global-header-display":"","ast-banner-title-visibility":"","ast-main-header-display":"","ast-hfb-above-header-display":"","ast-hfb-below-header-display":"","ast-hfb-mobile-header-display":"","site-post-title":"","ast-breadcrumbs-content":"","ast-featured-img":"","footer-sml-layout":"","theme-transparent-header-meta":"","adv-header-id-meta":"","stick-header-meta":"","header-above-stick-meta":"","header-main-stick-meta":"","header-below-stick-meta":"","astra-migrate-meta-layouts":"default","ast-page-background-enabled":"default","ast-page-background-meta":{"desktop":{"background-color":"var(--ast-global-color-4)","background-image":"","background-repeat":"repeat","background-position":"center center","background-size":"auto","background-attachment":"scroll","background-type":"","background-media":"","overlay-type":"","overlay-color":"","overlay-opacity":"","overlay-gradient":""},"tablet":{"background-color":"","background-image":"","background-repeat":"repeat","background-position":"center center","background-size":"auto","background-attachment":"scroll","background-type":"","background-media":"","overlay-type":"","overlay-color":"","overlay-opacity":"","overlay-gradient":""},"mobile":{"background-color":"","background-image":"","background-repeat":"repeat","background-position":"center center","background-size":"auto","background-attachment":"scroll","background-type":"","background-media":"","overlay-type":"","overlay-color":"","overlay-opacity":"","overlay-gradient":""}},"ast-content-background-meta":{"desktop":{"background-color":"var(--ast-global-color-5)","background-image":"","background-repeat":"repeat","background-position":"center center","background-size":"auto","background-attachment":"scroll","background-type":"","background-media":"","overlay-type":"","overlay-color":"","overlay-opacity":"","overlay-gradient":""},"tablet":{"background-color":"var(--ast-global-color-5)","background-image":"","background-repeat":"repeat","background-position":"center center","background-size":"auto","background-attachment":"scroll","background-type":"","background-media":"","overlay-type":"","overlay-color":"","overlay-opacity":"","overlay-gradient":""},"mobile":{"background-color":"var(--ast-global-color-5)","background-image":"","background-repeat":"repeat","background-position":"center center","background-size":"auto","background-attachment":"scroll","background-type":"","background-media":"","overlay-type":"","overlay-color":"","overlay-opacity":"","overlay-gradient":""}},"footnotes":""},"categories":[29],"tags":[],"class_list":["post-12375","post","type-post","status-publish","format-standard","has-post-thumbnail","hentry","category-portada"],"post_mailing_queue_ids":[],"_links":{"self":[{"href":"https:\/\/serveiseducatius.xtec.cat\/baixllobregat8\/wp-json\/wp\/v2\/posts\/12375","targetHints":{"allow":["GET"]}}],"collection":[{"href":"https:\/\/serveiseducatius.xtec.cat\/baixllobregat8\/wp-json\/wp\/v2\/posts"}],"about":[{"href":"https:\/\/serveiseducatius.xtec.cat\/baixllobregat8\/wp-json\/wp\/v2\/types\/post"}],"author":[{"embeddable":true,"href":"https:\/\/serveiseducatius.xtec.cat\/baixllobregat8\/wp-json\/wp\/v2\/users\/11"}],"replies":[{"embeddable":true,"href":"https:\/\/serveiseducatius.xtec.cat\/baixllobregat8\/wp-json\/wp\/v2\/comments?post=12375"}],"version-history":[{"count":1,"href":"https:\/\/serveiseducatius.xtec.cat\/baixllobregat8\/wp-json\/wp\/v2\/posts\/12375\/revisions"}],"predecessor-version":[{"id":12377,"href":"https:\/\/serveiseducatius.xtec.cat\/baixllobregat8\/wp-json\/wp\/v2\/posts\/12375\/revisions\/12377"}],"wp:featuredmedia":[{"embeddable":true,"href":"https:\/\/serveiseducatius.xtec.cat\/baixllobregat8\/wp-json\/wp\/v2\/media\/12376"}],"wp:attachment":[{"href":"https:\/\/serveiseducatius.xtec.cat\/baixllobregat8\/wp-json\/wp\/v2\/media?parent=12375"}],"wp:term":[{"taxonomy":"category","embeddable":true,"href":"https:\/\/serveiseducatius.xtec.cat\/baixllobregat8\/wp-json\/wp\/v2\/categories?post=12375"},{"taxonomy":"post_tag","embeddable":true,"href":"https:\/\/serveiseducatius.xtec.cat\/baixllobregat8\/wp-json\/wp\/v2\/tags?post=12375"}],"curies":[{"name":"wp","href":"https:\/\/api.w.org\/{rel}","templated":true}]}}