{"id":12314,"date":"2025-06-20T13:49:45","date_gmt":"2025-06-20T11:49:45","guid":{"rendered":"https:\/\/serveiseducatius.xtec.cat\/baixllobregat8\/?p=12314"},"modified":"2025-06-23T09:29:30","modified_gmt":"2025-06-23T07:29:30","slug":"formacions-destiu-en-matematiques","status":"publish","type":"post","link":"https:\/\/serveiseducatius.xtec.cat\/baixllobregat8\/general\/formacions-destiu-en-matematiques\/","title":{"rendered":"Formacions d\u2019estiu en matem\u00e0tiques"},"content":{"rendered":"<p style=\"text-align: left;\"><strong>Forma\u2019t en matem\u00e0tiques!<\/strong><\/p>\n<p style=\"text-align: left;\">Formacions d\u2019estiu per a docents d\u2019educaci\u00f3 infantil, educaci\u00f3 b\u00e0sica (Prim\u00e0ria i Secund\u00e0ria) i batxillerat organitzades per entitats que contribueixen a la millora de la pr\u00e0ctica docent.<\/p>\n<p style=\"text-align: left;\">N\u2019hi ha de tem\u00e0tiques \u00e0mplies i diverses com tamb\u00e9 molt concretes i espec\u00edfiques, presencials (P), semi presencials (SP) i en l\u00ednia (EL).<\/p>\n<p style=\"text-align: left;\">Segur que n\u2019hi ha una per a tu!<\/p>\n<table class=\" alignleft\" style=\"border-collapse: collapse; width: 84.866%; height: 33px;\">\n<tbody>\n<tr>\n<td style=\"width: 12.5%; text-align: center;\"><a href=\"https:\/\/ice.upc.edu\/ca\/lice-de-la-upc\">ICE UPC<\/a><\/td>\n<td style=\"width: 39.9213%; text-align: center;\">\n<div class=\"wp-block-column is-layout-flow wp-block-column-is-layout-flow\">\n<p><a href=\"https:\/\/esdeveniments.upc.edu\/127813\/detail\/i-congres-de-professorat-stem-de-secundaria.html\">Congr\u00e9s de Professorat STEM de Secund\u00e0ria<\/a><\/p>\n<\/div>\n<\/td>\n<td style=\"width: 25.3665%; text-align: center;\">Secund\u00e0ria i batxillerat<\/td>\n<td style=\"width: 9.35917%; text-align: center;\">15h<\/td>\n<td style=\"width: 12.853%; text-align: center;\">P<\/td>\n<\/tr>\n<tr>\n<td style=\"width: 12.5%; text-align: center;\"><a href=\"https:\/\/feemcat.org\/\">FEEMCAT<\/a><\/td>\n<td style=\"width: 39.9213%; text-align: center;\"><a href=\"https:\/\/c2em.feemcat.org\/\">Congr\u00e9s Catal\u00e0 d\u2019Educaci\u00f3 de Matem\u00e0tiques (C2EM)<\/a><\/td>\n<td style=\"width: 25.3665%; text-align: center;\">Infantil, prim\u00e0ria, secund\u00e0ria i batxillerat<\/td>\n<td style=\"width: 9.35917%; text-align: center;\">20h<\/td>\n<td style=\"width: 12.853%; text-align: center;\">P<\/td>\n<\/tr>\n<\/tbody>\n<\/table>\n<div class=\"wp-block-columns has-ast-global-color-6-background-color has-background is-layout-flex wp-container-core-columns-is-layout-15 wp-block-columns-is-layout-flex\" style=\"text-align: left;\">\n<p>&nbsp;<\/p>\n<\/div>\n<p>&nbsp;<\/p>\n<p>&nbsp;<\/p>\n<p>&nbsp;<\/p>\n<div class=\"wp-block-columns has-ast-global-color-6-background-color has-background is-layout-flex wp-container-core-columns-is-layout-15 wp-block-columns-is-layout-flex\" style=\"text-align: left;\">\n<table class=\" alignleft\" style=\"border-collapse: collapse; width: 84.866%; height: 548px;\">\n<tbody>\n<tr style=\"height: 32px;\">\n<td style=\"width: 146.344px; text-align: center; height: 32px;\"><a href=\"https:\/\/www.uab.cat\/ca\/ice\/escola-estiu\">ICE UAB<\/a><\/td>\n<td style=\"width: 467.469px; text-align: center; height: 32px;\"><a href=\"https:\/\/www.uab.cat\/ca\/ice\/fitxa-estadistica-mes-enlla-dels-parametres\">Estad\u00edstica, m\u00e9s enll\u00e0 dels par\u00e0metres<\/a><\/td>\n<td style=\"width: 297.016px; text-align: center; height: 32px;\">Secund\u00e0ria<\/td>\n<td style=\"width: 109.594px; text-align: center; height: 32px;\">30h<\/td>\n<td style=\"width: 150.562px; height: 32px;\">EL<\/td>\n<\/tr>\n<tr style=\"height: 48px;\">\n<td style=\"width: 146.344px; text-align: center; height: 48px;\"><a href=\"https:\/\/www.ub.edu\/idp\/web\/ca\/cursos\/ips\/estiu2025\">IDP UB<\/a><\/td>\n<td style=\"width: 467.469px; text-align: center; height: 48px;\"><a href=\"https:\/\/www.ub.edu\/idp\/web\/ca\/cursos\/ips\/estiu2025\/problemes\">Potenciem l\u2019aprenentatge a trav\u00e9s de la resoluci\u00f3 de problemes amb Thinking Classroom<\/a><\/td>\n<td style=\"width: 297.016px; text-align: center; height: 48px;\">Prim\u00e0ria i secund\u00e0ria<\/td>\n<td style=\"width: 109.594px; text-align: center; height: 48px;\">15h<\/td>\n<td style=\"width: 150.562px; text-align: center; height: 48px;\">P<\/td>\n<\/tr>\n<tr style=\"height: 45px;\">\n<td style=\"width: 146.344px; text-align: center; height: 45px;\"><a href=\"https:\/\/www.ub.edu\/idp\/web\/ca\/cursos\/ips\/estiu2025\">IDP UB<\/a><\/td>\n<td style=\"width: 467.469px; text-align: center; height: 45px;\"><a href=\"https:\/\/www.ub.edu\/idp\/web\/ca\/cursos\/ips\/estiu2025\/geogebra\">GeoGebra i STEaM: Situacions d\u2019aprenentatge a l\u2019aula<\/a><\/td>\n<td style=\"width: 297.016px; text-align: center; height: 45px;\">Secund\u00e0ria<\/td>\n<td style=\"width: 109.594px; text-align: center; height: 45px;\">\n<div class=\"wp-block-column is-layout-flow wp-block-column-is-layout-flow\">\n<p>20h<\/p>\n<\/div>\n<\/td>\n<td style=\"width: 150.562px; text-align: center; height: 45px;\">SP<\/td>\n<\/tr>\n<tr style=\"height: 32px;\">\n<td style=\"width: 146.344px; height: 32px; text-align: center;\"><a href=\"https:\/\/www.ice.udl.cat\/ca\/\">ICE UdL<\/a><\/td>\n<td style=\"width: 467.469px; height: 32px; text-align: center;\"><a href=\"https:\/\/www.ice.udl.cat\/ca\/formacio\/Cursos-de-formacio-del-professorat\/#collapse-6dcff380-0994-11f0-9e48-005056845a50-9\">Explorant Matem\u00e0tiques<\/a><\/td>\n<td style=\"width: 297.016px; height: 32px; text-align: center;\">Prim\u00e0ria i secund\u00e0ria<\/td>\n<td style=\"width: 109.594px; height: 32px; text-align: center;\">30h<\/td>\n<td style=\"width: 150.562px; height: 32px; text-align: center;\">P<\/td>\n<\/tr>\n<tr style=\"height: 32px;\">\n<td style=\"width: 146.344px; height: 32px; text-align: center;\"><a href=\"https:\/\/ice.upc.edu\/ca\/noticies\/formacio-estiu-2025-secundaria-primaria-i-fp\">ICE UPC<\/a><\/td>\n<td style=\"width: 467.469px; height: 32px; text-align: center;\"><a href=\"https:\/\/aplicacions.gestioeducativa.gencat.cat\/ords\/pls\/soloas\/pk_for_mod_ins.p_for_exhaustiu_activitat?p_header=Detall%20d%27activitat^pk_for_mod_ins.p_for_detall_activitat?p_codi=9000480014%26p_curs=2024-2025%26p_es_inscr=S&amp;p_codi=9000480014&amp;p_curs=2024-2025&amp;p_es_inscr=S\">Donem als nostres alumnes l\u2019oportunitat de raonar a l\u2019aula de matem\u00e0tiques?<\/a><\/td>\n<td style=\"width: 297.016px; height: 32px; text-align: center;\">Prim\u00e0ria i secund\u00e0ria<\/td>\n<td style=\"width: 109.594px; height: 32px; text-align: center;\">10h<\/td>\n<td style=\"width: 150.562px; height: 32px; text-align: center;\">P<\/td>\n<\/tr>\n<tr style=\"height: 32px;\">\n<td style=\"width: 146.344px; height: 32px; text-align: center;\"><a href=\"https:\/\/ice.upc.edu\/ca\/noticies\/formacio-estiu-2025-secundaria-primaria-i-fp\">ICE UPC<\/a><\/td>\n<td style=\"width: 467.469px; height: 32px; text-align: center;\"><a href=\"https:\/\/aplicacions.gestioeducativa.gencat.cat\/ords\/pls\/soloas\/pk_for_mod_ins.p_for_exhaustiu_activitat?p_header=Detall%20d%27activitat^pk_for_mod_ins.p_for_detall_activitat?p_codi=9000410014%26p_curs=2024-2025%26p_es_inscr=S&amp;p_codi=9000410014&amp;p_curs=2024-2025&amp;p_es_inscr=S\">Formaci\u00f3 en Python i Programaci\u00f3 per a professorat<\/a><\/td>\n<td style=\"width: 297.016px; height: 32px; text-align: center;\">Batxillerat<\/td>\n<td style=\"width: 109.594px; height: 32px; text-align: center;\">25h<\/td>\n<td style=\"width: 150.562px; height: 32px; text-align: center;\">P<\/td>\n<\/tr>\n<tr style=\"height: 61px;\">\n<td style=\"width: 146.344px; text-align: center; height: 61px;\"><a href=\"https:\/\/ice.upc.edu\/ca\/noticies\/formacio-estiu-2025-secundaria-primaria-i-fp\">ICE UPC<\/a><\/td>\n<td style=\"width: 467.469px; text-align: center; height: 61px;\"><a href=\"https:\/\/aplicacions.gestioeducativa.gencat.cat\/ords\/pls\/soloas\/pk_for_mod_ins.p_for_detall_activitat?p_codi=9000460014&amp;p_curs=2024-2025&amp;p_es_inscr=S\">Recursos digitals per promoure la recerca a l\u2019aula de matem\u00e0tiques i a les disciplines STEM<\/a><\/td>\n<td style=\"width: 297.016px; text-align: center; height: 61px;\">Secund\u00e0ria<\/td>\n<td style=\"width: 109.594px; text-align: center; height: 61px;\">\n<div class=\"wp-block-column is-layout-flow wp-block-column-is-layout-flow\">\n<p>20h<\/p>\n<\/div>\n<\/td>\n<td style=\"width: 150.562px; text-align: center; height: 61px;\">EL<\/td>\n<\/tr>\n<tr style=\"height: 32px;\">\n<td style=\"width: 146.344px; height: 32px; text-align: center;\"><a href=\"https:\/\/ice.upc.edu\/ca\/noticies\/formacio-estiu-2025-secundaria-primaria-i-fp\">ICE UPC<\/a><\/td>\n<td style=\"width: 467.469px; height: 32px; text-align: center;\">\n<div class=\"wp-block-column is-layout-flow wp-block-column-is-layout-flow\">\n<p><a style=\"font-family: inherit; font-size: 1em;\" href=\"https:\/\/aplicacions.gestioeducativa.gencat.cat\/ords\/pls\/soloas\/pk_for_mod_ins.p_for_detall_activitat?p_codi=9000470014&amp;p_curs=2024-2025&amp;p_es_inscr=S\">Experiments de f\u00edsica i la seva matem\u00e0tica<\/a><\/p>\n<\/div>\n<\/td>\n<td style=\"width: 297.016px; height: 32px; text-align: center;\">Secund\u00e0ria<\/td>\n<td style=\"width: 109.594px; height: 32px; text-align: center;\">20h<\/td>\n<td style=\"width: 150.562px; height: 32px; text-align: center;\">\n<div class=\"wp-block-column is-layout-flow wp-block-column-is-layout-flow\">\n<p>P<\/p>\n<\/div>\n<\/td>\n<\/tr>\n<tr style=\"height: 32px;\">\n<td style=\"width: 146.344px; height: 32px; text-align: center;\"><a href=\"https:\/\/scm.iec.cat\/novetat-escola-destiu-scm\/?s=03\">SCM<\/a><\/td>\n<td style=\"width: 467.469px; height: 32px; text-align: center;\"><a href=\"https:\/\/docs.google.com\/forms\/d\/e\/1FAIpQLSecp9eeSG3qyPP_xCKnQnzWK2Tz65MR_zLx0h9dPHETeGOO9g\/viewform\">Resoluci\u00f3 de problemes de matem\u00e0tiques: eines i estrat\u00e8gies<\/a><\/td>\n<td style=\"width: 297.016px; height: 32px; text-align: center;\">Secund\u00e0ria i batxillerat<\/td>\n<td style=\"width: 109.594px; height: 32px; text-align: center;\">25h<\/td>\n<td style=\"width: 150.562px; height: 32px; text-align: center;\">P<\/td>\n<\/tr>\n<tr style=\"height: 56px;\">\n<td style=\"width: 146.344px; text-align: center; height: 56px;\"><a href=\"https:\/\/scm.iec.cat\/novetat-escola-destiu-scm\/?s=03\">SCM<\/a><\/td>\n<td style=\"width: 467.469px; text-align: center; height: 56px;\">\n<div class=\"wp-block-column is-layout-flow wp-block-column-is-layout-flow\">\n<p><a style=\"font-family: inherit; font-size: 1em;\" href=\"https:\/\/docs.google.com\/forms\/d\/e\/1FAIpQLSd-SVBCnzV6ferrwczEdWGIDWftURedBqBGOBCToCTFVkWs_g\/viewform\">Aplicacions de les matem\u00e0tiques amb Python<\/a><\/p>\n<\/div>\n<\/td>\n<td style=\"width: 297.016px; text-align: center; height: 56px;\">\n<div class=\"wp-block-column is-layout-flow wp-block-column-is-layout-flow\">\n<p><span style=\"font-family: inherit; font-size: 1em;\">Secund\u00e0ria i batxillerat<\/span><\/p>\n<\/div>\n<\/td>\n<td style=\"width: 109.594px; text-align: center; height: 56px;\">20h<\/td>\n<td style=\"width: 150.562px; text-align: center; height: 56px;\">P<\/td>\n<\/tr>\n<tr style=\"height: 58px;\">\n<td style=\"width: 146.344px; text-align: center; height: 58px;\"><a href=\"https:\/\/scm.iec.cat\/novetat-escola-destiu-scm\/?s=03\">SCM<\/a><\/td>\n<td style=\"width: 467.469px; text-align: center; height: 58px;\"><a href=\"https:\/\/docs.google.com\/forms\/d\/e\/1FAIpQLSdYgaqxCkI-URa6SYn_2xbxz6OUo2LO5CxRCgm3LoxkOkk3tQ\/viewform\">La integral de Riemann i el c\u00e0lcul de primitives<\/a><\/td>\n<td style=\"width: 297.016px; text-align: center; height: 58px;\">Batxillerat<\/td>\n<td style=\"width: 109.594px; text-align: center; height: 58px;\">20h<\/td>\n<td style=\"width: 150.562px; text-align: center; height: 58px;\">\n<div class=\"wp-block-column is-layout-flow wp-block-column-is-layout-flow\">\n<p>P<\/p>\n<\/div>\n<\/td>\n<\/tr>\n<tr style=\"height: 56px;\">\n<td style=\"width: 146.344px; text-align: center; height: 56px;\"><a href=\"https:\/\/scm.iec.cat\/novetat-escola-destiu-scm\/?s=03\">SCM<\/a><\/td>\n<td style=\"width: 467.469px; text-align: center; height: 56px;\">Teixir el curr\u00edculum: connexions entre etapes i estructuraci\u00f3 del pensament matem\u00e0tic (<a href=\"https:\/\/docs.google.com\/forms\/d\/e\/1FAIpQLScuzW3T8cIGdpYmAg5OyM-Xm43_3x0_ey8TShprehDeRoZIOA\/viewform\">ST Lleida<\/a>, <a href=\"https:\/\/docs.google.com\/forms\/d\/e\/1FAIpQLSfhJKu3_zdnCHt78V8ykXP6WLrY7xBG-6NFRBkAb5QqOr0yVQ\/viewform\" data-type=\"link\" data-id=\"https:\/\/docs.google.com\/forms\/d\/e\/1FAIpQLSfhJKu3_zdnCHt78V8ykXP6WLrY7xBG-6NFRBkAb5QqOr0yVQ\/viewform\">ST Catalunya Central<\/a>)<\/td>\n<td style=\"width: 297.016px; text-align: center; height: 56px;\">Secund\u00e0ria<\/td>\n<td style=\"width: 109.594px; text-align: center; height: 56px;\">15h<\/td>\n<td style=\"width: 150.562px; text-align: center; height: 56px;\">\n<div class=\"wp-block-column is-layout-flow wp-block-column-is-layout-flow\">\n<p>SP<\/p>\n<\/div>\n<\/td>\n<\/tr>\n<tr style=\"height: 32px;\">\n<td style=\"width: 146.344px; height: 32px; text-align: center;\"><a href=\"https:\/\/www.rosasensat.org\/programa-formatiu-60a-escola-destiu\/\">Rosa Sensat<\/a><\/td>\n<td style=\"width: 467.469px; height: 32px; text-align: center;\">\n<div class=\"wp-block-column is-layout-flow wp-block-column-is-layout-flow\">\n<p><a style=\"font-family: inherit; font-size: 1em;\" href=\"https:\/\/www.rosasensat.org\/es\/producte\/la-numeracio-i-el-calcul-com-no-els-has-vist-mai\/\">La numeraci\u00f3 i el c\u00e0lcul com no els has vist mai<\/a><\/p>\n<\/div>\n<\/td>\n<td style=\"width: 297.016px; height: 32px; text-align: center;\">\n<div class=\"wp-block-column is-layout-flow wp-block-column-is-layout-flow\">\n<p>Infantil i prim\u00e0ria<\/p>\n<\/div>\n<\/td>\n<td style=\"width: 109.594px; height: 32px; text-align: center;\">30h<\/td>\n<td style=\"width: 150.562px; height: 32px; text-align: center;\">P<\/td>\n<\/tr>\n<\/tbody>\n<\/table>\n<\/div>\n<div class=\"wp-block-columns has-ast-global-color-6-background-color has-background is-layout-flex wp-container-core-columns-is-layout-15 wp-block-columns-is-layout-flex\" style=\"text-align: left;\"><\/div>\n","protected":false},"excerpt":{"rendered":"<p>Forma\u2019t en matem\u00e0tiques! Formacions d\u2019estiu per a docents d\u2019educaci\u00f3 infantil, educaci\u00f3 b\u00e0sica (Prim\u00e0ria i Secund\u00e0ria) i batxillerat organitzades per entitats que contribueixen a la millora de la pr\u00e0ctica docent. N\u2019hi ha de tem\u00e0tiques \u00e0mplies i diverses com tamb\u00e9 molt concretes i espec\u00edfiques, presencials (P), semi presencials (SP) i en l\u00ednia (EL). Segur que n\u2019hi ha [&hellip;]<\/p>\n","protected":false},"author":11,"featured_media":12317,"comment_status":"open","ping_status":"open","sticky":false,"template":"","format":"standard","meta":{"_bbp_topic_count":0,"_bbp_reply_count":0,"_bbp_total_topic_count":0,"_bbp_total_reply_count":0,"_bbp_voice_count":0,"_bbp_anonymous_reply_count":0,"_bbp_topic_count_hidden":0,"_bbp_reply_count_hidden":0,"_bbp_forum_subforum_count":0,"site-sidebar-layout":"default","site-content-layout":"","ast-site-content-layout":"","site-content-style":"default","site-sidebar-style":"default","ast-global-header-display":"","ast-banner-title-visibility":"","ast-main-header-display":"","ast-hfb-above-header-display":"","ast-hfb-below-header-display":"","ast-hfb-mobile-header-display":"","site-post-title":"","ast-breadcrumbs-content":"","ast-featured-img":"","footer-sml-layout":"","theme-transparent-header-meta":"","adv-header-id-meta":"","stick-header-meta":"","header-above-stick-meta":"","header-main-stick-meta":"","header-below-stick-meta":"","astra-migrate-meta-layouts":"default","ast-page-background-enabled":"default","ast-page-background-meta":{"desktop":{"background-color":"var(--ast-global-color-4)","background-image":"","background-repeat":"repeat","background-position":"center center","background-size":"auto","background-attachment":"scroll","background-type":"","background-media":"","overlay-type":"","overlay-color":"","overlay-opacity":"","overlay-gradient":""},"tablet":{"background-color":"","background-image":"","background-repeat":"repeat","background-position":"center center","background-size":"auto","background-attachment":"scroll","background-type":"","background-media":"","overlay-type":"","overlay-color":"","overlay-opacity":"","overlay-gradient":""},"mobile":{"background-color":"","background-image":"","background-repeat":"repeat","background-position":"center center","background-size":"auto","background-attachment":"scroll","background-type":"","background-media":"","overlay-type":"","overlay-color":"","overlay-opacity":"","overlay-gradient":""}},"ast-content-background-meta":{"desktop":{"background-color":"var(--ast-global-color-5)","background-image":"","background-repeat":"repeat","background-position":"center center","background-size":"auto","background-attachment":"scroll","background-type":"","background-media":"","overlay-type":"","overlay-color":"","overlay-opacity":"","overlay-gradient":""},"tablet":{"background-color":"var(--ast-global-color-5)","background-image":"","background-repeat":"repeat","background-position":"center center","background-size":"auto","background-attachment":"scroll","background-type":"","background-media":"","overlay-type":"","overlay-color":"","overlay-opacity":"","overlay-gradient":""},"mobile":{"background-color":"var(--ast-global-color-5)","background-image":"","background-repeat":"repeat","background-position":"center center","background-size":"auto","background-attachment":"scroll","background-type":"","background-media":"","overlay-type":"","overlay-color":"","overlay-opacity":"","overlay-gradient":""}},"footnotes":""},"categories":[206,1,170,29],"tags":[],"class_list":["post-12314","post","type-post","status-publish","format-standard","has-post-thumbnail","hentry","category-formacio","category-general","category-matematiques","category-portada"],"post_mailing_queue_ids":[],"_links":{"self":[{"href":"https:\/\/serveiseducatius.xtec.cat\/baixllobregat8\/wp-json\/wp\/v2\/posts\/12314","targetHints":{"allow":["GET"]}}],"collection":[{"href":"https:\/\/serveiseducatius.xtec.cat\/baixllobregat8\/wp-json\/wp\/v2\/posts"}],"about":[{"href":"https:\/\/serveiseducatius.xtec.cat\/baixllobregat8\/wp-json\/wp\/v2\/types\/post"}],"author":[{"embeddable":true,"href":"https:\/\/serveiseducatius.xtec.cat\/baixllobregat8\/wp-json\/wp\/v2\/users\/11"}],"replies":[{"embeddable":true,"href":"https:\/\/serveiseducatius.xtec.cat\/baixllobregat8\/wp-json\/wp\/v2\/comments?post=12314"}],"version-history":[{"count":6,"href":"https:\/\/serveiseducatius.xtec.cat\/baixllobregat8\/wp-json\/wp\/v2\/posts\/12314\/revisions"}],"predecessor-version":[{"id":12333,"href":"https:\/\/serveiseducatius.xtec.cat\/baixllobregat8\/wp-json\/wp\/v2\/posts\/12314\/revisions\/12333"}],"wp:featuredmedia":[{"embeddable":true,"href":"https:\/\/serveiseducatius.xtec.cat\/baixllobregat8\/wp-json\/wp\/v2\/media\/12317"}],"wp:attachment":[{"href":"https:\/\/serveiseducatius.xtec.cat\/baixllobregat8\/wp-json\/wp\/v2\/media?parent=12314"}],"wp:term":[{"taxonomy":"category","embeddable":true,"href":"https:\/\/serveiseducatius.xtec.cat\/baixllobregat8\/wp-json\/wp\/v2\/categories?post=12314"},{"taxonomy":"post_tag","embeddable":true,"href":"https:\/\/serveiseducatius.xtec.cat\/baixllobregat8\/wp-json\/wp\/v2\/tags?post=12314"}],"curies":[{"name":"wp","href":"https:\/\/api.w.org\/{rel}","templated":true}]}}