{"id":12203,"date":"2025-05-19T09:54:27","date_gmt":"2025-05-19T07:54:27","guid":{"rendered":"https:\/\/serveiseducatius.xtec.cat\/baixllobregat8\/?p=12203"},"modified":"2025-05-19T15:08:02","modified_gmt":"2025-05-19T13:08:02","slug":"formacio-destiu-2025","status":"publish","type":"post","link":"https:\/\/serveiseducatius.xtec.cat\/baixllobregat8\/portada\/formacio-destiu-2025\/","title":{"rendered":"Formaci\u00f3 d&#8217;Estiu 2025"},"content":{"rendered":"<p><a href=\"https:\/\/serveiseducatius.xtec.cat\/baixllobregat8\/wp-content\/uploads\/usu777\/2025\/05\/Captura-de-pantalla-2025-05-19-094503.png\"><img loading=\"lazy\" decoding=\"async\" class=\"alignnone wp-image-12204\" src=\"https:\/\/serveiseducatius.xtec.cat\/baixllobregat8\/wp-content\/uploads\/usu777\/2025\/05\/Captura-de-pantalla-2025-05-19-094503.png\" alt=\"\" width=\"517\" height=\"283\" srcset=\"https:\/\/serveiseducatius.xtec.cat\/baixllobregat8\/wp-content\/uploads\/usu777\/2025\/05\/Captura-de-pantalla-2025-05-19-094503.png 745w, https:\/\/serveiseducatius.xtec.cat\/baixllobregat8\/wp-content\/uploads\/usu777\/2025\/05\/Captura-de-pantalla-2025-05-19-094503-300x164.png 300w\" sizes=\"auto, (max-width: 517px) 100vw, 517px\" \/><\/a><\/p>\n<p><strong>Ja podeu consultar la <a title=\"Formaci\u00f3 d'estiu \" href=\"https:\/\/xtec.gencat.cat\/ca\/formacio\/formacio-estiu\/\"><span class=\"col-sm-12 dekstop\">Formaci\u00f3 d&#8217;estiu 2025<\/span><\/a><\/strong><\/p>\n<p class=\"descripcio grayDescription\"><strong>Inscripcions fins al 29 de maig<\/strong><\/p>\n<div class=\"panel-heading fons_blanc\">\n<p class=\"panel-title fb_no-separador titol-pd-btm\"><strong>M\u00e9s formaci\u00f3<\/strong><\/p>\n<\/div>\n<div class=\"panel-body fons_gris no-button no-button-xs\">\n<ul class=\"llistat_enllacos_filet_cont list-group\">\n<li class=\"list-group-item col-sm-12 espai-elements-llista\"><a class=\"\" title=\"Activitats organitzades pels Instituts de Ci\u00e8ncies de l'Educaci\u00f3\" href=\"https:\/\/xtec.gencat.cat\/ca\/formacio\/formacio-altres-institucions\/instituts-ciencies-educacio\/\" target=\"_self\" rel=\"noopener\"><span class=\"list-group-item-wrapper-content\">Activitats organitzades pels Instituts de Ci\u00e8ncies de l&#8217;Educaci\u00f3<\/span><\/a><\/li>\n<li class=\"list-group-item col-sm-12 espai-elements-llista\"><a class=\"\" title=\"Activitats reconegudes pel Departament d'Educaci\u00f3\" href=\"https:\/\/xtec.gencat.cat\/ca\/formacio\/formacio-altres-institucions\/activitats-reconegudes\/\" target=\"_self\" rel=\"noopener\"><span class=\"list-group-item-wrapper-content\">Activitats reconegudes pel Departament d&#8217;Educaci\u00f3<\/span><\/a><\/li>\n<li class=\"list-group-item col-sm-12 espai-elements-llista\"><a class=\"\" title=\"Formaci\u00f3 d'altres institucions\" href=\"https:\/\/xtec.gencat.cat\/ca\/formacio\/formacio-altres-institucions\/mes-activitats\/\" target=\"_blank\" rel=\"noopener\"><span class=\"list-group-item-wrapper-content\">Formaci\u00f3 d&#8217;altres institucions<\/span><\/a><\/li>\n<\/ul>\n<\/div>\n<table class=\" aligncenter\" style=\"border-collapse: collapse; width: 76.8284%; height: 322px;\">\n<tbody>\n<tr style=\"height: 43px;\">\n<td style=\"width: 530.016px; height: 43px; text-align: center;\"><a class=\"distribuidora-item-link\" title=\"\u00c0mbit art\u00edstic\" href=\"https:\/\/xtec.gencat.cat\/ca\/formacio\/formacio-estiu\/ambit-artistic\/\" target=\"_self\" rel=\"noopener\">\u00c0mbit art\u00edstic<\/a><\/td>\n<td style=\"width: 529.984px; height: 43px; text-align: center;\"><a class=\"distribuidora-item-link\" title=\"Benestar\" href=\"https:\/\/xtec.gencat.cat\/ca\/formacio\/formacio-estiu\/benestar\/\" target=\"_self\" rel=\"noopener\">Benestar<\/a><\/td>\n<\/tr>\n<tr style=\"height: 26px;\">\n<td style=\"width: 530.016px; height: 26px; text-align: center;\">\n<div class=\"col-xs-12 col-sm-6\">\n<div class=\"distribuidora-item grey\"><\/div>\n<\/div>\n<div class=\"col-xs-12 col-sm-6\">\n<div class=\"distribuidora-item grey\">\n<p><a class=\"distribuidora-item-link\" title=\"Coeducaci\u00f3 i viol\u00e8ncies masclistes\" href=\"https:\/\/xtec.gencat.cat\/ca\/formacio\/formacio-estiu\/coeducacio-i-violencies-masclistes\/\" target=\"_self\" rel=\"noopener\">Coeducaci\u00f3 i viol\u00e8ncies masclistes<\/a><\/p>\n<\/div>\n<\/div>\n<\/td>\n<td style=\"width: 529.984px; height: 26px; text-align: center;\"><a class=\"distribuidora-item-link\" title=\"Compet\u00e8ncia ling\u00fc\u00edstica\" href=\"https:\/\/xtec.gencat.cat\/ca\/formacio\/formacio-estiu\/competencia-linguistica\/\" target=\"_self\" rel=\"noopener\">Compet\u00e8ncia ling\u00fc\u00edstica<\/a><\/td>\n<\/tr>\n<tr style=\"height: 49px;\">\n<td style=\"width: 530.016px; height: 49px; text-align: center;\"><a class=\"distribuidora-item-link\" title=\"Conviv\u00e8ncia positiva\" href=\"https:\/\/xtec.gencat.cat\/ca\/formacio\/formacio-estiu\/convivencia-positiva\/\" target=\"_self\" rel=\"noopener\">Conviv\u00e8ncia positiva<\/a><\/td>\n<td style=\"width: 529.984px; height: 49px; text-align: center;\"><a class=\"distribuidora-item-link\" title=\"Cultura digital\" href=\"https:\/\/xtec.gencat.cat\/ca\/formacio\/formacio-estiu\/cultura-digital\/\" target=\"_self\" rel=\"noopener\">Cultura digital<\/a><\/td>\n<\/tr>\n<tr style=\"height: 53px;\">\n<td style=\"width: 530.016px; height: 53px; text-align: center;\"><a class=\"distribuidora-item-link\" title=\"EOI\" href=\"https:\/\/xtec.gencat.cat\/ca\/formacio\/formacio-estiu\/eoi\/\" target=\"_self\" rel=\"noopener\">EOI<\/a><\/td>\n<td style=\"width: 529.984px; height: 53px; text-align: center;\"><a class=\"distribuidora-item-link\" title=\"Escoles d'estiu\" href=\"https:\/\/xtec.gencat.cat\/ca\/formacio\/formacio-estiu\/escoles-estiu\/\" target=\"_self\" rel=\"noopener\">Escoles d&#8217;estiu<\/a><\/td>\n<\/tr>\n<tr style=\"height: 47px;\">\n<td style=\"width: 530.016px; height: 47px; text-align: center;\"><a class=\"distribuidora-item-link\" title=\"Lleng\u00fces estrangeres\" href=\"https:\/\/xtec.gencat.cat\/ca\/formacio\/formacio-estiu\/llenguesestrangeres\/\" target=\"_self\" rel=\"noopener\">Lleng\u00fces estrangeres<\/a><\/td>\n<td style=\"width: 529.984px; height: 47px; text-align: center;\"><a class=\"distribuidora-item-link\" title=\"Orientaci\u00f3 i acci\u00f3 tutorial\" href=\"https:\/\/xtec.gencat.cat\/ca\/formacio\/formacio-estiu\/orientacio-i-accio-tutorial\/\" target=\"_self\" rel=\"noopener\">Orientaci\u00f3 i acci\u00f3 tutorial<\/a><\/td>\n<\/tr>\n<tr style=\"height: 59px;\">\n<td style=\"width: 530.016px; height: 59px; text-align: center;\"><a class=\"distribuidora-item-link\" title=\"qCampusFP\" href=\"https:\/\/xtec.gencat.cat\/ca\/formacio\/formacio-estiu\/qcampusfp\/\" target=\"_self\" rel=\"noopener\">qCampusFP<\/a><\/td>\n<td style=\"width: 529.984px; height: 59px; text-align: center;\"><a class=\"distribuidora-item-link\" title=\"Recerca educativa\" href=\"https:\/\/xtec.gencat.cat\/ca\/formacio\/formacio-estiu\/recerca-educativa\/\" target=\"_self\" rel=\"noopener\">Recerca educativa<\/a><\/td>\n<\/tr>\n<tr style=\"height: 14px;\">\n<td style=\"width: 530.016px; height: 14px; text-align: center;\"><a class=\"distribuidora-item-link\" title=\"Sostenibilitat\" href=\"https:\/\/xtec.gencat.cat\/ca\/formacio\/formacio-estiu\/sostenibilitat\/\" target=\"_self\" rel=\"noopener\">Sostenibilitat<\/a><\/td>\n<td style=\"width: 529.984px; height: 14px; text-align: center;\">\n<div class=\"col-xs-12 col-sm-6\">\n<div class=\"distribuidora-item grey\"><\/div>\n<\/div>\n<div class=\"col-xs-12 col-sm-6\">\n<div class=\"distribuidora-item grey\">\n<p><a class=\"distribuidora-item-link\" title=\"STEAM\" href=\"https:\/\/xtec.gencat.cat\/ca\/formacio\/formacio-estiu\/steam\/\" target=\"_self\" rel=\"noopener\">STEAM<\/a><\/p>\n<\/div>\n<\/div>\n<\/td>\n<\/tr>\n<tr style=\"height: 31px;\">\n<td style=\"width: 530.016px; height: 31px; text-align: center;\"><a class=\"distribuidora-item-link\" title=\"Universitats i centres d'ensenyaments art\u00edstics superiors\" href=\"https:\/\/xtec.gencat.cat\/ca\/formacio\/formacio-estiu\/activitats-estiu-universitats-centres-ensenyaments-artistics-superiors\/\" target=\"_self\" rel=\"noopener\">Universitats i centres d&#8217;ensenyaments art\u00edstics superiors<\/a><\/td>\n<td style=\"width: 529.984px; height: 31px; text-align: center;\">\n<div class=\"col-xs-12 col-sm-6\">\n<div class=\"distribuidora-item grey\"><\/div>\n<\/div>\n<\/td>\n<\/tr>\n<\/tbody>\n<\/table>\n<div class=\"col-xs-12 col-sm-6\">\n<div class=\"distribuidora-item grey\" style=\"text-align: center;\"><\/div>\n<\/div>\n<p>&nbsp;<\/p>\n<p>&nbsp;<\/p>\n","protected":false},"excerpt":{"rendered":"<p>Ja podeu consultar la Formaci\u00f3 d&#8217;estiu 2025 Inscripcions fins al 29 de maig M\u00e9s formaci\u00f3 Activitats organitzades pels Instituts de Ci\u00e8ncies de l&#8217;Educaci\u00f3 Activitats reconegudes pel Departament d&#8217;Educaci\u00f3 Formaci\u00f3 d&#8217;altres institucions \u00c0mbit art\u00edstic Benestar Coeducaci\u00f3 i viol\u00e8ncies masclistes Compet\u00e8ncia ling\u00fc\u00edstica Conviv\u00e8ncia positiva Cultura digital EOI Escoles d&#8217;estiu Lleng\u00fces estrangeres Orientaci\u00f3 i acci\u00f3 tutorial qCampusFP Recerca [&hellip;]<\/p>\n","protected":false},"author":11,"featured_media":0,"comment_status":"open","ping_status":"closed","sticky":false,"template":"","format":"standard","meta":{"_bbp_topic_count":0,"_bbp_reply_count":0,"_bbp_total_topic_count":0,"_bbp_total_reply_count":0,"_bbp_voice_count":0,"_bbp_anonymous_reply_count":0,"_bbp_topic_count_hidden":0,"_bbp_reply_count_hidden":0,"_bbp_forum_subforum_count":0,"site-sidebar-layout":"default","site-content-layout":"","ast-site-content-layout":"","site-content-style":"default","site-sidebar-style":"default","ast-global-header-display":"","ast-banner-title-visibility":"","ast-main-header-display":"","ast-hfb-above-header-display":"","ast-hfb-below-header-display":"","ast-hfb-mobile-header-display":"","site-post-title":"","ast-breadcrumbs-content":"","ast-featured-img":"","footer-sml-layout":"","theme-transparent-header-meta":"","adv-header-id-meta":"","stick-header-meta":"","header-above-stick-meta":"","header-main-stick-meta":"","header-below-stick-meta":"","astra-migrate-meta-layouts":"default","ast-page-background-enabled":"default","ast-page-background-meta":{"desktop":{"background-color":"var(--ast-global-color-4)","background-image":"","background-repeat":"repeat","background-position":"center center","background-size":"auto","background-attachment":"scroll","background-type":"","background-media":"","overlay-type":"","overlay-color":"","overlay-opacity":"","overlay-gradient":""},"tablet":{"background-color":"","background-image":"","background-repeat":"repeat","background-position":"center center","background-size":"auto","background-attachment":"scroll","background-type":"","background-media":"","overlay-type":"","overlay-color":"","overlay-opacity":"","overlay-gradient":""},"mobile":{"background-color":"","background-image":"","background-repeat":"repeat","background-position":"center center","background-size":"auto","background-attachment":"scroll","background-type":"","background-media":"","overlay-type":"","overlay-color":"","overlay-opacity":"","overlay-gradient":""}},"ast-content-background-meta":{"desktop":{"background-color":"var(--ast-global-color-5)","background-image":"","background-repeat":"repeat","background-position":"center center","background-size":"auto","background-attachment":"scroll","background-type":"","background-media":"","overlay-type":"","overlay-color":"","overlay-opacity":"","overlay-gradient":""},"tablet":{"background-color":"var(--ast-global-color-5)","background-image":"","background-repeat":"repeat","background-position":"center center","background-size":"auto","background-attachment":"scroll","background-type":"","background-media":"","overlay-type":"","overlay-color":"","overlay-opacity":"","overlay-gradient":""},"mobile":{"background-color":"var(--ast-global-color-5)","background-image":"","background-repeat":"repeat","background-position":"center center","background-size":"auto","background-attachment":"scroll","background-type":"","background-media":"","overlay-type":"","overlay-color":"","overlay-opacity":"","overlay-gradient":""}},"footnotes":""},"categories":[206,29],"tags":[],"class_list":["post-12203","post","type-post","status-publish","format-standard","hentry","category-formacio","category-portada"],"post_mailing_queue_ids":[],"_links":{"self":[{"href":"https:\/\/serveiseducatius.xtec.cat\/baixllobregat8\/wp-json\/wp\/v2\/posts\/12203","targetHints":{"allow":["GET"]}}],"collection":[{"href":"https:\/\/serveiseducatius.xtec.cat\/baixllobregat8\/wp-json\/wp\/v2\/posts"}],"about":[{"href":"https:\/\/serveiseducatius.xtec.cat\/baixllobregat8\/wp-json\/wp\/v2\/types\/post"}],"author":[{"embeddable":true,"href":"https:\/\/serveiseducatius.xtec.cat\/baixllobregat8\/wp-json\/wp\/v2\/users\/11"}],"replies":[{"embeddable":true,"href":"https:\/\/serveiseducatius.xtec.cat\/baixllobregat8\/wp-json\/wp\/v2\/comments?post=12203"}],"version-history":[{"count":6,"href":"https:\/\/serveiseducatius.xtec.cat\/baixllobregat8\/wp-json\/wp\/v2\/posts\/12203\/revisions"}],"predecessor-version":[{"id":12211,"href":"https:\/\/serveiseducatius.xtec.cat\/baixllobregat8\/wp-json\/wp\/v2\/posts\/12203\/revisions\/12211"}],"wp:attachment":[{"href":"https:\/\/serveiseducatius.xtec.cat\/baixllobregat8\/wp-json\/wp\/v2\/media?parent=12203"}],"wp:term":[{"taxonomy":"category","embeddable":true,"href":"https:\/\/serveiseducatius.xtec.cat\/baixllobregat8\/wp-json\/wp\/v2\/categories?post=12203"},{"taxonomy":"post_tag","embeddable":true,"href":"https:\/\/serveiseducatius.xtec.cat\/baixllobregat8\/wp-json\/wp\/v2\/tags?post=12203"}],"curies":[{"name":"wp","href":"https:\/\/api.w.org\/{rel}","templated":true}]}}