{"id":11931,"date":"2025-02-21T10:46:56","date_gmt":"2025-02-21T09:46:56","guid":{"rendered":"https:\/\/serveiseducatius.xtec.cat\/baixllobregat8\/?p=11931"},"modified":"2025-02-21T11:29:46","modified_gmt":"2025-02-21T10:29:46","slug":"exposicio-transitar","status":"publish","type":"post","link":"https:\/\/serveiseducatius.xtec.cat\/baixllobregat8\/portada\/exposicio-transitar\/","title":{"rendered":"Exposici\u00f3 Transitar"},"content":{"rendered":"<p>La<a href=\"https:\/\/serveiseducatius.xtec.cat\/baixllobregat8\/wp-content\/uploads\/usu777\/2025\/02\/claudia_torrents-somnis_i_realitats.jpg\"><img loading=\"lazy\" decoding=\"async\" class=\"wp-image-11932 alignleft\" src=\"https:\/\/serveiseducatius.xtec.cat\/baixllobregat8\/wp-content\/uploads\/usu777\/2025\/02\/claudia_torrents-somnis_i_realitats-300x298.jpg\" alt=\"\" width=\"227\" height=\"226\" srcset=\"https:\/\/serveiseducatius.xtec.cat\/baixllobregat8\/wp-content\/uploads\/usu777\/2025\/02\/claudia_torrents-somnis_i_realitats-300x298.jpg 300w, https:\/\/serveiseducatius.xtec.cat\/baixllobregat8\/wp-content\/uploads\/usu777\/2025\/02\/claudia_torrents-somnis_i_realitats-150x150.jpg 150w, https:\/\/serveiseducatius.xtec.cat\/baixllobregat8\/wp-content\/uploads\/usu777\/2025\/02\/claudia_torrents-somnis_i_realitats.jpg 500w\" sizes=\"auto, (max-width: 227px) 100vw, 227px\" \/><\/a> casa, on som nosaltres mateixos, esdev\u00e9 una bona met\u00e0fora per l\u2019autoconeixement. Si ens preguntem sobre els nostres <a href=\"https:\/\/www.diba.cat\/es\/web\/transitar\/exposicio\/continguts\/somnis\">somnis i realitats<\/a> obtindrem petites pistes per a con\u00e8ixer-nos millor i saber on som.<\/p>\n<p style=\"text-align: right;\"><em><span style=\"font-family: inherit; font-size: 1em;\">&#8220;Si vols construir un vaixell, no comencis per buscar fusta, tallar taulons o distribuir la feina, sin\u00f3 que primer has d\u2019evocar l\u2019anhel del mar lliure i ample\u201d.<\/span><\/em><\/p>\n<p style=\"text-align: right;\"><em><span style=\"font-family: inherit; font-size: 1em;\">Saint-Exup\u00e9ry<\/span><\/em><\/p>\n<p>&nbsp;<\/p>\n<p>&nbsp;<\/p>\n<p>Dimecres es va inaugurar a l&#8217;Espai Baronda d&#8217;Esplugues de Llobregat l&#8217;exposici\u00f3 <a href=\"https:\/\/www.diba.cat\/es\/web\/transitar\/inici\"><strong>TRANSITAR<\/strong><\/a> en el marc del <strong>Pla Educatiu d&#8217;Entorn<\/strong>. Aquest projecte \u00e9s l\u2019aposta de la <a href=\"https:\/\/www.diba.cat\/web\/educacio\/orientacio\" target=\"_blank\" rel=\"noopener\">Ger\u00e8ncia de Serveis d\u2019Educaci\u00f3<\/a>\u00a0per sensibilitzar sobre la <strong>import\u00e0ncia de l\u2019orientaci\u00f3 com una compet\u00e8ncia personal<\/strong> que permet gestionar els processos de transici\u00f3 al llarg de la vida en tota la seva amplitud.<\/p>\n\r\n\t<div class=\"slideshow_container slideshow_container_style-light\" style=\"height: 300px; \" data-slideshow-id=\"11942\" data-style-name=\"style-light\" data-style-version=\"2.3.1\" >\r\n\r\n\t\t\t\t\t<div class=\"slideshow_loading_icon\"><\/div>\r\n\t\t\r\n\t\t<div class=\"slideshow_content\" style=\"display: none;\">\r\n\r\n\t\t\t<div class=\"slideshow_view\">\r\n\t\t\t\t<div class=\"slideshow_slide slideshow_slide_image\">\r\n\t\t\t\t\t\t\t\t\t\t\t<img src=\"https:\/\/serveiseducatius.xtec.cat\/baixllobregat8\/wp-content\/uploads\/usu777\/2025\/02\/WhatsApp-Image-2025-02-20-at-09.01.25-1.jpeg\" alt=\"Inauguraci\u00f3 2\" width=\"1200\" height=\"1600\" \/>\r\n\t\t\t\t\t\t\t\t\t\t<div class=\"slideshow_description_box slideshow_transparent\">\r\n\t\t\t\t\t\t<div class=\"slideshow_title\">Inauguraci\u00f3 2<\/div>\t\t\t\t\t\t\t\t\t\t\t<\/div>\r\n\t\t\t\t<\/div>\r\n\r\n\t\t\t\t\t\t<div style=\"clear: both;\"><\/div><\/div><div class=\"slideshow_view\">\r\n\t\t\t\t<div class=\"slideshow_slide slideshow_slide_image\">\r\n\t\t\t\t\t\t\t\t\t\t\t<img src=\"https:\/\/serveiseducatius.xtec.cat\/baixllobregat8\/wp-content\/uploads\/usu777\/2025\/02\/WhatsApp-Image-2025-02-20-at-09.01.25.jpeg\" alt=\"Inauguraci\u00f3\" width=\"1200\" height=\"1600\" \/>\r\n\t\t\t\t\t\t\t\t\t\t<div class=\"slideshow_description_box slideshow_transparent\">\r\n\t\t\t\t\t\t<div class=\"slideshow_title\">Inauguraci\u00f3<\/div>\t\t\t\t\t\t\t\t\t\t\t<\/div>\r\n\t\t\t\t<\/div>\r\n\r\n\t\t\t\t\t\t<div style=\"clear: both;\"><\/div><\/div><div class=\"slideshow_view\">\r\n\t\t\t\t<div class=\"slideshow_slide slideshow_slide_image\">\r\n\t\t\t\t\t\t\t\t\t\t\t<img src=\"https:\/\/serveiseducatius.xtec.cat\/baixllobregat8\/wp-content\/uploads\/usu777\/2025\/02\/04.jpg\" alt=\"La casa\" width=\"1920\" height=\"1080\" \/>\r\n\t\t\t\t\t\t\t\t\t\t<div class=\"slideshow_description_box slideshow_transparent\">\r\n\t\t\t\t\t\t<div class=\"slideshow_title\">La casa<\/div>\t\t\t\t\t\t\t\t\t\t\t<\/div>\r\n\t\t\t\t<\/div>\r\n\r\n\t\t\t\t\t\t<div style=\"clear: both;\"><\/div><\/div><div class=\"slideshow_view\">\r\n\t\t\t\t<div class=\"slideshow_slide slideshow_slide_image\">\r\n\t\t\t\t\t\t\t\t\t\t\t<img src=\"https:\/\/serveiseducatius.xtec.cat\/baixllobregat8\/wp-content\/uploads\/usu777\/2025\/02\/WhatsApp-Image-2025-02-21-at-10.52.14.jpeg\" alt=\"Fam\u00edlies d&#039;Esplugues\" width=\"1200\" height=\"1600\" \/>\r\n\t\t\t\t\t\t\t\t\t\t<div class=\"slideshow_description_box slideshow_transparent\">\r\n\t\t\t\t\t\t<div class=\"slideshow_title\">Fam\u00edlies d&#039;Esplugues<\/div>\t\t\t\t\t\t\t\t\t\t\t<\/div>\r\n\t\t\t\t<\/div>\r\n\r\n\t\t\t\t\t\t<div style=\"clear: both;\"><\/div><\/div>\r\n\t\t<\/div>\r\n\r\n\t\t<div class=\"slideshow_controlPanel slideshow_transparent\" style=\"display: none;\"><ul><li class=\"slideshow_togglePlay\" data-play-text=\"Visualitza\" data-pause-text=\"Pausa\"><\/li><\/ul><\/div>\r\n\r\n\t\t<div class=\"slideshow_button slideshow_previous slideshow_transparent\" role=\"button\" data-previous-text=\"Anterior\" style=\"display: none;\"><\/div>\r\n\t\t<div class=\"slideshow_button slideshow_next slideshow_transparent\" role=\"button\" data-next-text=\"Seg\u00fcent\" style=\"display: none;\"><\/div>\r\n\r\n\t\t<div class=\"slideshow_pagination\" style=\"display: none;\" data-go-to-text=\"V\u00e9s a la diapositiva\"><div class=\"slideshow_pagination_center\"><\/div><\/div>\r\n\r\n\t\t<!-- WordPress Slideshow Version 2.3.1 -->\r\n\r\n\t\t\t<\/div>\r\n\r\n\n<p>Aquest projecte sorgeix de la necessitat de repensar l\u2019orientaci\u00f3 dins el context actual de les pol\u00edtiques educatives en la lluita contra l\u2019abandonament escolar prematur i promoure les noves oportunitats educatives.<\/p>\n<p>&nbsp;<\/p>\n<p>Des del Servei Educatiu volem animar la comunitat educativa a visitar-la, per\u00f2 molt especialment, als equips docents perqu\u00e8 puguin planificar-hi una visita amb els alumnes. L&#8217;exposici\u00f3 compta amb un material did\u00e0ctic diferenciat per edats que permet treballar els eixos de forma focalitzada (Somnis i realitats, Un m\u00f3n canviant, Formar-se al llarg de la vida, Conviure amb l\u2019\u00e8xit i el frac\u00e0s, Qui ens orienta?, L\u2019itinerari vital, La infoxicaci\u00f3, La tria, Les condicions de l\u2019entorn, Adquirir compet\u00e8ncies i Un ecosistema en xarxa). A m\u00e9s, disposa d&#8217;un <a href=\"https:\/\/www.diba.cat\/es\/web\/transitar\/exposicio\/full-sala\">full de sala, <\/a>concebut com un mapa, amb propostes d\u2019activitats i pistes de lectura per a cadascun dels panells.<\/p>\n<p><a href=\"https:\/\/www.diba.cat\/es\/web\/transitar\/activitats\"><img loading=\"lazy\" decoding=\"async\" class=\"size-full wp-image-11936 alignleft\" src=\"https:\/\/serveiseducatius.xtec.cat\/baixllobregat8\/wp-content\/uploads\/usu777\/2025\/02\/Activitats.png\" alt=\"\" width=\"846\" height=\"293\" srcset=\"https:\/\/serveiseducatius.xtec.cat\/baixllobregat8\/wp-content\/uploads\/usu777\/2025\/02\/Activitats.png 846w, https:\/\/serveiseducatius.xtec.cat\/baixllobregat8\/wp-content\/uploads\/usu777\/2025\/02\/Activitats-300x104.png 300w, https:\/\/serveiseducatius.xtec.cat\/baixllobregat8\/wp-content\/uploads\/usu777\/2025\/02\/Activitats-768x266.png 768w\" sizes=\"auto, (max-width: 846px) 100vw, 846px\" \/><\/a><\/p>\n<p>&nbsp;<\/p>\n<p>&nbsp;<\/p>\n<p>&nbsp;<\/p>\n<p>&nbsp;<\/p>\n<p>&nbsp;<\/p>\n<p>&nbsp;<\/p>\n<p>&nbsp;<\/p>\n<p>Contacteu amb l&#8217;Ariadna mitjan\u00e7ant el correu electr\u00f2nic <strong>plaeducatiuentorn@esplugues.cat<\/strong> i sol\u00b7liciteu m\u00e9s informaci\u00f3 per a visitar l&#8217;exposici\u00f3.<\/p>\n<p><a href=\"https:\/\/serveiseducatius.xtec.cat\/baixllobregat8\/wp-content\/uploads\/usu777\/2025\/02\/logo-PEE-transparent.jpg\"><img loading=\"lazy\" decoding=\"async\" class=\" wp-image-11939 alignleft\" src=\"https:\/\/serveiseducatius.xtec.cat\/baixllobregat8\/wp-content\/uploads\/usu777\/2025\/02\/logo-PEE-transparent.jpg\" alt=\"\" width=\"239\" height=\"134\" srcset=\"https:\/\/serveiseducatius.xtec.cat\/baixllobregat8\/wp-content\/uploads\/usu777\/2025\/02\/logo-PEE-transparent.jpg 375w, https:\/\/serveiseducatius.xtec.cat\/baixllobregat8\/wp-content\/uploads\/usu777\/2025\/02\/logo-PEE-transparent-300x168.jpg 300w\" sizes=\"auto, (max-width: 239px) 100vw, 239px\" \/><\/a><\/p>\n","protected":false},"excerpt":{"rendered":"<p>Dimecres es va inaugurar a l&#8217;Espai Baronda d&#8217;Esplugues de Llobregat l&#8217;exposici\u00f3 TRANSITAR en el marc del Pla Educatiu d&#8217;Entorn. Aquest projecte \u00e9s l\u2019aposta de la Ger\u00e8ncia de Serveis d\u2019Educaci\u00f3\u00a0per sensibilitzar sobre la import\u00e0ncia de l\u2019orientaci\u00f3 com una compet\u00e8ncia personal que permet gestionar els processos de transici\u00f3 al llarg de la vida en tota la seva amplitud.<\/p>\n","protected":false},"author":8,"featured_media":11935,"comment_status":"open","ping_status":"closed","sticky":false,"template":"","format":"standard","meta":{"_bbp_topic_count":0,"_bbp_reply_count":0,"_bbp_total_topic_count":0,"_bbp_total_reply_count":0,"_bbp_voice_count":0,"_bbp_anonymous_reply_count":0,"_bbp_topic_count_hidden":0,"_bbp_reply_count_hidden":0,"_bbp_forum_subforum_count":0,"site-sidebar-layout":"default","site-content-layout":"","ast-site-content-layout":"","site-content-style":"default","site-sidebar-style":"default","ast-global-header-display":"","ast-banner-title-visibility":"","ast-main-header-display":"","ast-hfb-above-header-display":"","ast-hfb-below-header-display":"","ast-hfb-mobile-header-display":"","site-post-title":"","ast-breadcrumbs-content":"","ast-featured-img":"","footer-sml-layout":"","theme-transparent-header-meta":"","adv-header-id-meta":"","stick-header-meta":"","header-above-stick-meta":"","header-main-stick-meta":"","header-below-stick-meta":"","astra-migrate-meta-layouts":"default","ast-page-background-enabled":"default","ast-page-background-meta":{"desktop":{"background-color":"var(--ast-global-color-4)","background-image":"","background-repeat":"repeat","background-position":"center center","background-size":"auto","background-attachment":"scroll","background-type":"","background-media":"","overlay-type":"","overlay-color":"","overlay-opacity":"","overlay-gradient":""},"tablet":{"background-color":"","background-image":"","background-repeat":"repeat","background-position":"center center","background-size":"auto","background-attachment":"scroll","background-type":"","background-media":"","overlay-type":"","overlay-color":"","overlay-opacity":"","overlay-gradient":""},"mobile":{"background-color":"","background-image":"","background-repeat":"repeat","background-position":"center center","background-size":"auto","background-attachment":"scroll","background-type":"","background-media":"","overlay-type":"","overlay-color":"","overlay-opacity":"","overlay-gradient":""}},"ast-content-background-meta":{"desktop":{"background-color":"var(--ast-global-color-5)","background-image":"","background-repeat":"repeat","background-position":"center center","background-size":"auto","background-attachment":"scroll","background-type":"","background-media":"","overlay-type":"","overlay-color":"","overlay-opacity":"","overlay-gradient":""},"tablet":{"background-color":"var(--ast-global-color-5)","background-image":"","background-repeat":"repeat","background-position":"center center","background-size":"auto","background-attachment":"scroll","background-type":"","background-media":"","overlay-type":"","overlay-color":"","overlay-opacity":"","overlay-gradient":""},"mobile":{"background-color":"var(--ast-global-color-5)","background-image":"","background-repeat":"repeat","background-position":"center center","background-size":"auto","background-attachment":"scroll","background-type":"","background-media":"","overlay-type":"","overlay-color":"","overlay-opacity":"","overlay-gradient":""}},"footnotes":""},"categories":[316,68,75,29,319],"tags":[271,506],"class_list":["post-11931","post","type-post","status-publish","format-standard","has-post-thumbnail","hentry","category-coeducacio","category-elic","category-pee","category-portada","category-servei-comuniari","tag-orientacio","tag-transitar"],"post_mailing_queue_ids":[],"_links":{"self":[{"href":"https:\/\/serveiseducatius.xtec.cat\/baixllobregat8\/wp-json\/wp\/v2\/posts\/11931","targetHints":{"allow":["GET"]}}],"collection":[{"href":"https:\/\/serveiseducatius.xtec.cat\/baixllobregat8\/wp-json\/wp\/v2\/posts"}],"about":[{"href":"https:\/\/serveiseducatius.xtec.cat\/baixllobregat8\/wp-json\/wp\/v2\/types\/post"}],"author":[{"embeddable":true,"href":"https:\/\/serveiseducatius.xtec.cat\/baixllobregat8\/wp-json\/wp\/v2\/users\/8"}],"replies":[{"embeddable":true,"href":"https:\/\/serveiseducatius.xtec.cat\/baixllobregat8\/wp-json\/wp\/v2\/comments?post=11931"}],"version-history":[{"count":5,"href":"https:\/\/serveiseducatius.xtec.cat\/baixllobregat8\/wp-json\/wp\/v2\/posts\/11931\/revisions"}],"predecessor-version":[{"id":11946,"href":"https:\/\/serveiseducatius.xtec.cat\/baixllobregat8\/wp-json\/wp\/v2\/posts\/11931\/revisions\/11946"}],"wp:featuredmedia":[{"embeddable":true,"href":"https:\/\/serveiseducatius.xtec.cat\/baixllobregat8\/wp-json\/wp\/v2\/media\/11935"}],"wp:attachment":[{"href":"https:\/\/serveiseducatius.xtec.cat\/baixllobregat8\/wp-json\/wp\/v2\/media?parent=11931"}],"wp:term":[{"taxonomy":"category","embeddable":true,"href":"https:\/\/serveiseducatius.xtec.cat\/baixllobregat8\/wp-json\/wp\/v2\/categories?post=11931"},{"taxonomy":"post_tag","embeddable":true,"href":"https:\/\/serveiseducatius.xtec.cat\/baixllobregat8\/wp-json\/wp\/v2\/tags?post=11931"}],"curies":[{"name":"wp","href":"https:\/\/api.w.org\/{rel}","templated":true}]}}