{"id":11283,"date":"2024-06-12T12:44:43","date_gmt":"2024-06-12T10:44:43","guid":{"rendered":"https:\/\/serveiseducatius.xtec.cat\/baixllobregat8\/?p=11283"},"modified":"2024-06-12T12:44:57","modified_gmt":"2024-06-12T10:44:57","slug":"revetlla-a-lescola-obra-de-teatre-a-foc-lent","status":"publish","type":"post","link":"https:\/\/serveiseducatius.xtec.cat\/baixllobregat8\/portada\/revetlla-a-lescola-obra-de-teatre-a-foc-lent\/","title":{"rendered":"Revetlla a l&#8217;escola &#8211; obra de teatre &#8216;A foc lent&#8217;"},"content":{"rendered":"<p><strong>A foc lent<\/strong>\u00a0\u00e9s una obra de teatre pensada i recomanada <strong>per a alumnes de 5\u00e8 i 6\u00e8 de prim\u00e0ria i d&#8217;ESO<\/strong>. S&#8217;emmarca dins les activitats que la Direcci\u00f3 General de Protecci\u00f3 Civil adre\u00e7a a les escoles dins la campanya &#8216;Revetlles amb precauci\u00f3&#8217;.<\/p>\n<p>L&#8217;objectiu d&#8217;aquesta pe\u00e7a teatral \u00e9s fer con\u00e8ixer quins s\u00f3n els principals consells d&#8217;autoprotecci\u00f3 que s&#8217;han de seguir per gaudir d&#8217;una revetlla amb seguretat.<\/p>\n<p>L&#8217;obra forma part de la campanya &#8216;Revetlles amb precauci\u00f3&#8217; que la Direcci\u00f3 General de Protecci\u00f3 Civil porta a terme cada any a fi de fer arribar els consells d&#8217;autoprotecci\u00f3 a la poblaci\u00f3.<\/p>\n<p><a href=\"https:\/\/www.youtube.com\/watch?v=CxXv1vjqapU\"><strong>&#8220;A foc lent&#8221; obra de teatre de YouTube<\/strong><\/a><\/p>\n<div class=\"ast-oembed-container \" style=\"height: 100%;\"><iframe loading=\"lazy\" title=\"Tr\u00e0iler obra de teatre &quot;A foc lent&quot;\" width=\"500\" height=\"375\" src=\"https:\/\/www.youtube.com\/embed\/7oUJ8CpQV7E?feature=oembed\" frameborder=\"0\" allow=\"accelerometer; autoplay; clipboard-write; encrypted-media; gyroscope; picture-in-picture; web-share\" referrerpolicy=\"strict-origin-when-cross-origin\" allowfullscreen><\/iframe><\/div>\n<p><a href=\"https:\/\/interior.gencat.cat\/ca\/arees_dactuacio\/proteccio_civil\/consells_autoproteccio_emergencia\/mes_consells_dautoproteccio\/revetlles\/\">Consells per a una revetlla segura<\/a><\/p>\n","protected":false},"excerpt":{"rendered":"<p>A foc lent\u00a0\u00e9s una obra de teatre pensada i recomanada per a alumnes de 5\u00e8 i 6\u00e8 de prim\u00e0ria i d&#8217;ESO. S&#8217;emmarca dins les activitats que la Direcci\u00f3 General de Protecci\u00f3 Civil adre\u00e7a a les escoles dins la campanya &#8216;Revetlles amb precauci\u00f3&#8217;. L&#8217;objectiu d&#8217;aquesta pe\u00e7a teatral \u00e9s fer con\u00e8ixer quins s\u00f3n els principals consells d&#8217;autoprotecci\u00f3 [&hellip;]<\/p>\n","protected":false},"author":11,"featured_media":0,"comment_status":"open","ping_status":"closed","sticky":false,"template":"","format":"standard","meta":{"_bbp_topic_count":0,"_bbp_reply_count":0,"_bbp_total_topic_count":0,"_bbp_total_reply_count":0,"_bbp_voice_count":0,"_bbp_anonymous_reply_count":0,"_bbp_topic_count_hidden":0,"_bbp_reply_count_hidden":0,"_bbp_forum_subforum_count":0,"site-sidebar-layout":"default","site-content-layout":"","ast-site-content-layout":"","site-content-style":"default","site-sidebar-style":"default","ast-global-header-display":"","ast-banner-title-visibility":"","ast-main-header-display":"","ast-hfb-above-header-display":"","ast-hfb-below-header-display":"","ast-hfb-mobile-header-display":"","site-post-title":"","ast-breadcrumbs-content":"","ast-featured-img":"","footer-sml-layout":"","theme-transparent-header-meta":"","adv-header-id-meta":"","stick-header-meta":"","header-above-stick-meta":"","header-main-stick-meta":"","header-below-stick-meta":"","astra-migrate-meta-layouts":"default","ast-page-background-enabled":"default","ast-page-background-meta":{"desktop":{"background-color":"var(--ast-global-color-4)","background-image":"","background-repeat":"repeat","background-position":"center center","background-size":"auto","background-attachment":"scroll","background-type":"","background-media":"","overlay-type":"","overlay-color":"","overlay-opacity":"","overlay-gradient":""},"tablet":{"background-color":"","background-image":"","background-repeat":"repeat","background-position":"center center","background-size":"auto","background-attachment":"scroll","background-type":"","background-media":"","overlay-type":"","overlay-color":"","overlay-opacity":"","overlay-gradient":""},"mobile":{"background-color":"","background-image":"","background-repeat":"repeat","background-position":"center center","background-size":"auto","background-attachment":"scroll","background-type":"","background-media":"","overlay-type":"","overlay-color":"","overlay-opacity":"","overlay-gradient":""}},"ast-content-background-meta":{"desktop":{"background-color":"var(--ast-global-color-5)","background-image":"","background-repeat":"repeat","background-position":"center center","background-size":"auto","background-attachment":"scroll","background-type":"","background-media":"","overlay-type":"","overlay-color":"","overlay-opacity":"","overlay-gradient":""},"tablet":{"background-color":"var(--ast-global-color-5)","background-image":"","background-repeat":"repeat","background-position":"center center","background-size":"auto","background-attachment":"scroll","background-type":"","background-media":"","overlay-type":"","overlay-color":"","overlay-opacity":"","overlay-gradient":""},"mobile":{"background-color":"var(--ast-global-color-5)","background-image":"","background-repeat":"repeat","background-position":"center center","background-size":"auto","background-attachment":"scroll","background-type":"","background-media":"","overlay-type":"","overlay-color":"","overlay-opacity":"","overlay-gradient":""}},"footnotes":""},"categories":[29],"tags":[],"class_list":["post-11283","post","type-post","status-publish","format-standard","hentry","category-portada"],"post_mailing_queue_ids":[],"_links":{"self":[{"href":"https:\/\/serveiseducatius.xtec.cat\/baixllobregat8\/wp-json\/wp\/v2\/posts\/11283","targetHints":{"allow":["GET"]}}],"collection":[{"href":"https:\/\/serveiseducatius.xtec.cat\/baixllobregat8\/wp-json\/wp\/v2\/posts"}],"about":[{"href":"https:\/\/serveiseducatius.xtec.cat\/baixllobregat8\/wp-json\/wp\/v2\/types\/post"}],"author":[{"embeddable":true,"href":"https:\/\/serveiseducatius.xtec.cat\/baixllobregat8\/wp-json\/wp\/v2\/users\/11"}],"replies":[{"embeddable":true,"href":"https:\/\/serveiseducatius.xtec.cat\/baixllobregat8\/wp-json\/wp\/v2\/comments?post=11283"}],"version-history":[{"count":1,"href":"https:\/\/serveiseducatius.xtec.cat\/baixllobregat8\/wp-json\/wp\/v2\/posts\/11283\/revisions"}],"predecessor-version":[{"id":11284,"href":"https:\/\/serveiseducatius.xtec.cat\/baixllobregat8\/wp-json\/wp\/v2\/posts\/11283\/revisions\/11284"}],"wp:attachment":[{"href":"https:\/\/serveiseducatius.xtec.cat\/baixllobregat8\/wp-json\/wp\/v2\/media?parent=11283"}],"wp:term":[{"taxonomy":"category","embeddable":true,"href":"https:\/\/serveiseducatius.xtec.cat\/baixllobregat8\/wp-json\/wp\/v2\/categories?post=11283"},{"taxonomy":"post_tag","embeddable":true,"href":"https:\/\/serveiseducatius.xtec.cat\/baixllobregat8\/wp-json\/wp\/v2\/tags?post=11283"}],"curies":[{"name":"wp","href":"https:\/\/api.w.org\/{rel}","templated":true}]}}