{"id":10685,"date":"2024-01-18T13:43:25","date_gmt":"2024-01-18T12:43:25","guid":{"rendered":"https:\/\/serveiseducatius.xtec.cat\/baixllobregat8\/?p=10685"},"modified":"2024-01-18T13:43:25","modified_gmt":"2024-01-18T12:43:25","slug":"curs-deducacio-per-a-la-mobilitat-segura-pel-professorat-a-odissea","status":"publish","type":"post","link":"https:\/\/serveiseducatius.xtec.cat\/baixllobregat8\/portada\/curs-deducacio-per-a-la-mobilitat-segura-pel-professorat-a-odissea\/","title":{"rendered":"Curs d&#8217;educaci\u00f3 per a la mobilitat segura pel professorat a ODISSEA"},"content":{"rendered":"<p style=\"font-weight: 400;\">El Servei Catal\u00e0 de Tr\u00e0nsit ha publicat que ja est\u00e0 oberta la inscripci\u00f3 a la nova edici\u00f3 del <strong>Curs d\u2019educaci\u00f3 per a la mobilitat segura per al professorat<\/strong> de prim\u00e0ria i secund\u00e0ria.<\/p>\n<p>La formaci\u00f3 <strong>\u00e9s totalment virtual i t\u00e9 una durada de 30 hores<\/strong> formatives que cada persona pot adaptar al seu horari.<\/p>\n<p style=\"font-weight: 400;\">El curs <strong>comen\u00e7ar\u00e0 a la plataforma ODISSEA<\/strong> del Departament d\u2019Educaci\u00f3<strong> el 5 de febrer i finalitzar\u00e0 el 31 de maig de 2024.<\/strong><\/p>\n<p style=\"font-weight: 400;\"><strong>El termini d\u2019inscripcions acaba el dilluns, 5 de febrer de 2024.<\/strong><\/p>\n<p style=\"font-weight: 400;\">En aquest enlla\u00e7 trobareu tota la informaci\u00f3:<\/p>\n<p style=\"font-weight: 400;\"><a href=\"https:\/\/edums.gencat.cat\/ca\/activitats\/noticies\/detalls\/noticia\/curs-mobilitat-segura-2023-2024-00001\" data-saferedirecturl=\"https:\/\/www.google.com\/url?q=https:\/\/edums.gencat.cat\/ca\/activitats\/noticies\/detalls\/noticia\/curs-mobilitat-segura-2023-2024-00001&amp;source=gmail&amp;ust=1705666417996000&amp;usg=AOvVaw0OqCYO99praaCuDVo7v_Is\">Curs d\u2019educaci\u00f3 per a la mobilitat segura, formaci\u00f3 per al professorat. Segona edici\u00f3 2023-2024. Educaci\u00f3 per a la mobilitat segura (gencat.cat)<\/a><\/p>\n","protected":false},"excerpt":{"rendered":"<p>El Servei Catal\u00e0 de Tr\u00e0nsit ha publicat que ja est\u00e0 oberta la inscripci\u00f3 a la nova edici\u00f3 del Curs d\u2019educaci\u00f3 per a la mobilitat segura per al professorat de prim\u00e0ria i secund\u00e0ria. La formaci\u00f3 \u00e9s totalment virtual i t\u00e9 una durada de 30 hores formatives que cada persona pot adaptar al seu horari. El curs [&hellip;]<\/p>\n","protected":false},"author":11,"featured_media":10686,"comment_status":"open","ping_status":"closed","sticky":false,"template":"","format":"standard","meta":{"_bbp_topic_count":0,"_bbp_reply_count":0,"_bbp_total_topic_count":0,"_bbp_total_reply_count":0,"_bbp_voice_count":0,"_bbp_anonymous_reply_count":0,"_bbp_topic_count_hidden":0,"_bbp_reply_count_hidden":0,"_bbp_forum_subforum_count":0,"site-sidebar-layout":"default","site-content-layout":"","ast-site-content-layout":"","site-content-style":"default","site-sidebar-style":"default","ast-global-header-display":"","ast-banner-title-visibility":"","ast-main-header-display":"","ast-hfb-above-header-display":"","ast-hfb-below-header-display":"","ast-hfb-mobile-header-display":"","site-post-title":"","ast-breadcrumbs-content":"","ast-featured-img":"","footer-sml-layout":"","theme-transparent-header-meta":"","adv-header-id-meta":"","stick-header-meta":"","header-above-stick-meta":"","header-main-stick-meta":"","header-below-stick-meta":"","astra-migrate-meta-layouts":"default","ast-page-background-enabled":"default","ast-page-background-meta":{"desktop":{"background-color":"var(--ast-global-color-4)","background-image":"","background-repeat":"repeat","background-position":"center center","background-size":"auto","background-attachment":"scroll","background-type":"","background-media":"","overlay-type":"","overlay-color":"","overlay-opacity":"","overlay-gradient":""},"tablet":{"background-color":"","background-image":"","background-repeat":"repeat","background-position":"center center","background-size":"auto","background-attachment":"scroll","background-type":"","background-media":"","overlay-type":"","overlay-color":"","overlay-opacity":"","overlay-gradient":""},"mobile":{"background-color":"","background-image":"","background-repeat":"repeat","background-position":"center center","background-size":"auto","background-attachment":"scroll","background-type":"","background-media":"","overlay-type":"","overlay-color":"","overlay-opacity":"","overlay-gradient":""}},"ast-content-background-meta":{"desktop":{"background-color":"var(--ast-global-color-5)","background-image":"","background-repeat":"repeat","background-position":"center center","background-size":"auto","background-attachment":"scroll","background-type":"","background-media":"","overlay-type":"","overlay-color":"","overlay-opacity":"","overlay-gradient":""},"tablet":{"background-color":"var(--ast-global-color-5)","background-image":"","background-repeat":"repeat","background-position":"center center","background-size":"auto","background-attachment":"scroll","background-type":"","background-media":"","overlay-type":"","overlay-color":"","overlay-opacity":"","overlay-gradient":""},"mobile":{"background-color":"var(--ast-global-color-5)","background-image":"","background-repeat":"repeat","background-position":"center center","background-size":"auto","background-attachment":"scroll","background-type":"","background-media":"","overlay-type":"","overlay-color":"","overlay-opacity":"","overlay-gradient":""}},"footnotes":""},"categories":[29],"tags":[],"class_list":["post-10685","post","type-post","status-publish","format-standard","has-post-thumbnail","hentry","category-portada"],"post_mailing_queue_ids":[],"_links":{"self":[{"href":"https:\/\/serveiseducatius.xtec.cat\/baixllobregat8\/wp-json\/wp\/v2\/posts\/10685","targetHints":{"allow":["GET"]}}],"collection":[{"href":"https:\/\/serveiseducatius.xtec.cat\/baixllobregat8\/wp-json\/wp\/v2\/posts"}],"about":[{"href":"https:\/\/serveiseducatius.xtec.cat\/baixllobregat8\/wp-json\/wp\/v2\/types\/post"}],"author":[{"embeddable":true,"href":"https:\/\/serveiseducatius.xtec.cat\/baixllobregat8\/wp-json\/wp\/v2\/users\/11"}],"replies":[{"embeddable":true,"href":"https:\/\/serveiseducatius.xtec.cat\/baixllobregat8\/wp-json\/wp\/v2\/comments?post=10685"}],"version-history":[{"count":1,"href":"https:\/\/serveiseducatius.xtec.cat\/baixllobregat8\/wp-json\/wp\/v2\/posts\/10685\/revisions"}],"predecessor-version":[{"id":10687,"href":"https:\/\/serveiseducatius.xtec.cat\/baixllobregat8\/wp-json\/wp\/v2\/posts\/10685\/revisions\/10687"}],"wp:featuredmedia":[{"embeddable":true,"href":"https:\/\/serveiseducatius.xtec.cat\/baixllobregat8\/wp-json\/wp\/v2\/media\/10686"}],"wp:attachment":[{"href":"https:\/\/serveiseducatius.xtec.cat\/baixllobregat8\/wp-json\/wp\/v2\/media?parent=10685"}],"wp:term":[{"taxonomy":"category","embeddable":true,"href":"https:\/\/serveiseducatius.xtec.cat\/baixllobregat8\/wp-json\/wp\/v2\/categories?post=10685"},{"taxonomy":"post_tag","embeddable":true,"href":"https:\/\/serveiseducatius.xtec.cat\/baixllobregat8\/wp-json\/wp\/v2\/tags?post=10685"}],"curies":[{"name":"wp","href":"https:\/\/api.w.org\/{rel}","templated":true}]}}