{"id":10178,"date":"2023-06-12T09:58:02","date_gmt":"2023-06-12T07:58:02","guid":{"rendered":"https:\/\/serveiseducatius.xtec.cat\/baixllobregat8\/?p=10178"},"modified":"2023-06-12T09:58:02","modified_gmt":"2023-06-12T07:58:02","slug":"conferencia-lideratge-compartit-resiliencia-i-justicia-social-a-laula","status":"publish","type":"post","link":"https:\/\/serveiseducatius.xtec.cat\/baixllobregat8\/general\/conferencia-lideratge-compartit-resiliencia-i-justicia-social-a-laula\/","title":{"rendered":"Confer\u00e8ncia &#8211; Lideratge compartit, resili\u00e8ncia i just\u00edcia social a l&#8217;aula"},"content":{"rendered":"<p>Dins del Pla de Formaci\u00f3 de Zona 22-23 s&#8217;ha organitzat la confer\u00e8ncia <span style=\"font-family: Calibri, sans-serif;\"><b><u><a href=\"https:\/\/aplicacions.gestioeducativa.gencat.cat\/pls\/soloas\/pk_for_mod_ins.p_for_pre_cons_activitats?p_any=2022-2023&amp;p_codi=3090621309\" target=\"_blank\" rel=\"noopener\" data-saferedirecturl=\"https:\/\/www.google.com\/url?q=https:\/\/aplicacions.gestioeducativa.gencat.cat\/pls\/soloas\/pk_for_mod_ins.p_for_pre_cons_activitats?p_any%3D2022-2023%26p_codi%3D3090621309&amp;source=gmail&amp;ust=1686638620314000&amp;usg=AOvVaw1NUXm4AHofb3fJnK9fgIud\">Lideratge compartit, resili\u00e8ncia i just\u00edcia social a l&#8217;aula<\/a><\/u><\/b><\/span> amb el formador i consultor Carlos Javier Blanch, director de l&#8217;escola La Merc\u00e8 (Tortosa).<\/p>\n<p>L&#8217;activitat es far\u00e0 el <b>dimarts 27 de juny<\/b> <b>de 12 h<\/b>\u00a0<b>a 14\u202fh<\/b> a la sala de formaci\u00f3 del Servei Educatiu i est\u00e0 adre\u00e7ada als docents d&#8217;educaci\u00f3 secund\u00e0ria i postobligat\u00f2ria.<\/p>\n<p><b>La inscripci\u00f3 est\u00e0 oberta i es pot realitzar clicant a sobre del t\u00edtol de l&#8217;activitat. <\/b><\/p>\n<p>Podreu veure les adjudicacions a trav\u00e9s de &#8220;<a href=\"https:\/\/xtec.gencat.cat\/ca\/formacio\/la-meva-formacio\/les-meves-activitats\/\" target=\"_blank\" rel=\"noopener\" data-saferedirecturl=\"https:\/\/www.google.com\/url?q=https:\/\/xtec.gencat.cat\/ca\/formacio\/la-meva-formacio\/les-meves-activitats\/&amp;source=gmail&amp;ust=1686638620314000&amp;usg=AOvVaw2Bg3saBekdKl6dvAgi1hYJ\">Les meves activitats xtec<\/a>&#8220;.<\/p>\n<p><a href=\"https:\/\/serveiseducatius.xtec.cat\/baixllobregat8\/wp-content\/uploads\/usu777\/2023\/06\/Captura-3.jpg\"><img loading=\"lazy\" decoding=\"async\" class=\"wp-image-10179 alignleft\" src=\"https:\/\/serveiseducatius.xtec.cat\/baixllobregat8\/wp-content\/uploads\/usu777\/2023\/06\/Captura-3.jpg\" alt=\"\" width=\"393\" height=\"392\" srcset=\"https:\/\/serveiseducatius.xtec.cat\/baixllobregat8\/wp-content\/uploads\/usu777\/2023\/06\/Captura-3.jpg 715w, https:\/\/serveiseducatius.xtec.cat\/baixllobregat8\/wp-content\/uploads\/usu777\/2023\/06\/Captura-3-300x300.jpg 300w, https:\/\/serveiseducatius.xtec.cat\/baixllobregat8\/wp-content\/uploads\/usu777\/2023\/06\/Captura-3-150x150.jpg 150w\" sizes=\"auto, (max-width: 393px) 100vw, 393px\" \/><\/a><\/p>\n","protected":false},"excerpt":{"rendered":"<p>Dins del Pla de Formaci\u00f3 de Zona 22-23 s&#8217;ha organitzat la confer\u00e8ncia Lideratge compartit, resili\u00e8ncia i just\u00edcia social a l&#8217;aula amb el formador i consultor Carlos Javier Blanch, director de l&#8217;escola La Merc\u00e8 (Tortosa). L&#8217;activitat es far\u00e0 el dimarts 27 de juny de 12 h\u00a0a 14\u202fh a la sala de formaci\u00f3 del Servei Educatiu i [&hellip;]<\/p>\n","protected":false},"author":11,"featured_media":10179,"comment_status":"open","ping_status":"closed","sticky":false,"template":"","format":"standard","meta":{"_bbp_topic_count":0,"_bbp_reply_count":0,"_bbp_total_topic_count":0,"_bbp_total_reply_count":0,"_bbp_voice_count":0,"_bbp_anonymous_reply_count":0,"_bbp_topic_count_hidden":0,"_bbp_reply_count_hidden":0,"_bbp_forum_subforum_count":0,"site-sidebar-layout":"default","site-content-layout":"","ast-site-content-layout":"","site-content-style":"default","site-sidebar-style":"default","ast-global-header-display":"","ast-banner-title-visibility":"","ast-main-header-display":"","ast-hfb-above-header-display":"","ast-hfb-below-header-display":"","ast-hfb-mobile-header-display":"","site-post-title":"","ast-breadcrumbs-content":"","ast-featured-img":"","footer-sml-layout":"","theme-transparent-header-meta":"","adv-header-id-meta":"","stick-header-meta":"","header-above-stick-meta":"","header-main-stick-meta":"","header-below-stick-meta":"","astra-migrate-meta-layouts":"default","ast-page-background-enabled":"default","ast-page-background-meta":{"desktop":{"background-color":"var(--ast-global-color-4)","background-image":"","background-repeat":"repeat","background-position":"center center","background-size":"auto","background-attachment":"scroll","background-type":"","background-media":"","overlay-type":"","overlay-color":"","overlay-opacity":"","overlay-gradient":""},"tablet":{"background-color":"","background-image":"","background-repeat":"repeat","background-position":"center center","background-size":"auto","background-attachment":"scroll","background-type":"","background-media":"","overlay-type":"","overlay-color":"","overlay-opacity":"","overlay-gradient":""},"mobile":{"background-color":"","background-image":"","background-repeat":"repeat","background-position":"center center","background-size":"auto","background-attachment":"scroll","background-type":"","background-media":"","overlay-type":"","overlay-color":"","overlay-opacity":"","overlay-gradient":""}},"ast-content-background-meta":{"desktop":{"background-color":"var(--ast-global-color-5)","background-image":"","background-repeat":"repeat","background-position":"center center","background-size":"auto","background-attachment":"scroll","background-type":"","background-media":"","overlay-type":"","overlay-color":"","overlay-opacity":"","overlay-gradient":""},"tablet":{"background-color":"var(--ast-global-color-5)","background-image":"","background-repeat":"repeat","background-position":"center center","background-size":"auto","background-attachment":"scroll","background-type":"","background-media":"","overlay-type":"","overlay-color":"","overlay-opacity":"","overlay-gradient":""},"mobile":{"background-color":"var(--ast-global-color-5)","background-image":"","background-repeat":"repeat","background-position":"center center","background-size":"auto","background-attachment":"scroll","background-type":"","background-media":"","overlay-type":"","overlay-color":"","overlay-opacity":"","overlay-gradient":""}},"footnotes":""},"categories":[206,1,29],"tags":[],"class_list":["post-10178","post","type-post","status-publish","format-standard","has-post-thumbnail","hentry","category-formacio","category-general","category-portada"],"post_mailing_queue_ids":[],"_links":{"self":[{"href":"https:\/\/serveiseducatius.xtec.cat\/baixllobregat8\/wp-json\/wp\/v2\/posts\/10178","targetHints":{"allow":["GET"]}}],"collection":[{"href":"https:\/\/serveiseducatius.xtec.cat\/baixllobregat8\/wp-json\/wp\/v2\/posts"}],"about":[{"href":"https:\/\/serveiseducatius.xtec.cat\/baixllobregat8\/wp-json\/wp\/v2\/types\/post"}],"author":[{"embeddable":true,"href":"https:\/\/serveiseducatius.xtec.cat\/baixllobregat8\/wp-json\/wp\/v2\/users\/11"}],"replies":[{"embeddable":true,"href":"https:\/\/serveiseducatius.xtec.cat\/baixllobregat8\/wp-json\/wp\/v2\/comments?post=10178"}],"version-history":[{"count":2,"href":"https:\/\/serveiseducatius.xtec.cat\/baixllobregat8\/wp-json\/wp\/v2\/posts\/10178\/revisions"}],"predecessor-version":[{"id":10181,"href":"https:\/\/serveiseducatius.xtec.cat\/baixllobregat8\/wp-json\/wp\/v2\/posts\/10178\/revisions\/10181"}],"wp:featuredmedia":[{"embeddable":true,"href":"https:\/\/serveiseducatius.xtec.cat\/baixllobregat8\/wp-json\/wp\/v2\/media\/10179"}],"wp:attachment":[{"href":"https:\/\/serveiseducatius.xtec.cat\/baixllobregat8\/wp-json\/wp\/v2\/media?parent=10178"}],"wp:term":[{"taxonomy":"category","embeddable":true,"href":"https:\/\/serveiseducatius.xtec.cat\/baixllobregat8\/wp-json\/wp\/v2\/categories?post=10178"},{"taxonomy":"post_tag","embeddable":true,"href":"https:\/\/serveiseducatius.xtec.cat\/baixllobregat8\/wp-json\/wp\/v2\/tags?post=10178"}],"curies":[{"name":"wp","href":"https:\/\/api.w.org\/{rel}","templated":true}]}}