{"id":9616,"date":"2021-01-27T08:56:00","date_gmt":"2021-01-27T07:56:00","guid":{"rendered":"http:\/\/serveiseducatius.xtec.cat\/baixllobregat7\/?p=9616"},"modified":"2021-01-27T12:04:41","modified_gmt":"2021-01-27T11:04:41","slug":"innovacio-i-educacio-al-segle-xxi-per-on-comencar","status":"publish","type":"post","link":"https:\/\/serveiseducatius.xtec.cat\/baixllobregat7\/portada\/innovacio-i-educacio-al-segle-xxi-per-on-comencar\/","title":{"rendered":"Innovaci\u00f3 i educaci\u00f3 al segle XXI: per on comen\u00e7ar?"},"content":{"rendered":"<p>Qu\u00e8 significa tenir car\u00e0cter emprenedor? Com podem pensar m\u00e9s enll\u00e0 dels nostres propis models mentals?<br \/>\nCom exercir el pensament cr\u00edtic? Qu\u00e8 vol dir ser creatiu? Tothom ho pot ser?<br \/>\nCom liderar transversalment?<\/p>\n<p>Aquestes i altres preguntes seran el rerefons de la confer\u00e8ncia\u00a0<em><strong>Innovaci\u00f3 i educaci\u00f3 al segle XXI: per on comen\u00e7ar?<\/strong><\/em> a qu\u00e8 podeu assistir<\/p>\n<ul>\n<li>dijous 4 de febrer de 2021<\/li>\n<li>a les 5 de la tarda (cal <a href=\"https:\/\/aplicacions.gestioeducativa.gencat.cat\/pls\/soloas\/pk_for_mod_ins.p_for_pre_cons_activitats?p_any=2020-2021&amp;p_codi=3001530503\" target=\"_blank\" rel=\"noopener noreferrer\">inscripci\u00f3 pr\u00e8via<\/a>)<\/li>\n<li>a c\u00e0rrec d&#8217;en Joan Cort\u00e9s<\/li>\n<\/ul>\n<p style=\"text-align: left;\"><em>Un passeig per 8 compet\u00e8ncies que s\u00f3n a la base de la innovaci\u00f3 i el lideratge i que l&#8217;educaci\u00f3 podria comen\u00e7ar a integrar (per educadors, per\u00f2 pensant tamb\u00e9 en l&#8217;alumnat)<\/em><\/p>\n<p>Aquest activitat s&#8217;emmarca en l&#8217;oferta formativa del segon trimestre dels Serveis Territorials al Baix Llobregat, dins l&#8217;\u00e0mbit <em><strong>Liderar<\/strong><\/em>.<\/p>\n<p>M\u00e9s <a href=\"https:\/\/aplicacions.gestioeducativa.gencat.cat\/pls\/soloas\/pk_for_mod_ins.p_for_exhaustiu_activitat?p_header=Detall%20d%27activitat^pk_for_mod_ins.p_for_detall_activitat?p_codi=3001530503%26p_curs=2020-2021%26p_es_inscr=S&amp;p_codi=3001530503&amp;p_curs=2020-2021&amp;p_es_inscr=S\" target=\"_blank\" rel=\"noopener noreferrer\">informaci\u00f3<\/a><\/p>\n","protected":false},"excerpt":{"rendered":"<p>Qu\u00e8 significa tenir car\u00e0cter emprenedor? Com podem pensar m\u00e9s enll\u00e0 dels nostres propis models mentals? Com exercir el pensament cr\u00edtic? Qu\u00e8 vol dir ser creatiu? Tothom ho pot ser? Com liderar transversalment? Aquestes i altres preguntes seran el rerefons de la confer\u00e8ncia\u00a0Innovaci\u00f3 i educaci\u00f3 al segle XXI: per on comen\u00e7ar? a qu\u00e8 podeu assistir dijous [&hellip;]<\/p>\n","protected":false},"author":3,"featured_media":9618,"comment_status":"closed","ping_status":"closed","sticky":false,"template":"","format":"standard","meta":{"_bbp_topic_count":0,"_bbp_reply_count":0,"_bbp_total_topic_count":0,"_bbp_total_reply_count":0,"_bbp_voice_count":0,"_bbp_anonymous_reply_count":0,"_bbp_topic_count_hidden":0,"_bbp_reply_count_hidden":0,"_bbp_forum_subforum_count":0,"site-sidebar-layout":"default","site-content-layout":"","ast-site-content-layout":"","site-content-style":"default","site-sidebar-style":"default","ast-global-header-display":"","ast-banner-title-visibility":"","ast-main-header-display":"","ast-hfb-above-header-display":"","ast-hfb-below-header-display":"","ast-hfb-mobile-header-display":"","site-post-title":"","ast-breadcrumbs-content":"","ast-featured-img":"","footer-sml-layout":"","theme-transparent-header-meta":"","adv-header-id-meta":"","stick-header-meta":"","header-above-stick-meta":"","header-main-stick-meta":"","header-below-stick-meta":"","astra-migrate-meta-layouts":"default","ast-page-background-enabled":"default","ast-page-background-meta":{"desktop":{"background-color":"var(--ast-global-color-4)","background-image":"","background-repeat":"repeat","background-position":"center center","background-size":"auto","background-attachment":"scroll","background-type":"","background-media":"","overlay-type":"","overlay-color":"","overlay-opacity":"","overlay-gradient":""},"tablet":{"background-color":"","background-image":"","background-repeat":"repeat","background-position":"center center","background-size":"auto","background-attachment":"scroll","background-type":"","background-media":"","overlay-type":"","overlay-color":"","overlay-opacity":"","overlay-gradient":""},"mobile":{"background-color":"","background-image":"","background-repeat":"repeat","background-position":"center center","background-size":"auto","background-attachment":"scroll","background-type":"","background-media":"","overlay-type":"","overlay-color":"","overlay-opacity":"","overlay-gradient":""}},"ast-content-background-meta":{"desktop":{"background-color":"var(--ast-global-color-5)","background-image":"","background-repeat":"repeat","background-position":"center center","background-size":"auto","background-attachment":"scroll","background-type":"","background-media":"","overlay-type":"","overlay-color":"","overlay-opacity":"","overlay-gradient":""},"tablet":{"background-color":"var(--ast-global-color-5)","background-image":"","background-repeat":"repeat","background-position":"center center","background-size":"auto","background-attachment":"scroll","background-type":"","background-media":"","overlay-type":"","overlay-color":"","overlay-opacity":"","overlay-gradient":""},"mobile":{"background-color":"var(--ast-global-color-5)","background-image":"","background-repeat":"repeat","background-position":"center center","background-size":"auto","background-attachment":"scroll","background-type":"","background-media":"","overlay-type":"","overlay-color":"","overlay-opacity":"","overlay-gradient":""}},"footnotes":""},"categories":[154,29],"tags":[366,367],"class_list":["post-9616","post","type-post","status-publish","format-standard","has-post-thumbnail","hentry","category-formacio","category-portada","tag-innovacio","tag-lideratge"],"post_mailing_queue_ids":[],"_links":{"self":[{"href":"https:\/\/serveiseducatius.xtec.cat\/baixllobregat7\/wp-json\/wp\/v2\/posts\/9616","targetHints":{"allow":["GET"]}}],"collection":[{"href":"https:\/\/serveiseducatius.xtec.cat\/baixllobregat7\/wp-json\/wp\/v2\/posts"}],"about":[{"href":"https:\/\/serveiseducatius.xtec.cat\/baixllobregat7\/wp-json\/wp\/v2\/types\/post"}],"author":[{"embeddable":true,"href":"https:\/\/serveiseducatius.xtec.cat\/baixllobregat7\/wp-json\/wp\/v2\/users\/3"}],"replies":[{"embeddable":true,"href":"https:\/\/serveiseducatius.xtec.cat\/baixllobregat7\/wp-json\/wp\/v2\/comments?post=9616"}],"version-history":[{"count":3,"href":"https:\/\/serveiseducatius.xtec.cat\/baixllobregat7\/wp-json\/wp\/v2\/posts\/9616\/revisions"}],"predecessor-version":[{"id":9621,"href":"https:\/\/serveiseducatius.xtec.cat\/baixllobregat7\/wp-json\/wp\/v2\/posts\/9616\/revisions\/9621"}],"wp:featuredmedia":[{"embeddable":true,"href":"https:\/\/serveiseducatius.xtec.cat\/baixllobregat7\/wp-json\/wp\/v2\/media\/9618"}],"wp:attachment":[{"href":"https:\/\/serveiseducatius.xtec.cat\/baixllobregat7\/wp-json\/wp\/v2\/media?parent=9616"}],"wp:term":[{"taxonomy":"category","embeddable":true,"href":"https:\/\/serveiseducatius.xtec.cat\/baixllobregat7\/wp-json\/wp\/v2\/categories?post=9616"},{"taxonomy":"post_tag","embeddable":true,"href":"https:\/\/serveiseducatius.xtec.cat\/baixllobregat7\/wp-json\/wp\/v2\/tags?post=9616"}],"curies":[{"name":"wp","href":"https:\/\/api.w.org\/{rel}","templated":true}]}}