{"id":9573,"date":"2021-01-19T09:34:25","date_gmt":"2021-01-19T08:34:25","guid":{"rendered":"http:\/\/serveiseducatius.xtec.cat\/baixllobregat7\/?p=9573"},"modified":"2021-01-19T09:34:25","modified_gmt":"2021-01-19T08:34:25","slug":"pagina-de-recursos-digitals-de-la-zer-leral-lleida","status":"publish","type":"post","link":"https:\/\/serveiseducatius.xtec.cat\/baixllobregat7\/cultura-digital\/recursos-digitals\/pagina-de-recursos-digitals-de-la-zer-leral-lleida\/","title":{"rendered":"P\u00e0gina de Recursos digitals de la ZER l\u2019Eral  (Lleida)"},"content":{"rendered":"<p style=\"text-align: center;\"><img loading=\"lazy\" decoding=\"async\" class=\"aligncenter size-full wp-image-9574\" src=\"https:\/\/serveiseducatius.xtec.cat\/baixllobregat7\/wp-content\/uploads\/usu1179\/2021\/01\/zer-eral.png\" alt=\"\" width=\"467\" height=\"81\" srcset=\"https:\/\/serveiseducatius.xtec.cat\/baixllobregat7\/wp-content\/uploads\/usu1179\/2021\/01\/zer-eral.png 467w, https:\/\/serveiseducatius.xtec.cat\/baixllobregat7\/wp-content\/uploads\/usu1179\/2021\/01\/zer-eral-300x52.png 300w\" sizes=\"auto, (max-width: 467px) 100vw, 467px\" \/><br \/>\n<a href=\"https:\/\/sites.google.com\/a\/xtec.cat\/rdzereral\/\" target=\"_blank\" rel=\"noopener noreferrer\">Recursos Digitals per ensenyar, aprendre i treballar<\/a> \u00e9s tracta d&#8217;un extens recull de recursos digitals per a Educaci\u00f3 Infantil i Educaci\u00f3 Prim\u00e0ria elaborat per en Pep Borr\u00e0s Carles, mestre jubilat, de l\u2019Escola d\u2019Alf\u00e9s de la ZER l\u2019Eral (Lleida).<\/p>\n<p>Molts potser ja la coneixeu. Ara, amb la desaparici\u00f3 de la tecnologia Flash, moltes de les activitats recollides haurien deixat de funcionar; per\u00f2 s&#8217;hi han avan\u00e7at:<\/p>\n<p style=\"padding-left: 160px;\">el 80 % de les activitats, m\u00e9s de 8.000, <strong>ja estan actualitzades<\/strong>,<br \/>\nmajorit\u00e0riament estan fetes en HTML5,<br \/>\nun dels \u00a0nous est\u00e0ndards de creaci\u00f3 d\u2019activitats.<\/p>\n","protected":false},"excerpt":{"rendered":"<p>Recursos Digitals per ensenyar, aprendre i treballar \u00e9s tracta d&#8217;un extens recull de recursos digitals per a Educaci\u00f3 Infantil i Educaci\u00f3 Prim\u00e0ria elaborat per en Pep Borr\u00e0s Carles, mestre jubilat, de l\u2019Escola d\u2019Alf\u00e9s de la ZER l\u2019Eral (Lleida). Molts potser ja la coneixeu. Ara, amb la desaparici\u00f3 de la tecnologia Flash, moltes de les activitats [&hellip;]<\/p>\n","protected":false},"author":3,"featured_media":9574,"comment_status":"closed","ping_status":"closed","sticky":false,"template":"","format":"standard","meta":{"_bbp_topic_count":0,"_bbp_reply_count":0,"_bbp_total_topic_count":0,"_bbp_total_reply_count":0,"_bbp_voice_count":0,"_bbp_anonymous_reply_count":0,"_bbp_topic_count_hidden":0,"_bbp_reply_count_hidden":0,"_bbp_forum_subforum_count":0,"site-sidebar-layout":"default","site-content-layout":"","ast-site-content-layout":"","site-content-style":"default","site-sidebar-style":"default","ast-global-header-display":"","ast-banner-title-visibility":"","ast-main-header-display":"","ast-hfb-above-header-display":"","ast-hfb-below-header-display":"","ast-hfb-mobile-header-display":"","site-post-title":"","ast-breadcrumbs-content":"","ast-featured-img":"","footer-sml-layout":"","theme-transparent-header-meta":"","adv-header-id-meta":"","stick-header-meta":"","header-above-stick-meta":"","header-main-stick-meta":"","header-below-stick-meta":"","astra-migrate-meta-layouts":"default","ast-page-background-enabled":"default","ast-page-background-meta":{"desktop":{"background-color":"var(--ast-global-color-4)","background-image":"","background-repeat":"repeat","background-position":"center center","background-size":"auto","background-attachment":"scroll","background-type":"","background-media":"","overlay-type":"","overlay-color":"","overlay-opacity":"","overlay-gradient":""},"tablet":{"background-color":"","background-image":"","background-repeat":"repeat","background-position":"center center","background-size":"auto","background-attachment":"scroll","background-type":"","background-media":"","overlay-type":"","overlay-color":"","overlay-opacity":"","overlay-gradient":""},"mobile":{"background-color":"","background-image":"","background-repeat":"repeat","background-position":"center center","background-size":"auto","background-attachment":"scroll","background-type":"","background-media":"","overlay-type":"","overlay-color":"","overlay-opacity":"","overlay-gradient":""}},"ast-content-background-meta":{"desktop":{"background-color":"var(--ast-global-color-5)","background-image":"","background-repeat":"repeat","background-position":"center center","background-size":"auto","background-attachment":"scroll","background-type":"","background-media":"","overlay-type":"","overlay-color":"","overlay-opacity":"","overlay-gradient":""},"tablet":{"background-color":"var(--ast-global-color-5)","background-image":"","background-repeat":"repeat","background-position":"center center","background-size":"auto","background-attachment":"scroll","background-type":"","background-media":"","overlay-type":"","overlay-color":"","overlay-opacity":"","overlay-gradient":""},"mobile":{"background-color":"var(--ast-global-color-5)","background-image":"","background-repeat":"repeat","background-position":"center center","background-size":"auto","background-attachment":"scroll","background-type":"","background-media":"","overlay-type":"","overlay-color":"","overlay-opacity":"","overlay-gradient":""}},"footnotes":""},"categories":[346],"tags":[163,172],"class_list":["post-9573","post","type-post","status-publish","format-standard","has-post-thumbnail","hentry","category-recursos-digitals","tag-educacio-infantil","tag-educacio-primaria"],"post_mailing_queue_ids":[],"_links":{"self":[{"href":"https:\/\/serveiseducatius.xtec.cat\/baixllobregat7\/wp-json\/wp\/v2\/posts\/9573","targetHints":{"allow":["GET"]}}],"collection":[{"href":"https:\/\/serveiseducatius.xtec.cat\/baixllobregat7\/wp-json\/wp\/v2\/posts"}],"about":[{"href":"https:\/\/serveiseducatius.xtec.cat\/baixllobregat7\/wp-json\/wp\/v2\/types\/post"}],"author":[{"embeddable":true,"href":"https:\/\/serveiseducatius.xtec.cat\/baixllobregat7\/wp-json\/wp\/v2\/users\/3"}],"replies":[{"embeddable":true,"href":"https:\/\/serveiseducatius.xtec.cat\/baixllobregat7\/wp-json\/wp\/v2\/comments?post=9573"}],"version-history":[{"count":1,"href":"https:\/\/serveiseducatius.xtec.cat\/baixllobregat7\/wp-json\/wp\/v2\/posts\/9573\/revisions"}],"predecessor-version":[{"id":9575,"href":"https:\/\/serveiseducatius.xtec.cat\/baixllobregat7\/wp-json\/wp\/v2\/posts\/9573\/revisions\/9575"}],"wp:featuredmedia":[{"embeddable":true,"href":"https:\/\/serveiseducatius.xtec.cat\/baixllobregat7\/wp-json\/wp\/v2\/media\/9574"}],"wp:attachment":[{"href":"https:\/\/serveiseducatius.xtec.cat\/baixllobregat7\/wp-json\/wp\/v2\/media?parent=9573"}],"wp:term":[{"taxonomy":"category","embeddable":true,"href":"https:\/\/serveiseducatius.xtec.cat\/baixllobregat7\/wp-json\/wp\/v2\/categories?post=9573"},{"taxonomy":"post_tag","embeddable":true,"href":"https:\/\/serveiseducatius.xtec.cat\/baixllobregat7\/wp-json\/wp\/v2\/tags?post=9573"}],"curies":[{"name":"wp","href":"https:\/\/api.w.org\/{rel}","templated":true}]}}