{"id":16643,"date":"2026-04-29T08:00:00","date_gmt":"2026-04-29T06:00:00","guid":{"rendered":"https:\/\/serveiseducatius.xtec.cat\/baixllobregat7\/?p=16643"},"modified":"2026-04-27T22:30:22","modified_gmt":"2026-04-27T20:30:22","slug":"%f0%9f%8c%8dvols-formar-part-de-global-scholars-2026-2027-convocatoria-oberta","status":"publish","type":"post","link":"https:\/\/serveiseducatius.xtec.cat\/baixllobregat7\/portada\/%f0%9f%8c%8dvols-formar-part-de-global-scholars-2026-2027-convocatoria-oberta\/","title":{"rendered":"\ud83c\udf0dVols formar part de Global Scholars 2026-2027? Convocat\u00f2ria oberta!"},"content":{"rendered":"\n<p><strong>Connecteu el vostre centre amb el m\u00f3n! S&#8217;obre el termini per participar en aquest programa internacional d&#8217;aprenentatge en l\u00ednia que fomenta la compet\u00e8ncia global i l&#8217;\u00fas de l&#8217;angl\u00e8s.<\/strong><\/p>\n\n\n\n<figure class=\"wp-block-image aligncenter size-full\"><a href=\"https:\/\/serveiseducatius.xtec.cat\/baixllobregat7\/wp-content\/uploads\/usu1179\/2026\/04\/globalscholars.jpg\"><img loading=\"lazy\" decoding=\"async\" width=\"880\" height=\"539\" src=\"https:\/\/serveiseducatius.xtec.cat\/baixllobregat7\/wp-content\/uploads\/usu1179\/2026\/04\/globalscholars.jpg\" alt=\"\" class=\"wp-image-16644\" srcset=\"https:\/\/serveiseducatius.xtec.cat\/baixllobregat7\/wp-content\/uploads\/usu1179\/2026\/04\/globalscholars.jpg 880w, https:\/\/serveiseducatius.xtec.cat\/baixllobregat7\/wp-content\/uploads\/usu1179\/2026\/04\/globalscholars-300x184.jpg 300w, https:\/\/serveiseducatius.xtec.cat\/baixllobregat7\/wp-content\/uploads\/usu1179\/2026\/04\/globalscholars-768x470.jpg 768w\" sizes=\"auto, (max-width: 880px) 100vw, 880px\" \/><\/a><\/figure>\n\n\n\n<p>El programa <strong>Global Scholars<\/strong>, impulsat per <em>Global Cities, Inc.<\/em> (Bloomberg Philanthropies), connecta alumnes de 50 ciutats d\u2019arreu del m\u00f3n per col\u00b7laborar en reptes globals. \u00c9s una oportunitat \u00fanica per promoure una educaci\u00f3 pluriling\u00fce i intercultural al centre.<\/p>\n\n\n\n<h3 class=\"wp-block-heading\">Aspectes clau del programa:<\/h3>\n\n\n\n<ul class=\"wp-block-list\">\n<li><strong>Destinataris:<\/strong> Alumnat d&#8217;entre <strong>10 i 13 anys<\/strong> (Cicle Superior de Prim\u00e0ria i 1r Cicle de Secund\u00e0ria).<\/li>\n\n\n\n<li><strong>Durada:<\/strong> Comprom\u00eds de participaci\u00f3 per a <strong>quatre cursos<\/strong> (2026-2030).<\/li>\n\n\n\n<li><strong>Metodologia:<\/strong> Interaccions en <strong>llengua anglesa<\/strong> a trav\u00e9s d&#8217;una plataforma en l\u00ednia segura, amb una dedicaci\u00f3 m\u00ednima de <strong>2 hores setmanals<\/strong>.<\/li>\n\n\n\n<li><strong>Objectiu:<\/strong> Preparar ciutadans del m\u00f3n capa\u00e7os de resoldre problemes locals amb una mirada global.<\/li>\n<\/ul>\n\n\n\n<h3 class=\"wp-block-heading\">Requisits de participaci\u00f3:<\/h3>\n\n\n\n<ul class=\"wp-block-list\">\n<li>Ser un centre p\u00fablic del Departament d&#8217;Educaci\u00f3 que imparteixi educaci\u00f3 b\u00e0sica.<\/li>\n\n\n\n<li>Tenir un Projecte Educatiu (PEC) orientat al desenvolupament pluriling\u00fce.<\/li>\n\n\n\n<li>Garantir la continu\u00eftat del projecte i la c\u00e0rrega hor\u00e0ria requerida.<\/li>\n<\/ul>\n\n\n\n<h3 class=\"wp-block-heading\">Com presentar la sol\u00b7licitud?<\/h3>\n\n\n\n<p>El tr\u00e0mit \u00e9s exclusivament telem\u00e0tic a trav\u00e9s del <strong>Portal de Centre<\/strong>, a l&#8217;apartat: <em>Gesti\u00f3 de centres &gt; Projectes educatius &gt; Lleng\u00fces estrangeres &gt; Programa Global Scholars.<\/em><\/p>\n\n\n\n<blockquote class=\"wp-block-quote is-layout-flow wp-block-quote-is-layout-flow\">\n<p>\ud83d\udcc5 <strong>Termini de presentaci\u00f3:<\/strong> Del 14 d\u2019abril al 5 de maig de 2026.<\/p>\n<\/blockquote>\n\n\n\n<p>Recordeu que la sol\u00b7licitud ha d&#8217;anar signada digitalment per la direcci\u00f3 del centre. Trobareu tots els detalls t\u00e8cnics i la normativa a la <a href=\"https:\/\/documents.espai.educacio.gencat.cat\/IPCNormativa\/DisposicionsInternes\/20260414_Resolucio_convocatoria_Global_Scholars.pdf\">\u00a0Resoluci\u00f3\u00a0Abril de 2026\u200b<\/a>,<\/p>\n","protected":false},"excerpt":{"rendered":"<p>Connecteu el vostre centre amb el m\u00f3n! S&#8217;obre el termini per participar en aquest programa internacional d&#8217;aprenentatge en l\u00ednia que fomenta la compet\u00e8ncia global i l&#8217;\u00fas de l&#8217;angl\u00e8s. El programa Global Scholars, impulsat per Global Cities, Inc. (Bloomberg Philanthropies), connecta alumnes de 50 ciutats d\u2019arreu del m\u00f3n per col\u00b7laborar en reptes globals. \u00c9s una oportunitat [&hellip;]<\/p>\n","protected":false},"author":1,"featured_media":16644,"comment_status":"closed","ping_status":"open","sticky":false,"template":"","format":"standard","meta":{"_bbp_topic_count":0,"_bbp_reply_count":0,"_bbp_total_topic_count":0,"_bbp_total_reply_count":0,"_bbp_voice_count":0,"_bbp_anonymous_reply_count":0,"_bbp_topic_count_hidden":0,"_bbp_reply_count_hidden":0,"_bbp_forum_subforum_count":0,"site-sidebar-layout":"default","site-content-layout":"","ast-site-content-layout":"default","site-content-style":"default","site-sidebar-style":"default","ast-global-header-display":"","ast-banner-title-visibility":"","ast-main-header-display":"","ast-hfb-above-header-display":"","ast-hfb-below-header-display":"","ast-hfb-mobile-header-display":"","site-post-title":"","ast-breadcrumbs-content":"","ast-featured-img":"","footer-sml-layout":"","theme-transparent-header-meta":"","adv-header-id-meta":"","stick-header-meta":"","header-above-stick-meta":"","header-main-stick-meta":"","header-below-stick-meta":"","astra-migrate-meta-layouts":"set","ast-page-background-enabled":"default","ast-page-background-meta":{"desktop":{"background-color":"var(--ast-global-color-4)","background-image":"","background-repeat":"repeat","background-position":"center center","background-size":"auto","background-attachment":"scroll","background-type":"","background-media":"","overlay-type":"","overlay-color":"","overlay-opacity":"","overlay-gradient":""},"tablet":{"background-color":"","background-image":"","background-repeat":"repeat","background-position":"center center","background-size":"auto","background-attachment":"scroll","background-type":"","background-media":"","overlay-type":"","overlay-color":"","overlay-opacity":"","overlay-gradient":""},"mobile":{"background-color":"","background-image":"","background-repeat":"repeat","background-position":"center center","background-size":"auto","background-attachment":"scroll","background-type":"","background-media":"","overlay-type":"","overlay-color":"","overlay-opacity":"","overlay-gradient":""}},"ast-content-background-meta":{"desktop":{"background-color":"var(--ast-global-color-5)","background-image":"","background-repeat":"repeat","background-position":"center center","background-size":"auto","background-attachment":"scroll","background-type":"","background-media":"","overlay-type":"","overlay-color":"","overlay-opacity":"","overlay-gradient":""},"tablet":{"background-color":"var(--ast-global-color-5)","background-image":"","background-repeat":"repeat","background-position":"center center","background-size":"auto","background-attachment":"scroll","background-type":"","background-media":"","overlay-type":"","overlay-color":"","overlay-opacity":"","overlay-gradient":""},"mobile":{"background-color":"var(--ast-global-color-5)","background-image":"","background-repeat":"repeat","background-position":"center center","background-size":"auto","background-attachment":"scroll","background-type":"","background-media":"","overlay-type":"","overlay-color":"","overlay-opacity":"","overlay-gradient":""}},"footnotes":""},"categories":[65,29],"tags":[865,735,740,616,672],"class_list":["post-16643","post","type-post","status-publish","format-standard","has-post-thumbnail","hentry","category-crp","category-portada","tag-activitats-amb-alumnes","tag-crp-baix-llobregat-vii","tag-crp-martorell","tag-llengua-anglesa","tag-portada"],"post_mailing_queue_ids":[],"_links":{"self":[{"href":"https:\/\/serveiseducatius.xtec.cat\/baixllobregat7\/wp-json\/wp\/v2\/posts\/16643","targetHints":{"allow":["GET"]}}],"collection":[{"href":"https:\/\/serveiseducatius.xtec.cat\/baixllobregat7\/wp-json\/wp\/v2\/posts"}],"about":[{"href":"https:\/\/serveiseducatius.xtec.cat\/baixllobregat7\/wp-json\/wp\/v2\/types\/post"}],"author":[{"embeddable":true,"href":"https:\/\/serveiseducatius.xtec.cat\/baixllobregat7\/wp-json\/wp\/v2\/users\/1"}],"replies":[{"embeddable":true,"href":"https:\/\/serveiseducatius.xtec.cat\/baixllobregat7\/wp-json\/wp\/v2\/comments?post=16643"}],"version-history":[{"count":1,"href":"https:\/\/serveiseducatius.xtec.cat\/baixllobregat7\/wp-json\/wp\/v2\/posts\/16643\/revisions"}],"predecessor-version":[{"id":16645,"href":"https:\/\/serveiseducatius.xtec.cat\/baixllobregat7\/wp-json\/wp\/v2\/posts\/16643\/revisions\/16645"}],"wp:featuredmedia":[{"embeddable":true,"href":"https:\/\/serveiseducatius.xtec.cat\/baixllobregat7\/wp-json\/wp\/v2\/media\/16644"}],"wp:attachment":[{"href":"https:\/\/serveiseducatius.xtec.cat\/baixllobregat7\/wp-json\/wp\/v2\/media?parent=16643"}],"wp:term":[{"taxonomy":"category","embeddable":true,"href":"https:\/\/serveiseducatius.xtec.cat\/baixllobregat7\/wp-json\/wp\/v2\/categories?post=16643"},{"taxonomy":"post_tag","embeddable":true,"href":"https:\/\/serveiseducatius.xtec.cat\/baixllobregat7\/wp-json\/wp\/v2\/tags?post=16643"}],"curies":[{"name":"wp","href":"https:\/\/api.w.org\/{rel}","templated":true}]}}