{"id":16639,"date":"2026-04-28T08:00:00","date_gmt":"2026-04-28T06:00:00","guid":{"rendered":"https:\/\/serveiseducatius.xtec.cat\/baixllobregat7\/?p=16639"},"modified":"2026-04-27T22:21:15","modified_gmt":"2026-04-27T20:21:15","slug":"convocatoria-per-participar-a-cinema-en-curs-2026-2027","status":"publish","type":"post","link":"https:\/\/serveiseducatius.xtec.cat\/baixllobregat7\/portada\/convocatoria-per-participar-a-cinema-en-curs-2026-2027\/","title":{"rendered":"Convocat\u00f2ria per participar a cinema en curs 2026-2027"},"content":{"rendered":"\n<p>S\u2019obre la convocat\u00f2ria per participar a la 22a edici\u00f3 de<a href=\"https:\/\/www.cinemaencurs.org\/ca\" target=\"_blank\" rel=\"noreferrer noopener\"> Cinema en curs, <\/a>programa de pedagogia del cinema a escoles i institut que proposa un acostament al cinema ent\u00e8s com a art, cultura i creaci\u00f3.<\/p>\n\n\n\n<figure class=\"wp-block-image alignleft size-full\"><a href=\"https:\/\/serveiseducatius.xtec.cat\/baixllobregat7\/wp-content\/uploads\/usu1179\/2026\/04\/cinemaencurs-2.jpg\"><img loading=\"lazy\" decoding=\"async\" width=\"442\" height=\"570\" src=\"https:\/\/serveiseducatius.xtec.cat\/baixllobregat7\/wp-content\/uploads\/usu1179\/2026\/04\/cinemaencurs-2.jpg\" alt=\"\" class=\"wp-image-16640\" srcset=\"https:\/\/serveiseducatius.xtec.cat\/baixllobregat7\/wp-content\/uploads\/usu1179\/2026\/04\/cinemaencurs-2.jpg 442w, https:\/\/serveiseducatius.xtec.cat\/baixllobregat7\/wp-content\/uploads\/usu1179\/2026\/04\/cinemaencurs-2-233x300.jpg 233w\" sizes=\"auto, (max-width: 442px) 100vw, 442px\" \/><\/a><\/figure>\n\n\n\n<p>\ud83d\udcd1 En aquest <a href=\"https:\/\/acrobat.adobe.com\/id\/urn:aaid:sc:EU:a99f9af4-c086-44db-9853-44dd08ec8e99\">PDF<\/a> trobareu la convocat\u00f2ria per participar a Cinema en curs 2026-2027.<\/p>\n\n\n\n<p>\ud83d\uddd3\ufe0f El termini per presentar les sol\u00b7licituds \u00e9s del 20 d\u2019abril al 12 de maig de 2026.<\/p>\n\n\n\n<p>El programa s\u2019estructura en tres grans eixos de treball:<\/p>\n\n\n\n<ul class=\"wp-block-list\">\n<li>Els <strong>tallers<\/strong>, impartits conjuntament per docents i un\/a cineasta amb grups d\u2019entre<strong> 5\u00e8 de prim\u00e0ria i 1r de Batxillerat i Cicles formatius de grau mitj\u00e0<\/strong> (excepte els vinculats a estudis d\u2019imatge i so).<\/li>\n\n\n\n<li>La <strong>formaci\u00f3<\/strong> dels i les docents.<\/li>\n<\/ul>\n\n\n\n<p>El desenvolupament d\u2019accions a nivell de centre per promoure que <strong>el cinema esdevingui un eix transversal del projecte educatiu<\/strong> de les escoles i els instituts participants.<\/p>\n\n\n\n<div class=\"wp-block-buttons is-content-justification-center is-layout-flex wp-container-core-buttons-is-layout-1 wp-block-buttons-is-layout-flex\">\n<div class=\"wp-block-button\"><a class=\"wp-block-button__link wp-element-button\" href=\"https:\/\/www.cinemaencurs.org\/ca\/convocatoria\/convocatoria-participar-cinema-en-curs-2026-2027\" target=\"_blank\" rel=\"noreferrer noopener\">Acc\u00e9s convocat\u00f2ria<\/a><\/div>\n<\/div>\n","protected":false},"excerpt":{"rendered":"<p>S\u2019obre la convocat\u00f2ria per participar a la 22a edici\u00f3 de Cinema en curs, programa de pedagogia del cinema a escoles i institut que proposa un acostament al cinema ent\u00e8s com a art, cultura i creaci\u00f3. \ud83d\udcd1 En aquest PDF trobareu la convocat\u00f2ria per participar a Cinema en curs 2026-2027. \ud83d\uddd3\ufe0f El termini per presentar les [&hellip;]<\/p>\n","protected":false},"author":1,"featured_media":16640,"comment_status":"closed","ping_status":"open","sticky":false,"template":"","format":"standard","meta":{"_bbp_topic_count":0,"_bbp_reply_count":0,"_bbp_total_topic_count":0,"_bbp_total_reply_count":0,"_bbp_voice_count":0,"_bbp_anonymous_reply_count":0,"_bbp_topic_count_hidden":0,"_bbp_reply_count_hidden":0,"_bbp_forum_subforum_count":0,"site-sidebar-layout":"default","site-content-layout":"","ast-site-content-layout":"default","site-content-style":"default","site-sidebar-style":"default","ast-global-header-display":"","ast-banner-title-visibility":"","ast-main-header-display":"","ast-hfb-above-header-display":"","ast-hfb-below-header-display":"","ast-hfb-mobile-header-display":"","site-post-title":"","ast-breadcrumbs-content":"","ast-featured-img":"","footer-sml-layout":"","theme-transparent-header-meta":"","adv-header-id-meta":"","stick-header-meta":"","header-above-stick-meta":"","header-main-stick-meta":"","header-below-stick-meta":"","astra-migrate-meta-layouts":"set","ast-page-background-enabled":"default","ast-page-background-meta":{"desktop":{"background-color":"var(--ast-global-color-4)","background-image":"","background-repeat":"repeat","background-position":"center center","background-size":"auto","background-attachment":"scroll","background-type":"","background-media":"","overlay-type":"","overlay-color":"","overlay-opacity":"","overlay-gradient":""},"tablet":{"background-color":"","background-image":"","background-repeat":"repeat","background-position":"center center","background-size":"auto","background-attachment":"scroll","background-type":"","background-media":"","overlay-type":"","overlay-color":"","overlay-opacity":"","overlay-gradient":""},"mobile":{"background-color":"","background-image":"","background-repeat":"repeat","background-position":"center center","background-size":"auto","background-attachment":"scroll","background-type":"","background-media":"","overlay-type":"","overlay-color":"","overlay-opacity":"","overlay-gradient":""}},"ast-content-background-meta":{"desktop":{"background-color":"var(--ast-global-color-5)","background-image":"","background-repeat":"repeat","background-position":"center center","background-size":"auto","background-attachment":"scroll","background-type":"","background-media":"","overlay-type":"","overlay-color":"","overlay-opacity":"","overlay-gradient":""},"tablet":{"background-color":"var(--ast-global-color-5)","background-image":"","background-repeat":"repeat","background-position":"center center","background-size":"auto","background-attachment":"scroll","background-type":"","background-media":"","overlay-type":"","overlay-color":"","overlay-opacity":"","overlay-gradient":""},"mobile":{"background-color":"var(--ast-global-color-5)","background-image":"","background-repeat":"repeat","background-position":"center center","background-size":"auto","background-attachment":"scroll","background-type":"","background-media":"","overlay-type":"","overlay-color":"","overlay-opacity":"","overlay-gradient":""}},"footnotes":""},"categories":[65,29],"tags":[884,735,740,672,815],"class_list":["post-16639","post","type-post","status-publish","format-standard","has-post-thumbnail","hentry","category-crp","category-portada","tag-cinema","tag-crp-baix-llobregat-vii","tag-crp-martorell","tag-portada","tag-projectes-educatius"],"post_mailing_queue_ids":[],"_links":{"self":[{"href":"https:\/\/serveiseducatius.xtec.cat\/baixllobregat7\/wp-json\/wp\/v2\/posts\/16639","targetHints":{"allow":["GET"]}}],"collection":[{"href":"https:\/\/serveiseducatius.xtec.cat\/baixllobregat7\/wp-json\/wp\/v2\/posts"}],"about":[{"href":"https:\/\/serveiseducatius.xtec.cat\/baixllobregat7\/wp-json\/wp\/v2\/types\/post"}],"author":[{"embeddable":true,"href":"https:\/\/serveiseducatius.xtec.cat\/baixllobregat7\/wp-json\/wp\/v2\/users\/1"}],"replies":[{"embeddable":true,"href":"https:\/\/serveiseducatius.xtec.cat\/baixllobregat7\/wp-json\/wp\/v2\/comments?post=16639"}],"version-history":[{"count":2,"href":"https:\/\/serveiseducatius.xtec.cat\/baixllobregat7\/wp-json\/wp\/v2\/posts\/16639\/revisions"}],"predecessor-version":[{"id":16642,"href":"https:\/\/serveiseducatius.xtec.cat\/baixllobregat7\/wp-json\/wp\/v2\/posts\/16639\/revisions\/16642"}],"wp:featuredmedia":[{"embeddable":true,"href":"https:\/\/serveiseducatius.xtec.cat\/baixllobregat7\/wp-json\/wp\/v2\/media\/16640"}],"wp:attachment":[{"href":"https:\/\/serveiseducatius.xtec.cat\/baixllobregat7\/wp-json\/wp\/v2\/media?parent=16639"}],"wp:term":[{"taxonomy":"category","embeddable":true,"href":"https:\/\/serveiseducatius.xtec.cat\/baixllobregat7\/wp-json\/wp\/v2\/categories?post=16639"},{"taxonomy":"post_tag","embeddable":true,"href":"https:\/\/serveiseducatius.xtec.cat\/baixllobregat7\/wp-json\/wp\/v2\/tags?post=16639"}],"curies":[{"name":"wp","href":"https:\/\/api.w.org\/{rel}","templated":true}]}}