{"id":16632,"date":"2026-04-27T17:01:00","date_gmt":"2026-04-27T15:01:00","guid":{"rendered":"https:\/\/serveiseducatius.xtec.cat\/baixllobregat7\/?p=16632"},"modified":"2026-04-27T22:06:46","modified_gmt":"2026-04-27T20:06:46","slug":"%f0%9f%8e%a8-noves-orientacions-per-a-larea-deducacio-plastica-visual-i-audiovisual-de-secundaria","status":"publish","type":"post","link":"https:\/\/serveiseducatius.xtec.cat\/baixllobregat7\/general\/%f0%9f%8e%a8-noves-orientacions-per-a-larea-deducacio-plastica-visual-i-audiovisual-de-secundaria\/","title":{"rendered":"\ud83c\udfa8 Noves orientacions per a l\u2019\u00e0rea d\u2019Educaci\u00f3 Pl\u00e0stica, Visual i Audiovisual de secund\u00e0ria"},"content":{"rendered":"\n<figure class=\"wp-block-image alignleft is-resized\"><a href=\"https:\/\/serveiseducatius.xtec.cat\/hospitalet\/wp-content\/uploads\/usu542\/2026\/01\/5.jpg\"><img decoding=\"async\" src=\"https:\/\/serveiseducatius.xtec.cat\/hospitalet\/wp-content\/uploads\/usu542\/2026\/01\/5.jpg\" alt=\"\" class=\"wp-image-24155\" style=\"width:434px;height:auto\"\/><\/a><\/figure>\n\n\n\n<p><strong>Ja teniu disponible el nou recurs per orientar la pr\u00e0ctica docent i donar coher\u00e8ncia al desplegament curricular de l\u2019ESO.<\/strong><\/p>\n\n\n\n<p>Aquestes orientacions faciliten l&#8217;aplicaci\u00f3 del curr\u00edculum a l&#8217;aula mitjan\u00e7ant una estructura clara dividida en tres grans eixos:<\/p>\n\n\n\n<figure class=\"wp-block-image size-full\"><a href=\"https:\/\/serveiseducatius.xtec.cat\/baixllobregat7\/wp-content\/uploads\/usu1179\/2026\/04\/image-5.png\"><img loading=\"lazy\" decoding=\"async\" width=\"598\" height=\"280\" src=\"https:\/\/serveiseducatius.xtec.cat\/baixllobregat7\/wp-content\/uploads\/usu1179\/2026\/04\/image-5.png\" alt=\"educaci\u00f3 visual orientacions secund\u00e0ria\" class=\"wp-image-16636\" srcset=\"https:\/\/serveiseducatius.xtec.cat\/baixllobregat7\/wp-content\/uploads\/usu1179\/2026\/04\/image-5.png 598w, https:\/\/serveiseducatius.xtec.cat\/baixllobregat7\/wp-content\/uploads\/usu1179\/2026\/04\/image-5-300x140.png 300w\" sizes=\"auto, (max-width: 598px) 100vw, 598px\" \/><\/a><\/figure>\n\n\n\n<h3 class=\"wp-block-heading\">Qu\u00e8 hi trobareu?<\/h3>\n\n\n\n<ul class=\"wp-block-list\">\n<li><strong>Introducci\u00f3 i seq\u00fcenciaci\u00f3:<\/strong> Una guia sobre com organitzar els sabers al llarg de l&#8217;etapa.<\/li>\n\n\n\n<li><strong>Blocs de treball:<\/strong>\n<ol start=\"1\" class=\"wp-block-list\">\n<li><strong>Llenguatge visual:<\/strong> Experimentaci\u00f3 i comunicaci\u00f3.<\/li>\n\n\n\n<li><strong>Creaci\u00f3 art\u00edstica:<\/strong> T\u00e8cniques, procediments i processos.<\/li>\n\n\n\n<li><strong>Patrimoni cultural:<\/strong> An\u00e0lisi de manifestacions art\u00edstiques contempor\u00e0nies.<\/li>\n<\/ol>\n<\/li>\n<\/ul>\n\n\n\n<h3 class=\"wp-block-heading\">Recursos per a l&#8217;aula<\/h3>\n\n\n\n<p>Dins de cada bloc, el professorat disposa de :<br>\ud83d\udca1 <strong>Consideracions did\u00e0ctiques<\/strong> <br>\ud83d\udee0\ufe0f<strong> Concrecions pr\u00e0ctiques<\/strong> per portar el treball per projectes i la sensibilitat art\u00edstica directament a l&#8217;alumnat.<\/p>\n\n\n\n<p>\ud83d\udcc4 El document es pot consultar en l\u00ednia o descarregar en <strong>format PDF<\/strong> per a m\u00e9s comoditat.<br>Una eina clau per orientar la pr\u00e0ctica docent i donar coher\u00e8ncia al desplegament curricular \ud83c\udfaf<\/p>\n\n\n\n<div class=\"wp-block-buttons is-content-justification-center is-layout-flex wp-container-core-buttons-is-layout-1 wp-block-buttons-is-layout-flex\">\n<div class=\"wp-block-button\"><a class=\"wp-block-button__link wp-element-button\" href=\"https:\/\/projectes.xtec.cat\/nou-curriculum\/orientacions-curriculars\/orientacions-curriculars-deducacio-plastica-visual-i-audiovisual-de-leso\/\" target=\"_blank\" rel=\"noreferrer noopener\">M\u00e9s informaci\u00f3<\/a><\/div>\n<\/div>\n","protected":false},"excerpt":{"rendered":"<p>Ja teniu disponible el nou recurs per orientar la pr\u00e0ctica docent i donar coher\u00e8ncia al desplegament curricular de l\u2019ESO. Aquestes orientacions faciliten l&#8217;aplicaci\u00f3 del curr\u00edculum a l&#8217;aula mitjan\u00e7ant una estructura clara dividida en tres grans eixos: Qu\u00e8 hi trobareu? Recursos per a l&#8217;aula Dins de cada bloc, el professorat disposa de :\ud83d\udca1 Consideracions did\u00e0ctiques \ud83d\udee0\ufe0f [&hellip;]<\/p>\n","protected":false},"author":1,"featured_media":16636,"comment_status":"closed","ping_status":"open","sticky":false,"template":"","format":"standard","meta":{"_bbp_topic_count":0,"_bbp_reply_count":0,"_bbp_total_topic_count":0,"_bbp_total_reply_count":0,"_bbp_voice_count":0,"_bbp_anonymous_reply_count":0,"_bbp_topic_count_hidden":0,"_bbp_reply_count_hidden":0,"_bbp_forum_subforum_count":0,"site-sidebar-layout":"default","site-content-layout":"","ast-site-content-layout":"default","site-content-style":"default","site-sidebar-style":"default","ast-global-header-display":"","ast-banner-title-visibility":"","ast-main-header-display":"","ast-hfb-above-header-display":"","ast-hfb-below-header-display":"","ast-hfb-mobile-header-display":"","site-post-title":"","ast-breadcrumbs-content":"","ast-featured-img":"","footer-sml-layout":"","theme-transparent-header-meta":"","adv-header-id-meta":"","stick-header-meta":"","header-above-stick-meta":"","header-main-stick-meta":"","header-below-stick-meta":"","astra-migrate-meta-layouts":"set","ast-page-background-enabled":"default","ast-page-background-meta":{"desktop":{"background-color":"var(--ast-global-color-4)","background-image":"","background-repeat":"repeat","background-position":"center center","background-size":"auto","background-attachment":"scroll","background-type":"","background-media":"","overlay-type":"","overlay-color":"","overlay-opacity":"","overlay-gradient":""},"tablet":{"background-color":"","background-image":"","background-repeat":"repeat","background-position":"center center","background-size":"auto","background-attachment":"scroll","background-type":"","background-media":"","overlay-type":"","overlay-color":"","overlay-opacity":"","overlay-gradient":""},"mobile":{"background-color":"","background-image":"","background-repeat":"repeat","background-position":"center center","background-size":"auto","background-attachment":"scroll","background-type":"","background-media":"","overlay-type":"","overlay-color":"","overlay-opacity":"","overlay-gradient":""}},"ast-content-background-meta":{"desktop":{"background-color":"var(--ast-global-color-5)","background-image":"","background-repeat":"repeat","background-position":"center center","background-size":"auto","background-attachment":"scroll","background-type":"","background-media":"","overlay-type":"","overlay-color":"","overlay-opacity":"","overlay-gradient":""},"tablet":{"background-color":"var(--ast-global-color-5)","background-image":"","background-repeat":"repeat","background-position":"center center","background-size":"auto","background-attachment":"scroll","background-type":"","background-media":"","overlay-type":"","overlay-color":"","overlay-opacity":"","overlay-gradient":""},"mobile":{"background-color":"var(--ast-global-color-5)","background-image":"","background-repeat":"repeat","background-position":"center center","background-size":"auto","background-attachment":"scroll","background-type":"","background-media":"","overlay-type":"","overlay-color":"","overlay-opacity":"","overlay-gradient":""}},"footnotes":""},"categories":[65,1,29],"tags":[735,740,384,179,871,672,883],"class_list":["post-16632","post","type-post","status-publish","format-standard","has-post-thumbnail","hentry","category-crp","category-general","category-portada","tag-crp-baix-llobregat-vii","tag-crp-martorell","tag-curriculum","tag-educacio-secundaria","tag-orientacions-curriculum","tag-portada","tag--noves-orientacions-per-a-larea-deducacio-plastica"],"post_mailing_queue_ids":[],"_links":{"self":[{"href":"https:\/\/serveiseducatius.xtec.cat\/baixllobregat7\/wp-json\/wp\/v2\/posts\/16632","targetHints":{"allow":["GET"]}}],"collection":[{"href":"https:\/\/serveiseducatius.xtec.cat\/baixllobregat7\/wp-json\/wp\/v2\/posts"}],"about":[{"href":"https:\/\/serveiseducatius.xtec.cat\/baixllobregat7\/wp-json\/wp\/v2\/types\/post"}],"author":[{"embeddable":true,"href":"https:\/\/serveiseducatius.xtec.cat\/baixllobregat7\/wp-json\/wp\/v2\/users\/1"}],"replies":[{"embeddable":true,"href":"https:\/\/serveiseducatius.xtec.cat\/baixllobregat7\/wp-json\/wp\/v2\/comments?post=16632"}],"version-history":[{"count":3,"href":"https:\/\/serveiseducatius.xtec.cat\/baixllobregat7\/wp-json\/wp\/v2\/posts\/16632\/revisions"}],"predecessor-version":[{"id":16638,"href":"https:\/\/serveiseducatius.xtec.cat\/baixllobregat7\/wp-json\/wp\/v2\/posts\/16632\/revisions\/16638"}],"wp:featuredmedia":[{"embeddable":true,"href":"https:\/\/serveiseducatius.xtec.cat\/baixllobregat7\/wp-json\/wp\/v2\/media\/16636"}],"wp:attachment":[{"href":"https:\/\/serveiseducatius.xtec.cat\/baixllobregat7\/wp-json\/wp\/v2\/media?parent=16632"}],"wp:term":[{"taxonomy":"category","embeddable":true,"href":"https:\/\/serveiseducatius.xtec.cat\/baixllobregat7\/wp-json\/wp\/v2\/categories?post=16632"},{"taxonomy":"post_tag","embeddable":true,"href":"https:\/\/serveiseducatius.xtec.cat\/baixllobregat7\/wp-json\/wp\/v2\/tags?post=16632"}],"curies":[{"name":"wp","href":"https:\/\/api.w.org\/{rel}","templated":true}]}}