{"id":16535,"date":"2026-03-23T08:00:00","date_gmt":"2026-03-23T07:00:00","guid":{"rendered":"https:\/\/serveiseducatius.xtec.cat\/baixllobregat7\/?p=16535"},"modified":"2026-03-22T20:12:45","modified_gmt":"2026-03-22T19:12:45","slug":"com-no-llegir-un-poema-una-crida-a-la-sensibilitat-en-el-dia-mundial-de-la-poesia","status":"publish","type":"post","link":"https:\/\/serveiseducatius.xtec.cat\/baixllobregat7\/portada\/com-no-llegir-un-poema-una-crida-a-la-sensibilitat-en-el-dia-mundial-de-la-poesia\/","title":{"rendered":"Com (no) llegir un poema: Una crida a la sensibilitat en el Dia Mundial de la Poesia"},"content":{"rendered":"\n<p>Cada <strong>21 de mar\u00e7<\/strong>, el m\u00f3n celebra el <strong>Dia Mundial de la Poesia<\/strong>. Per\u00f2, com portem realment els versos a l&#8217;aula? Sovint, l&#8217;exc\u00e9s d&#8217;an\u00e0lisi m\u00e8trica o la cerca del &#8220;significat ocult&#8221; allunya l&#8217;alumnat del plaer est\u00e8tic. Per revertir aquesta tend\u00e8ncia, avui us recomanem un recurs imprescindible: el <strong>&#8220;Dec\u00e0leg. Com no llegir un poema&#8221;<\/strong>, de la reconeguda autora i especialista en poesia infantil <strong>Mar Benegas<\/strong>.<\/p>\n\n\n\n<p>Publicat per <strong>Dani Expresarte<\/strong>, aquest dec\u00e0leg no \u00e9s nom\u00e9s una llista de consells; \u00e9s un manifest per retornar la <strong>poesia<\/strong> al lloc on pertany:<strong> el cor i els sentits.<\/strong><\/p>\n\n\n\n<p>En l&#8217;\u00e0mbit pedag\u00f2gic, <strong>de vegades ens cal &#8220;desaprendre&#8221; certs h\u00e0bits per connectar amb l&#8217;alumnat <\/strong>. Mar Benegas ens proposa una mirada fresca que trenca amb la rigidesa acad\u00e8mica per centrar-se en l&#8217;experi\u00e8ncia vivencial:<\/p>\n\n\n\n<ul class=\"wp-block-list\">\n<li><strong>La poesia com a joc:<\/strong> Ens recorda que el vers s&#8217;ha de tastar, escoltar i sentir abans de ser analitzat.<\/li>\n\n\n\n<li><strong>Respecte al ritme individual:<\/strong> La lectura po\u00e8tica no \u00e9s una cursa de comprensi\u00f3, sin\u00f3 un espai de llibertat.<\/li>\n\n\n\n<li><strong>Eina contra la por:<\/strong> Ajuda els docents a perdre la por a &#8220;no entendre&#8221; un poema, traslladant aquesta seguretat als seus alumnes.<\/li>\n<\/ul>\n\n\n\n<div class=\"wp-block-buttons is-content-justification-center is-layout-flex wp-container-core-buttons-is-layout-1 wp-block-buttons-is-layout-flex\">\n<div class=\"wp-block-button\"><a class=\"wp-block-button__link wp-element-button\" href=\"https:\/\/daniespresate.com\/2016\/03\/13\/decaleg-com-no-llegir-un-poema\/\" target=\"_blank\" rel=\"noreferrer noopener\">DESCOBREIX COM NO LLEGIR UN POEMA<\/a><\/div>\n<\/div>\n","protected":false},"excerpt":{"rendered":"<p>Cada 21 de mar\u00e7, el m\u00f3n celebra el Dia Mundial de la Poesia. Per\u00f2, com portem realment els versos a l&#8217;aula? Sovint, l&#8217;exc\u00e9s d&#8217;an\u00e0lisi m\u00e8trica o la cerca del &#8220;significat ocult&#8221; allunya l&#8217;alumnat del plaer est\u00e8tic. Per revertir aquesta tend\u00e8ncia, avui us recomanem un recurs imprescindible: el &#8220;Dec\u00e0leg. Com no llegir un poema&#8221;, de la [&hellip;]<\/p>\n","protected":false},"author":1,"featured_media":16536,"comment_status":"closed","ping_status":"open","sticky":false,"template":"","format":"standard","meta":{"_bbp_topic_count":0,"_bbp_reply_count":0,"_bbp_total_topic_count":0,"_bbp_total_reply_count":0,"_bbp_voice_count":0,"_bbp_anonymous_reply_count":0,"_bbp_topic_count_hidden":0,"_bbp_reply_count_hidden":0,"_bbp_forum_subforum_count":0,"site-sidebar-layout":"default","site-content-layout":"","ast-site-content-layout":"default","site-content-style":"default","site-sidebar-style":"default","ast-global-header-display":"","ast-banner-title-visibility":"","ast-main-header-display":"","ast-hfb-above-header-display":"","ast-hfb-below-header-display":"","ast-hfb-mobile-header-display":"","site-post-title":"","ast-breadcrumbs-content":"","ast-featured-img":"","footer-sml-layout":"","theme-transparent-header-meta":"","adv-header-id-meta":"","stick-header-meta":"","header-above-stick-meta":"","header-main-stick-meta":"","header-below-stick-meta":"","astra-migrate-meta-layouts":"set","ast-page-background-enabled":"default","ast-page-background-meta":{"desktop":{"background-color":"var(--ast-global-color-4)","background-image":"","background-repeat":"repeat","background-position":"center center","background-size":"auto","background-attachment":"scroll","background-type":"","background-media":"","overlay-type":"","overlay-color":"","overlay-opacity":"","overlay-gradient":""},"tablet":{"background-color":"","background-image":"","background-repeat":"repeat","background-position":"center center","background-size":"auto","background-attachment":"scroll","background-type":"","background-media":"","overlay-type":"","overlay-color":"","overlay-opacity":"","overlay-gradient":""},"mobile":{"background-color":"","background-image":"","background-repeat":"repeat","background-position":"center center","background-size":"auto","background-attachment":"scroll","background-type":"","background-media":"","overlay-type":"","overlay-color":"","overlay-opacity":"","overlay-gradient":""}},"ast-content-background-meta":{"desktop":{"background-color":"var(--ast-global-color-5)","background-image":"","background-repeat":"repeat","background-position":"center center","background-size":"auto","background-attachment":"scroll","background-type":"","background-media":"","overlay-type":"","overlay-color":"","overlay-opacity":"","overlay-gradient":""},"tablet":{"background-color":"var(--ast-global-color-5)","background-image":"","background-repeat":"repeat","background-position":"center center","background-size":"auto","background-attachment":"scroll","background-type":"","background-media":"","overlay-type":"","overlay-color":"","overlay-opacity":"","overlay-gradient":""},"mobile":{"background-color":"var(--ast-global-color-5)","background-image":"","background-repeat":"repeat","background-position":"center center","background-size":"auto","background-attachment":"scroll","background-type":"","background-media":"","overlay-type":"","overlay-color":"","overlay-opacity":"","overlay-gradient":""}},"footnotes":""},"categories":[81,65,29],"tags":[864,735,740,773,672],"class_list":["post-16535","post","type-post","status-publish","format-standard","has-post-thumbnail","hentry","category-biblioteca","category-crp","category-portada","tag-biblioteques-escolars","tag-crp-baix-llobregat-vii","tag-crp-martorell","tag-gust-per-la-lectura","tag-portada"],"post_mailing_queue_ids":[],"_links":{"self":[{"href":"https:\/\/serveiseducatius.xtec.cat\/baixllobregat7\/wp-json\/wp\/v2\/posts\/16535","targetHints":{"allow":["GET"]}}],"collection":[{"href":"https:\/\/serveiseducatius.xtec.cat\/baixllobregat7\/wp-json\/wp\/v2\/posts"}],"about":[{"href":"https:\/\/serveiseducatius.xtec.cat\/baixllobregat7\/wp-json\/wp\/v2\/types\/post"}],"author":[{"embeddable":true,"href":"https:\/\/serveiseducatius.xtec.cat\/baixllobregat7\/wp-json\/wp\/v2\/users\/1"}],"replies":[{"embeddable":true,"href":"https:\/\/serveiseducatius.xtec.cat\/baixllobregat7\/wp-json\/wp\/v2\/comments?post=16535"}],"version-history":[{"count":1,"href":"https:\/\/serveiseducatius.xtec.cat\/baixllobregat7\/wp-json\/wp\/v2\/posts\/16535\/revisions"}],"predecessor-version":[{"id":16537,"href":"https:\/\/serveiseducatius.xtec.cat\/baixllobregat7\/wp-json\/wp\/v2\/posts\/16535\/revisions\/16537"}],"wp:featuredmedia":[{"embeddable":true,"href":"https:\/\/serveiseducatius.xtec.cat\/baixllobregat7\/wp-json\/wp\/v2\/media\/16536"}],"wp:attachment":[{"href":"https:\/\/serveiseducatius.xtec.cat\/baixllobregat7\/wp-json\/wp\/v2\/media?parent=16535"}],"wp:term":[{"taxonomy":"category","embeddable":true,"href":"https:\/\/serveiseducatius.xtec.cat\/baixllobregat7\/wp-json\/wp\/v2\/categories?post=16535"},{"taxonomy":"post_tag","embeddable":true,"href":"https:\/\/serveiseducatius.xtec.cat\/baixllobregat7\/wp-json\/wp\/v2\/tags?post=16535"}],"curies":[{"name":"wp","href":"https:\/\/api.w.org\/{rel}","templated":true}]}}