{"id":16509,"date":"2026-03-20T08:00:00","date_gmt":"2026-03-20T07:00:00","guid":{"rendered":"https:\/\/serveiseducatius.xtec.cat\/baixllobregat7\/?p=16509"},"modified":"2026-03-19T22:17:45","modified_gmt":"2026-03-19T21:17:45","slug":"celebrem-el-dia-mundial-de-la-poesia-2026-versos-que-connecten-i-bateguen-a-laula","status":"publish","type":"post","link":"https:\/\/serveiseducatius.xtec.cat\/baixllobregat7\/general\/celebrem-el-dia-mundial-de-la-poesia-2026-versos-que-connecten-i-bateguen-a-laula\/","title":{"rendered":"Celebrem el Dia Mundial de la Poesia 2026: Versos que connecten i bateguen a l&#8217;aula"},"content":{"rendered":"\n<p>La poesia no \u00e9s nom\u00e9s paraula; \u00e9s una eina pedag\u00f2gica fonamental per despertar la sensibilitat, el sentit est\u00e8tic i el pensament cr\u00edtic del nostre alumnat. El pr\u00f2xim <strong>21 de mar\u00e7<\/strong> celebrem el <strong>Dia Mundial de la Poesia (DMP)<\/strong>, una efem\u00e8ride proclamada per la UNESCO l&#8217;any 1999 que, gr\u00e0cies a <a href=\"https:\/\/cultura.gencat.cat\/ca\/ilc\/inici\/index.html\" target=\"_blank\" rel=\"noreferrer noopener\">la Instituci\u00f3 de les Lletres Catalanes (ILC)<\/a> i la Federaci\u00f3 Catalana d\u2019Associacions i Clubs UNESCO, omple de versos el nostre territori.<\/p>\n\n\n\n<p>Enguany, la celebraci\u00f3 fa un salt endavant transformant-se en un <strong>festival po\u00e8tic de pa\u00eds<\/strong>: una proposta descentralitzada que s\u2019est\u00e9n en el calendari amb activitats a nou localitats de Catalunya.<\/p>\n\n\n\n<h3 class=\"wp-block-heading\">Eixos tem\u00e0tics i autors protagonistes<\/h3>\n\n\n\n<p>Aquesta edici\u00f3 posa el focus en tres grans temes universals \u2014<strong>l\u2019amor, la mort i l\u2019espiritualitat<\/strong>\u2014 a trav\u00e9s de la veu de tres poetes cabdals:<\/p>\n\n\n\n<ul class=\"wp-block-list\">\n<li><strong>Blai Bonet<\/strong> (en commemorem el centenari del naixement).<\/li>\n\n\n\n<li><strong>Clementina Arderiu<\/strong>.<\/li>\n\n\n\n<li><strong>Joan Alcover<\/strong>.<\/li>\n<\/ul>\n\n\n\n<blockquote class=\"wp-block-quote has-cyan-bluish-gray-background-color has-background is-layout-flow wp-block-quote-is-layout-flow\">\n<p><strong>Recurs destacat:<\/strong> El poema escollit per a aquesta edici\u00f3 \u00e9s <strong>\u201cFoc d\u2019ocell\u201d<\/strong>, de Blai Bonet. Podeu <a href=\"https:\/\/cultura.gencat.cat\/web\/.content\/ilc\/03-programes\/dia-mundial-poesia\/DMP-2026\/ILC2026DiaMundialPoesia_IG-FB_poema-bo.pdf\" target=\"_blank\" rel=\"noreferrer noopener\">descarregar el poema aqu\u00ed <\/a>per treballar-lo amb el vostre alumnat i consultar la <a href=\"https:\/\/govern.cat\/salapremsa\/notes-premsa\/790992\/dia-mundial-poesia-2026-transforma-festival-pais-nou-actes-arreu-catalunya\" target=\"_blank\" rel=\"noreferrer noopener\">nota de premsa completa.<\/a><\/p>\n<\/blockquote>\n\n\n\n<hr class=\"wp-block-separator has-alpha-channel-opacity\"\/>\n\n\n\n<h2 class=\"wp-block-heading\">Propostes i recursos per als centres educatius<\/h2>\n\n\n\n<p>Com a comunitat educativa, tenim l&#8217;oportunitat de convertir aquesta celebraci\u00f3 en una experi\u00e8ncia viva. Aqu\u00ed teniu algunes eines per participar-hi:<\/p>\n\n\n\n<figure class=\"wp-block-image alignleft size-full is-resized\"><a href=\"https:\/\/serveiseducatius.xtec.cat\/baixllobregat7\/wp-content\/uploads\/usu1179\/2026\/03\/poema26.png\"><img loading=\"lazy\" decoding=\"async\" width=\"768\" height=\"962\" src=\"https:\/\/serveiseducatius.xtec.cat\/baixllobregat7\/wp-content\/uploads\/usu1179\/2026\/03\/poema26.png\" alt=\"\" class=\"wp-image-16511\" style=\"width:568px;height:auto\" srcset=\"https:\/\/serveiseducatius.xtec.cat\/baixllobregat7\/wp-content\/uploads\/usu1179\/2026\/03\/poema26.png 768w, https:\/\/serveiseducatius.xtec.cat\/baixllobregat7\/wp-content\/uploads\/usu1179\/2026\/03\/poema26-240x300.png 240w\" sizes=\"auto, (max-width: 768px) 100vw, 768px\" \/><\/a><\/figure>\n\n\n\n<ul class=\"wp-block-list\">\n<li><strong>Participeu en la programaci\u00f3:<\/strong> Consulteu el mapa d&#8217;activitats i trobeu la m\u00e9s propera al vostre centre <a href=\"https:\/\/cultura.gencat.cat\/web\/.content\/ilc\/03-programes\/dia-mundial-poesia\/DMP-2026\/ILC2026DiaMundialPoesia_Programa.pdf\" target=\"_blank\" rel=\"noreferrer noopener\">aqu\u00ed.<\/a><\/li>\n\n\n\n<li><strong>Feu cr\u00e9ixer el mapa po\u00e8tic:<\/strong> Si teniu previst organitzar qualsevol recital, taller o activitat als centres, no dubteu a <a href=\"https:\/\/cultura.gencat.cat\/ca\/detall\/Articles\/Com-participar-en-el-DMP\" target=\"_blank\" rel=\"noreferrer noopener\">inscriure-la en aquest formulari.<\/a><\/li>\n\n\n\n<li><strong>Difusi\u00f3 a les xarxes:<\/strong> Compartiu les vostres creacions i activitats amb l&#8217;etiqueta <strong>#DMP26<\/strong>.<\/li>\n<\/ul>\n\n\n\n<p>L&#8217;apartat visual d&#8217;aquesta edici\u00f3 compta amb la pot\u00e8ncia de la imatge creada per l&#8217;artista <strong>Shada Safadi<\/strong>.<\/p>\n\n\n\n<hr class=\"wp-block-separator has-alpha-channel-opacity\"\/>\n\n\n\n<h2 class=\"wp-block-heading\">Una joia audiovisual: &#8220;Joc i Foc&#8221;<\/h2>\n\n\n\n<p>Per cloure aquest article, us apropem un recurs singular que pot ser el punt de partida ideal per a una sessi\u00f3 de sensibilitzaci\u00f3 po\u00e8tica a prim\u00e0ria o secund\u00e0ria.<\/p>\n\n\n\n<p>L&#8217; escriptora <strong>Montse Homs Aumatell<\/strong> ens ofereix <strong>&#8220;Joc i Foc&#8221;<\/strong>, una pe\u00e7a que combina text i imatge per despertar la curiositat est\u00e8tica dels infants.<br><br><strong>Us animeu a omplir les aules de versos i compartiu-lo amb nosaltres?<\/strong><\/p>\n\n\n\n<figure class=\"wp-block-embed aligncenter is-type-video is-provider-vimeo wp-block-embed-vimeo\"><div class=\"wp-block-embed__wrapper\">\n<div class=\"ast-oembed-container \" style=\"height: 100%;\"><iframe loading=\"lazy\" title=\"Joc i Foc | Poema de Montse Homs\" src=\"https:\/\/player.vimeo.com\/video\/1171923077?dnt=1&amp;app_id=122963\" width=\"500\" height=\"375\" frameborder=\"0\" allow=\"autoplay; fullscreen; picture-in-picture; clipboard-write; encrypted-media; web-share\" referrerpolicy=\"strict-origin-when-cross-origin\"><\/iframe><\/div>\n<\/div><\/figure>\n\n\n\n<p><br><strong>Cr\u00e8dits de l&#8217;obra:<\/strong><\/p>\n\n\n\n<ul class=\"wp-block-list\">\n<li><strong>Poema:<\/strong> Montse Homs Aumatell.<\/li>\n\n\n\n<li><strong>Audiovisual:<\/strong> Ingrid Ferrer Homs i Carles Torres.<\/li>\n\n\n\n<li><strong>M\u00fasica:<\/strong> N\u00faria Graham (teclat).<\/li>\n\n\n\n<li><strong>Veus:<\/strong> J\u00falia Casas, Mireia Casas, Alba Casas, Ingrid Ferrer i Emma Aliberch.<\/li>\n<\/ul>\n\n\n\n<p><em>Aquesta pe\u00e7a ha estat possible gr\u00e0cies al finan\u00e7ament de la Instituci\u00f3 Puig-Porret (Vic) i la col\u00b7laboraci\u00f3 de nombroses fam\u00edlies i professionals compromesos amb la cultura.<\/em><\/p>\n","protected":false},"excerpt":{"rendered":"<p>La poesia no \u00e9s nom\u00e9s paraula; \u00e9s una eina pedag\u00f2gica fonamental per despertar la sensibilitat, el sentit est\u00e8tic i el pensament cr\u00edtic del nostre alumnat. El pr\u00f2xim 21 de mar\u00e7 celebrem el Dia Mundial de la Poesia (DMP), una efem\u00e8ride proclamada per la UNESCO l&#8217;any 1999 que, gr\u00e0cies a la Instituci\u00f3 de les Lletres Catalanes [&hellip;]<\/p>\n","protected":false},"author":1,"featured_media":16510,"comment_status":"closed","ping_status":"open","sticky":false,"template":"","format":"standard","meta":{"_bbp_topic_count":0,"_bbp_reply_count":0,"_bbp_total_topic_count":0,"_bbp_total_reply_count":0,"_bbp_voice_count":0,"_bbp_anonymous_reply_count":0,"_bbp_topic_count_hidden":0,"_bbp_reply_count_hidden":0,"_bbp_forum_subforum_count":0,"site-sidebar-layout":"default","site-content-layout":"","ast-site-content-layout":"default","site-content-style":"default","site-sidebar-style":"default","ast-global-header-display":"","ast-banner-title-visibility":"","ast-main-header-display":"","ast-hfb-above-header-display":"","ast-hfb-below-header-display":"","ast-hfb-mobile-header-display":"","site-post-title":"","ast-breadcrumbs-content":"","ast-featured-img":"","footer-sml-layout":"","theme-transparent-header-meta":"","adv-header-id-meta":"","stick-header-meta":"","header-above-stick-meta":"","header-main-stick-meta":"","header-below-stick-meta":"","astra-migrate-meta-layouts":"set","ast-page-background-enabled":"default","ast-page-background-meta":{"desktop":{"background-color":"var(--ast-global-color-4)","background-image":"","background-repeat":"repeat","background-position":"center center","background-size":"auto","background-attachment":"scroll","background-type":"","background-media":"","overlay-type":"","overlay-color":"","overlay-opacity":"","overlay-gradient":""},"tablet":{"background-color":"","background-image":"","background-repeat":"repeat","background-position":"center center","background-size":"auto","background-attachment":"scroll","background-type":"","background-media":"","overlay-type":"","overlay-color":"","overlay-opacity":"","overlay-gradient":""},"mobile":{"background-color":"","background-image":"","background-repeat":"repeat","background-position":"center center","background-size":"auto","background-attachment":"scroll","background-type":"","background-media":"","overlay-type":"","overlay-color":"","overlay-opacity":"","overlay-gradient":""}},"ast-content-background-meta":{"desktop":{"background-color":"var(--ast-global-color-5)","background-image":"","background-repeat":"repeat","background-position":"center center","background-size":"auto","background-attachment":"scroll","background-type":"","background-media":"","overlay-type":"","overlay-color":"","overlay-opacity":"","overlay-gradient":""},"tablet":{"background-color":"var(--ast-global-color-5)","background-image":"","background-repeat":"repeat","background-position":"center center","background-size":"auto","background-attachment":"scroll","background-type":"","background-media":"","overlay-type":"","overlay-color":"","overlay-opacity":"","overlay-gradient":""},"mobile":{"background-color":"var(--ast-global-color-5)","background-image":"","background-repeat":"repeat","background-position":"center center","background-size":"auto","background-attachment":"scroll","background-type":"","background-media":"","overlay-type":"","overlay-color":"","overlay-opacity":"","overlay-gradient":""}},"footnotes":""},"categories":[81,65,1,29],"tags":[864,735,740,773,795,672],"class_list":["post-16509","post","type-post","status-publish","format-standard","has-post-thumbnail","hentry","category-biblioteca","category-crp","category-general","category-portada","tag-biblioteques-escolars","tag-crp-baix-llobregat-vii","tag-crp-martorell","tag-gust-per-la-lectura","tag-poesia","tag-portada"],"post_mailing_queue_ids":[],"_links":{"self":[{"href":"https:\/\/serveiseducatius.xtec.cat\/baixllobregat7\/wp-json\/wp\/v2\/posts\/16509","targetHints":{"allow":["GET"]}}],"collection":[{"href":"https:\/\/serveiseducatius.xtec.cat\/baixllobregat7\/wp-json\/wp\/v2\/posts"}],"about":[{"href":"https:\/\/serveiseducatius.xtec.cat\/baixllobregat7\/wp-json\/wp\/v2\/types\/post"}],"author":[{"embeddable":true,"href":"https:\/\/serveiseducatius.xtec.cat\/baixllobregat7\/wp-json\/wp\/v2\/users\/1"}],"replies":[{"embeddable":true,"href":"https:\/\/serveiseducatius.xtec.cat\/baixllobregat7\/wp-json\/wp\/v2\/comments?post=16509"}],"version-history":[{"count":6,"href":"https:\/\/serveiseducatius.xtec.cat\/baixllobregat7\/wp-json\/wp\/v2\/posts\/16509\/revisions"}],"predecessor-version":[{"id":16517,"href":"https:\/\/serveiseducatius.xtec.cat\/baixllobregat7\/wp-json\/wp\/v2\/posts\/16509\/revisions\/16517"}],"wp:featuredmedia":[{"embeddable":true,"href":"https:\/\/serveiseducatius.xtec.cat\/baixllobregat7\/wp-json\/wp\/v2\/media\/16510"}],"wp:attachment":[{"href":"https:\/\/serveiseducatius.xtec.cat\/baixllobregat7\/wp-json\/wp\/v2\/media?parent=16509"}],"wp:term":[{"taxonomy":"category","embeddable":true,"href":"https:\/\/serveiseducatius.xtec.cat\/baixllobregat7\/wp-json\/wp\/v2\/categories?post=16509"},{"taxonomy":"post_tag","embeddable":true,"href":"https:\/\/serveiseducatius.xtec.cat\/baixllobregat7\/wp-json\/wp\/v2\/tags?post=16509"}],"curies":[{"name":"wp","href":"https:\/\/api.w.org\/{rel}","templated":true}]}}