{"id":16278,"date":"2026-01-27T12:00:49","date_gmt":"2026-01-27T11:00:49","guid":{"rendered":"https:\/\/serveiseducatius.xtec.cat\/baixllobregat7\/?p=16278"},"modified":"2026-01-27T12:00:50","modified_gmt":"2026-01-27T11:00:50","slug":"ifest-challenge-talent-jove-al-servei-dels-reptes-de-la-societat","status":"publish","type":"post","link":"https:\/\/serveiseducatius.xtec.cat\/baixllobregat7\/portada\/ifest-challenge-talent-jove-al-servei-dels-reptes-de-la-societat\/","title":{"rendered":"iFest Challenge: Talent jove al servei dels reptes de la societat"},"content":{"rendered":"\n<p>Comen\u00e7a una nova edici\u00f3 de l\u2018<strong>iFest<\/strong>&nbsp;(<a href=\"https:\/\/ifest.cat\/\">ifest.cat<\/a>), un programa d\u2019emprenedoria i innovaci\u00f3 impulsat per la Generalitat de Catalunya que vol apropar la ci\u00e8ncia, la tecnologia i la disrupci\u00f3 a l\u2019alumnat.&nbsp;\u00c9s un programa que ofereix acompanyament als joves per&nbsp;<strong>fomentar el seu talent i la creaci\u00f3 de solucions innovadores a reptes reals<\/strong>&nbsp;plantejats per la societat i les empreses, amb un enfocament basat en els&nbsp;<strong>Objectius de Desenvolupament Sostenible (ODS)<\/strong>.&nbsp;El programa consisteix en treballar en equips per resoldre un repte real mitjan\u00e7ant l\u2019\u00fas de la tecnologia. Aquest projecte permet&nbsp;<strong>connectar l\u2019aula amb el m\u00f3n real<\/strong>&nbsp;<strong>i les empreses tecnol\u00f2giques<\/strong>, potenciant l\u2019autoestima de l\u2019alumnat en veure que les seves idees poden tenir un impacte tangible en el seu entorn.<\/p>\n\n\n\n<figure class=\"wp-block-image alignleft size-full is-resized\"><a href=\"https:\/\/serveiseducatius.xtec.cat\/baixllobregat7\/wp-content\/uploads\/usu1179\/2026\/01\/iFest26.jpg\"><img loading=\"lazy\" decoding=\"async\" width=\"222\" height=\"300\" src=\"https:\/\/serveiseducatius.xtec.cat\/baixllobregat7\/wp-content\/uploads\/usu1179\/2026\/01\/iFest26.jpg\" alt=\"\" class=\"wp-image-16279\" style=\"width:604px;height:auto\"\/><\/a><\/figure>\n\n\n\n<p>El proc\u00e9s inclou:<\/p>\n\n\n\n<ul class=\"wp-block-list\">\n<li>Inspiraci\u00f3 i formaci\u00f3 en metodologies d\u2019innovaci\u00f3.<\/li>\n\n\n\n<li>Ideaci\u00f3 i prototipatge de solucions.<\/li>\n\n\n\n<li>Suport de\u00a0<strong>docents (shakers)<\/strong>\u00a0que actuen com a mentors i l\u00edders de la innovaci\u00f3 al centre.<\/li>\n<\/ul>\n\n\n\n<h3 class=\"wp-block-heading\"><strong>Qui pot participar-hi?<\/strong><\/h3>\n\n\n\n<p>L\u2019iFest s\u2019estructura en dues categories:<\/p>\n\n\n\n<ul class=\"wp-block-list\">\n<li><strong>Junior:<\/strong>\u00a0Alumnat de 2n cicle d\u2019ESO i FP de Grau Mitj\u00e0 (o joves de 15 a 17 anys).<\/li>\n\n\n\n<li><strong>Senior:<\/strong>\u00a0Alumnat de Batxillerat, FP de Grau Superior i universitaris (o joves de 18 a 30 anys).<\/li>\n<\/ul>\n\n\n\n<h3 class=\"wp-block-heading\"><strong>Qu\u00e8 aprendr\u00e0 l\u2019alumnat?<\/strong><\/h3>\n\n\n\n<p>L\u2019experi\u00e8ncia permet desenvolupar compet\u00e8ncies clau:<\/p>\n\n\n\n<ul class=\"wp-block-list\">\n<li><strong>Pensament disruptiu:<\/strong>\u00a0Aprenen a mirar els problemes des d\u2019una perspectiva nova.<\/li>\n\n\n\n<li><strong>Metodologies \u00e0gils:<\/strong>\u00a0\u00das d\u2019eines reals del sector tecnol\u00f2gic i emprenedor.<\/li>\n\n\n\n<li><strong>Impacte social:<\/strong>\u00a0Aprenen a dissenyar solucions amb una base tecnol\u00f2gica que generin un canvi positiu.<\/li>\n<\/ul>\n\n\n\n<h3 class=\"wp-block-heading\"><strong>Dates d\u2019inscripci\u00f3<\/strong><\/h3>\n\n\n\n<p>El per\u00edode per inscriure els equips s\u2019obre el proper&nbsp;<strong>26 de gener<\/strong>.<\/p>\n\n\n\n<p><strong>M\u00e9s informaci\u00f3 i inscripcions:<\/strong><\/p>\n\n\n\n<p>Trobareu tots els detalls t\u00e8cnics al portal de<a href=\"https:\/\/projectes.xtec.cat\/nou-curriculum\/general\/inscripcions-obertes-de-la-ifest-challenge-a-partir-del-26-de-gener\/\" target=\"_blank\" rel=\"noreferrer noopener\">&nbsp;Projectes de l\u2019XTEC<\/a>&nbsp;i al web oficial<a href=\"https:\/\/ifest.cat\/\" target=\"_blank\" rel=\"noreferrer noopener\">&nbsp;ifest.cat<\/a>.<\/p>\n","protected":false},"excerpt":{"rendered":"<p>Comen\u00e7a una nova edici\u00f3 de l\u2018iFest&nbsp;(ifest.cat), un programa d\u2019emprenedoria i innovaci\u00f3 impulsat per la Generalitat de Catalunya que vol apropar la ci\u00e8ncia, la tecnologia i la disrupci\u00f3 a l\u2019alumnat.&nbsp;\u00c9s un programa que ofereix acompanyament als joves per&nbsp;fomentar el seu talent i la creaci\u00f3 de solucions innovadores a reptes reals&nbsp;plantejats per la societat i les empreses, [&hellip;]<\/p>\n","protected":false},"author":1,"featured_media":16279,"comment_status":"closed","ping_status":"open","sticky":false,"template":"","format":"standard","meta":{"_bbp_topic_count":0,"_bbp_reply_count":0,"_bbp_total_topic_count":0,"_bbp_total_reply_count":0,"_bbp_voice_count":0,"_bbp_anonymous_reply_count":0,"_bbp_topic_count_hidden":0,"_bbp_reply_count_hidden":0,"_bbp_forum_subforum_count":0,"site-sidebar-layout":"default","site-content-layout":"","ast-site-content-layout":"default","site-content-style":"default","site-sidebar-style":"default","ast-global-header-display":"","ast-banner-title-visibility":"","ast-main-header-display":"","ast-hfb-above-header-display":"","ast-hfb-below-header-display":"","ast-hfb-mobile-header-display":"","site-post-title":"","ast-breadcrumbs-content":"","ast-featured-img":"","footer-sml-layout":"","theme-transparent-header-meta":"","adv-header-id-meta":"","stick-header-meta":"","header-above-stick-meta":"","header-main-stick-meta":"","header-below-stick-meta":"","astra-migrate-meta-layouts":"set","ast-page-background-enabled":"default","ast-page-background-meta":{"desktop":{"background-color":"var(--ast-global-color-4)","background-image":"","background-repeat":"repeat","background-position":"center center","background-size":"auto","background-attachment":"scroll","background-type":"","background-media":"","overlay-type":"","overlay-color":"","overlay-opacity":"","overlay-gradient":""},"tablet":{"background-color":"","background-image":"","background-repeat":"repeat","background-position":"center center","background-size":"auto","background-attachment":"scroll","background-type":"","background-media":"","overlay-type":"","overlay-color":"","overlay-opacity":"","overlay-gradient":""},"mobile":{"background-color":"","background-image":"","background-repeat":"repeat","background-position":"center center","background-size":"auto","background-attachment":"scroll","background-type":"","background-media":"","overlay-type":"","overlay-color":"","overlay-opacity":"","overlay-gradient":""}},"ast-content-background-meta":{"desktop":{"background-color":"var(--ast-global-color-5)","background-image":"","background-repeat":"repeat","background-position":"center center","background-size":"auto","background-attachment":"scroll","background-type":"","background-media":"","overlay-type":"","overlay-color":"","overlay-opacity":"","overlay-gradient":""},"tablet":{"background-color":"var(--ast-global-color-5)","background-image":"","background-repeat":"repeat","background-position":"center center","background-size":"auto","background-attachment":"scroll","background-type":"","background-media":"","overlay-type":"","overlay-color":"","overlay-opacity":"","overlay-gradient":""},"mobile":{"background-color":"var(--ast-global-color-5)","background-image":"","background-repeat":"repeat","background-position":"center center","background-size":"auto","background-attachment":"scroll","background-type":"","background-media":"","overlay-type":"","overlay-color":"","overlay-opacity":"","overlay-gradient":""}},"footnotes":""},"categories":[29],"tags":[392,735,740,672],"class_list":["post-16278","post","type-post","status-publish","format-standard","has-post-thumbnail","hentry","category-portada","tag-activitats-alumnat","tag-crp-baix-llobregat-vii","tag-crp-martorell","tag-portada"],"post_mailing_queue_ids":[],"_links":{"self":[{"href":"https:\/\/serveiseducatius.xtec.cat\/baixllobregat7\/wp-json\/wp\/v2\/posts\/16278","targetHints":{"allow":["GET"]}}],"collection":[{"href":"https:\/\/serveiseducatius.xtec.cat\/baixllobregat7\/wp-json\/wp\/v2\/posts"}],"about":[{"href":"https:\/\/serveiseducatius.xtec.cat\/baixllobregat7\/wp-json\/wp\/v2\/types\/post"}],"author":[{"embeddable":true,"href":"https:\/\/serveiseducatius.xtec.cat\/baixllobregat7\/wp-json\/wp\/v2\/users\/1"}],"replies":[{"embeddable":true,"href":"https:\/\/serveiseducatius.xtec.cat\/baixllobregat7\/wp-json\/wp\/v2\/comments?post=16278"}],"version-history":[{"count":1,"href":"https:\/\/serveiseducatius.xtec.cat\/baixllobregat7\/wp-json\/wp\/v2\/posts\/16278\/revisions"}],"predecessor-version":[{"id":16280,"href":"https:\/\/serveiseducatius.xtec.cat\/baixllobregat7\/wp-json\/wp\/v2\/posts\/16278\/revisions\/16280"}],"wp:featuredmedia":[{"embeddable":true,"href":"https:\/\/serveiseducatius.xtec.cat\/baixllobregat7\/wp-json\/wp\/v2\/media\/16279"}],"wp:attachment":[{"href":"https:\/\/serveiseducatius.xtec.cat\/baixllobregat7\/wp-json\/wp\/v2\/media?parent=16278"}],"wp:term":[{"taxonomy":"category","embeddable":true,"href":"https:\/\/serveiseducatius.xtec.cat\/baixllobregat7\/wp-json\/wp\/v2\/categories?post=16278"},{"taxonomy":"post_tag","embeddable":true,"href":"https:\/\/serveiseducatius.xtec.cat\/baixllobregat7\/wp-json\/wp\/v2\/tags?post=16278"}],"curies":[{"name":"wp","href":"https:\/\/api.w.org\/{rel}","templated":true}]}}