{"id":16179,"date":"2026-01-09T14:05:25","date_gmt":"2026-01-09T13:05:25","guid":{"rendered":"https:\/\/serveiseducatius.xtec.cat\/baixllobregat7\/?p=16179"},"modified":"2026-01-09T14:06:10","modified_gmt":"2026-01-09T13:06:10","slug":"aquest-segon-trimestre-impulsa-la-radio-i-laudiovisual-a-laula-amb-noves-activitats","status":"publish","type":"post","link":"https:\/\/serveiseducatius.xtec.cat\/baixllobregat7\/general\/aquest-segon-trimestre-impulsa-la-radio-i-laudiovisual-a-laula-amb-noves-activitats\/","title":{"rendered":"Aquest segon trimestre impulsa la r\u00e0dio i l\u2019audiovisual a l\u2019aula amb noves activitats!"},"content":{"rendered":"\n<p>Des del Grup de Treball de R\u00e0dio i Audiovisual del CRP volem fer-vos arribar les <strong>noves propostes d&#8217;activitats de r\u00e0dio i audiovisuals<\/strong> d&#8217;aquest segon trimestre. Us convidem a descobrir i participar en unes activitats que donen veu, creativitat i protagonisme a l\u2019alumnat. <\/p>\n\n\n\n<p><strong>ACTIVITATS DE R\u00c0DIO<\/strong><br><\/p>\n\n\n\n<figure class=\"wp-block-table is-style-stripes\"><table class=\"has-fixed-layout\"><tbody><tr><td><a href=\"https:\/\/serveiseducatius.xtec.cat\/baixllobregat7\/wp-content\/uploads\/usu1179\/2026\/01\/100-anys-explicant-histories2.png\"><img decoding=\"async\" src=\"https:\/\/serveiseducatius.xtec.cat\/baixllobregat7\/wp-content\/uploads\/usu1179\/2026\/01\/100-anys-explicant-histories2.png\" alt=\"Aquesta imatge t\u00e9 l'atribut alt buit; el seu nom \u00e9s 100-anys-explicant-histories2.png\"><\/a><br>Participem en l&#8217;activitat &#8220;<strong>100 anys explicant hist\u00f2ries<\/strong>&#8220;. Enregistrem un conte arrelat al nostre territori pel Dia Mundial de la R\u00e0dio. <\/td><\/tr><tr><td><a href=\"https:\/\/serveiseducatius.xtec.cat\/baixllobregat7\/wp-content\/uploads\/usu1179\/2026\/01\/Captura-de-pantalla-2026-01-09-134931.png\"><img decoding=\"async\" src=\"https:\/\/serveiseducatius.xtec.cat\/baixllobregat7\/wp-content\/uploads\/usu1179\/2026\/01\/Captura-de-pantalla-2026-01-09-134931.png\" alt=\"Aquesta imatge t\u00e9 l'atribut alt buit; el seu nom \u00e9s Captura-de-pantalla-2026-01-09-134931.png\"><\/a><br>Enregistrem l&#8217;activitat &#8220;<strong>Dones i ci\u00e8ncia<\/strong>&#8221; per al Dia Internacional de la Dona i la ci\u00e8ncia: investiguem la vida i el llegat de 30 dones que han sigut referents en la hist\u00f2ria de la ci\u00e8ncia al m\u00f3n.<\/td><\/tr><tr><td><a href=\"https:\/\/serveiseducatius.xtec.cat\/baixllobregat7\/wp-content\/uploads\/usu1179\/2026\/01\/Captura-de-pantalla-2026-01-09-135027.png\"><img decoding=\"async\" src=\"https:\/\/serveiseducatius.xtec.cat\/baixllobregat7\/wp-content\/uploads\/usu1179\/2026\/01\/Captura-de-pantalla-2026-01-09-135027.png\" alt=\"Aquesta imatge t\u00e9 l'atribut alt buit; el seu nom \u00e9s Captura-de-pantalla-2026-01-09-135027.png\"><\/a> <br>Gravem una pe\u00e7a sonora per a l&#8217;activitat &#8220;<strong>Poesia sonora<\/strong>&#8221; per al Dia Internacional de la poesia: enriquim els textos po\u00e8tics tot treballant la pl\u00e0stica sonora.<\/td><\/tr><\/tbody><\/table><\/figure>\n\n\n\n<p><strong>ACTIVITATS AUDIOVISUALS<\/strong><\/p>\n\n\n\n<p><\/p>\n\n\n\n<figure class=\"wp-block-table is-style-stripes\"><table class=\"has-fixed-layout\"><tbody><tr><td><a href=\"https:\/\/serveiseducatius.xtec.cat\/baixllobregat7\/wp-content\/uploads\/usu1179\/2026\/01\/Captura-de-pantalla-2026-01-09-135242.png\"><\/a><a href=\"https:\/\/serveiseducatius.xtec.cat\/baixllobregat7\/wp-content\/uploads\/usu1179\/2026\/01\/Captura-de-pantalla-2026-01-09-135242.png\"><img decoding=\"async\" src=\"https:\/\/serveiseducatius.xtec.cat\/baixllobregat7\/wp-content\/uploads\/usu1179\/2026\/01\/Captura-de-pantalla-2026-01-09-135242.png\" alt=\"Aquesta imatge t\u00e9 l'atribut alt buit; el seu nom \u00e9s Captura-de-pantalla-2026-01-09-135242.png\"><\/a><br> &#8220;<strong>Fem un conte audiovisual il\u00b7lustrat<\/strong>&#8220;: una proposta pedag\u00f2gica on es convida els centres a enregistrar un conte en format audiovisual seguint les caracter\u00edstiques de les hist\u00f2ries que apareixen a l&#8217;espai &#8220;Una m\u00e0 de contes&#8221;.<\/td><\/tr><tr><td><a href=\"https:\/\/serveiseducatius.xtec.cat\/baixllobregat7\/wp-content\/uploads\/usu1179\/2026\/01\/Captura-de-pantalla-2026-01-09-135414.png\"><img decoding=\"async\" src=\"https:\/\/serveiseducatius.xtec.cat\/baixllobregat7\/wp-content\/uploads\/usu1179\/2026\/01\/Captura-de-pantalla-2026-01-09-135414.png\" alt=\"Aquesta imatge t\u00e9 l'atribut alt buit; el seu nom \u00e9s Captura-de-pantalla-2026-01-09-135414.png\"><\/a><br>Enregistrem un &#8220;<strong>V\u00eddeo p\u00f2dcast &#8220;Dones i ci\u00e8ncia<\/strong>&#8221; per al Dia Internacional de la Dona i la ci\u00e8ncia: investiguem la vida i el llegat de 30 dones que han sigut referents en la hist\u00f2ria de la ci\u00e8ncia al m\u00f3n en format audiovisual.<\/td><\/tr><\/tbody><\/table><\/figure>\n\n\n\n<p><mark style=\"background-color:rgba(0, 0, 0, 0);color:#4fc6b6\" class=\"has-inline-color\">Per coordinar la participaci\u00f3, us demanem que, si esteu interessats, ens contacteu al correu <strong>crp-martorell@xtec.cat<\/strong> i us farem arribar tota la informaci\u00f3 detallada sobre les activitats en qu\u00e8 vulgueu participar.<\/mark><\/p>\n\n\n\n<p><\/p>\n","protected":false},"excerpt":{"rendered":"<p>Des del Grup de Treball de R\u00e0dio i Audiovisual del CRP volem fer-vos arribar les noves propostes d&#8217;activitats de r\u00e0dio i audiovisuals d&#8217;aquest segon trimestre. Us convidem a descobrir i participar en unes activitats que donen veu, creativitat i protagonisme a l\u2019alumnat. ACTIVITATS DE R\u00c0DIO Participem en l&#8217;activitat &#8220;100 anys explicant hist\u00f2ries&#8220;. Enregistrem un conte [&hellip;]<\/p>\n","protected":false},"author":1,"featured_media":15748,"comment_status":"closed","ping_status":"open","sticky":false,"template":"","format":"standard","meta":{"_bbp_topic_count":0,"_bbp_reply_count":0,"_bbp_total_topic_count":0,"_bbp_total_reply_count":0,"_bbp_voice_count":0,"_bbp_anonymous_reply_count":0,"_bbp_topic_count_hidden":0,"_bbp_reply_count_hidden":0,"_bbp_forum_subforum_count":0,"site-sidebar-layout":"default","site-content-layout":"","ast-site-content-layout":"default","site-content-style":"default","site-sidebar-style":"default","ast-global-header-display":"","ast-banner-title-visibility":"","ast-main-header-display":"","ast-hfb-above-header-display":"","ast-hfb-below-header-display":"","ast-hfb-mobile-header-display":"","site-post-title":"","ast-breadcrumbs-content":"","ast-featured-img":"","footer-sml-layout":"","theme-transparent-header-meta":"","adv-header-id-meta":"","stick-header-meta":"","header-above-stick-meta":"","header-main-stick-meta":"","header-below-stick-meta":"","astra-migrate-meta-layouts":"set","ast-page-background-enabled":"default","ast-page-background-meta":{"desktop":{"background-color":"var(--ast-global-color-4)","background-image":"","background-repeat":"repeat","background-position":"center center","background-size":"auto","background-attachment":"scroll","background-type":"","background-media":"","overlay-type":"","overlay-color":"","overlay-opacity":"","overlay-gradient":""},"tablet":{"background-color":"","background-image":"","background-repeat":"repeat","background-position":"center center","background-size":"auto","background-attachment":"scroll","background-type":"","background-media":"","overlay-type":"","overlay-color":"","overlay-opacity":"","overlay-gradient":""},"mobile":{"background-color":"","background-image":"","background-repeat":"repeat","background-position":"center center","background-size":"auto","background-attachment":"scroll","background-type":"","background-media":"","overlay-type":"","overlay-color":"","overlay-opacity":"","overlay-gradient":""}},"ast-content-background-meta":{"desktop":{"background-color":"var(--ast-global-color-5)","background-image":"","background-repeat":"repeat","background-position":"center center","background-size":"auto","background-attachment":"scroll","background-type":"","background-media":"","overlay-type":"","overlay-color":"","overlay-opacity":"","overlay-gradient":""},"tablet":{"background-color":"var(--ast-global-color-5)","background-image":"","background-repeat":"repeat","background-position":"center center","background-size":"auto","background-attachment":"scroll","background-type":"","background-media":"","overlay-type":"","overlay-color":"","overlay-opacity":"","overlay-gradient":""},"mobile":{"background-color":"var(--ast-global-color-5)","background-image":"","background-repeat":"repeat","background-position":"center center","background-size":"auto","background-attachment":"scroll","background-type":"","background-media":"","overlay-type":"","overlay-color":"","overlay-opacity":"","overlay-gradient":""}},"footnotes":""},"categories":[289,1,29],"tags":[37,836],"class_list":["post-16179","post","type-post","status-publish","format-standard","has-post-thumbnail","hentry","category-cultura-digital","category-general","category-portada","tag-audiovisuals","tag-radio-escolar"],"post_mailing_queue_ids":[],"_links":{"self":[{"href":"https:\/\/serveiseducatius.xtec.cat\/baixllobregat7\/wp-json\/wp\/v2\/posts\/16179","targetHints":{"allow":["GET"]}}],"collection":[{"href":"https:\/\/serveiseducatius.xtec.cat\/baixllobregat7\/wp-json\/wp\/v2\/posts"}],"about":[{"href":"https:\/\/serveiseducatius.xtec.cat\/baixllobregat7\/wp-json\/wp\/v2\/types\/post"}],"author":[{"embeddable":true,"href":"https:\/\/serveiseducatius.xtec.cat\/baixllobregat7\/wp-json\/wp\/v2\/users\/1"}],"replies":[{"embeddable":true,"href":"https:\/\/serveiseducatius.xtec.cat\/baixllobregat7\/wp-json\/wp\/v2\/comments?post=16179"}],"version-history":[{"count":4,"href":"https:\/\/serveiseducatius.xtec.cat\/baixllobregat7\/wp-json\/wp\/v2\/posts\/16179\/revisions"}],"predecessor-version":[{"id":16189,"href":"https:\/\/serveiseducatius.xtec.cat\/baixllobregat7\/wp-json\/wp\/v2\/posts\/16179\/revisions\/16189"}],"wp:featuredmedia":[{"embeddable":true,"href":"https:\/\/serveiseducatius.xtec.cat\/baixllobregat7\/wp-json\/wp\/v2\/media\/15748"}],"wp:attachment":[{"href":"https:\/\/serveiseducatius.xtec.cat\/baixllobregat7\/wp-json\/wp\/v2\/media?parent=16179"}],"wp:term":[{"taxonomy":"category","embeddable":true,"href":"https:\/\/serveiseducatius.xtec.cat\/baixllobregat7\/wp-json\/wp\/v2\/categories?post=16179"},{"taxonomy":"post_tag","embeddable":true,"href":"https:\/\/serveiseducatius.xtec.cat\/baixllobregat7\/wp-json\/wp\/v2\/tags?post=16179"}],"curies":[{"name":"wp","href":"https:\/\/api.w.org\/{rel}","templated":true}]}}