{"id":16177,"date":"2026-01-12T08:00:00","date_gmt":"2026-01-12T07:00:00","guid":{"rendered":"https:\/\/serveiseducatius.xtec.cat\/baixllobregat7\/?p=16177"},"modified":"2026-01-16T11:56:22","modified_gmt":"2026-01-16T10:56:22","slug":"2n-torn-de-formacio-en-educacio-matematica","status":"publish","type":"post","link":"https:\/\/serveiseducatius.xtec.cat\/baixllobregat7\/portada\/2n-torn-de-formacio-en-educacio-matematica\/","title":{"rendered":"2n torn de formaci\u00f3 en educaci\u00f3 matem\u00e0tica"},"content":{"rendered":"\n<figure class=\"wp-block-image aligncenter size-full\"><a href=\"https:\/\/serveiseducatius.xtec.cat\/baixllobregat7\/wp-content\/uploads\/usu1179\/2023\/09\/logo-creamat.png\"><img loading=\"lazy\" decoding=\"async\" width=\"695\" height=\"265\" src=\"https:\/\/serveiseducatius.xtec.cat\/baixllobregat7\/wp-content\/uploads\/usu1179\/2023\/09\/logo-creamat.png\" alt=\"\" class=\"wp-image-13013\" srcset=\"https:\/\/serveiseducatius.xtec.cat\/baixllobregat7\/wp-content\/uploads\/usu1179\/2023\/09\/logo-creamat.png 695w, https:\/\/serveiseducatius.xtec.cat\/baixllobregat7\/wp-content\/uploads\/usu1179\/2023\/09\/logo-creamat-300x114.png 300w\" sizes=\"auto, (max-width: 695px) 100vw, 695px\" \/><\/a><\/figure>\n\n\n\n<p>El CREAMAT obre un nou torn de formacions i recursos adre\u00e7ats al professorat de totes les etapes educatives, amb propostes actualitzades alineades amb les noves Orientacions Curriculars de matem\u00e0tiques.<\/p>\n\n\n\n<h3 class=\"wp-block-heading\">&nbsp;Cursos i tallers de formaci\u00f3 (20 h)<\/h3>\n\n\n\n<ul class=\"wp-block-list\">\n<li><strong>ARAMAT 2 \u2013&nbsp;<a href=\"https:\/\/serveiseducatius.xtec.cat\/cesire\/formacions-aramat-2n-torn-25-26\/\">Aprendre m\u00e9s matem\u00e0tiques per ensenyar-les millor<\/a><\/strong><br>Adre\u00e7at a docents i equips de centre de&nbsp;<strong>prim\u00e0ria<\/strong>. No \u00e9s imprescindible haver cursat l\u2019ARAMAT 1.<\/li>\n\n\n\n<li><a href=\"https:\/\/serveiseducatius.xtec.cat\/cesire\/?p=23454\"><strong>GeoGebra: activitats per investigar matem\u00e0tiques<\/strong><br><\/a>Per a docents de&nbsp;<strong>secund\u00e0ria<\/strong>&nbsp;i darrers cursos de&nbsp;<strong>prim\u00e0ria<\/strong>, orientat a l\u2019\u00fas del GeoGebra en la resoluci\u00f3 de problemes.<\/li>\n\n\n\n<li><strong><a href=\"https:\/\/serveiseducatius.xtec.cat\/cesire\/?p=23442\">Pensament computacional a matem\u00e0tiques<\/a><\/strong><br>Recursos, activitats i metodologies per a&nbsp;<strong>prim\u00e0ria i secund\u00e0ria<\/strong>, integrant programaci\u00f3 i estrat\u00e8gies de pensament computacional.<\/li>\n<\/ul>\n\n\n\n<hr class=\"wp-block-separator has-alpha-channel-opacity\"\/>\n\n\n\n<h3 class=\"wp-block-heading\">&nbsp;Cicles de confer\u00e8ncies 2025-26<\/h3>\n\n\n\n<p>A partir del gener s\u2019inicien:<\/p>\n\n\n\n<ul class=\"wp-block-list\">\n<li><a href=\"https:\/\/serveiseducatius.xtec.cat\/cesire\/cicle-de-conferencies-mirades-matematiques-2025-26\/\"><strong>Mirades matem\u00e0tiques<\/strong>&nbsp;(prim\u00e0ria)<\/a><\/li>\n\n\n\n<li><a href=\"https:\/\/serveiseducatius.xtec.cat\/cesire\/perspectives-matematiques-2025-26\/\"><strong>Perspectives matem\u00e0tiques<\/strong>&nbsp;(secund\u00e0ria)<\/a><\/li>\n<\/ul>\n\n\n\n<p>Els cicles permeten aprofundir en les noves<a href=\"https:\/\/projectes.xtec.cat\/nou-curriculum\/orientacions-curriculars\/\">&nbsp;Orientacions Curriculars<\/a>&nbsp;i ofereixen una&nbsp;<strong>certificaci\u00f3 de 12 h<\/strong>&nbsp;amb la inscripci\u00f3 i la realitzaci\u00f3 dels q\u00fcestionaris.<\/p>\n\n\n\n<hr class=\"wp-block-separator has-alpha-channel-opacity\"\/>\n\n\n\n<hr class=\"wp-block-separator has-alpha-channel-opacity\"\/>\n\n\n\n<h3 class=\"wp-block-heading\">&nbsp;Formacions i programes de la SG de Curr\u00edculum<\/h3>\n\n\n\n<ul class=\"wp-block-list\">\n<li><a href=\"https:\/\/serveiseducatius.xtec.cat\/cesire\/itinerari\/aramat\/\"><strong>ARAMAT 0-6<\/strong>:&nbsp;<\/a>programa de 20 h per connectar educadores i mestres en l\u2019aprenentatge matem\u00e0tic a les primeres edats.<\/li>\n\n\n\n<li><strong>P\u00edndoles del curr\u00edculum \u2013 Matem\u00e0tiques<\/strong>: curs en l\u00ednia de 30 h per a professorat de secund\u00e0ria. M\u00e9s informaci\u00f3 i inscripcions:&nbsp;<a href=\"https:\/\/aplicacions.gestioeducativa.gencat.cat\/ords\/pls\/soloas\/pk_for_mod_ins.p_for_detall_activitat?p_header=Llista%20d%27activitats%5epk_for_mod_ins.p_for_cons_activitats?p_tipus_act=P1CC,P1DI,P1EC,P1EF,P1GH,P1LC,P1LS,P1MA,P1MU,P1TE,P2BG,P2CC,P2DI,P2EC,P2EF,P2FQ,P2GH,P2LC,P2LE,P2MA,P2MU,P2TE,P2FI,P2DT,P1BG,1BGN,P1FQ,RASC,RAFQ,P1DT,1ECN,1FQN,1LCN,P1FI,P1GE,1GHN,P1LE,2BGN,2FQN,2GHN,2LCN%26p_totes=N%26p_inici=1%26p_excloure_crp_rec=F&amp;p_codi=9004760557&amp;p_curs=2025-2026&amp;p_excloure_crp_rec=F\" target=\"_blank\" rel=\"noreferrer noopener\">Curs&nbsp;en dilluns<\/a>&nbsp;\u2013&nbsp;<a href=\"https:\/\/aplicacions.gestioeducativa.gencat.cat\/ords\/pls\/soloas\/pk_for_mod_ins.p_for_detall_activitat?p_header=Llista%20d%27activitats%5epk_for_mod_ins.p_for_cons_activitats?p_tipus_act=P1CC,P1DI,P1EC,P1EF,P1GH,P1LC,P1LS,P1MA,P1MU,P1TE,P2BG,P2CC,P2DI,P2EC,P2EF,P2FQ,P2GH,P2LC,P2LE,P2MA,P2MU,P2TE,P2FI,P2DT,P1BG,1BGN,P1FQ,RASC,RAFQ,P1DT,1ECN,1FQN,1LCN,P1FI,P1GE,1GHN,P1LE,2BGN,2FQN,2GHN,2LCN%26p_totes=N%26p_inici=1%26p_excloure_crp_rec=F&amp;p_codi=9004770557&amp;p_curs=2025-2026&amp;p_excloure_crp_rec=F\" target=\"_blank\" rel=\"noreferrer noopener\">Curs en dijous<\/a><\/li>\n\n\n\n<li><strong><a href=\"https:\/\/aplicacions.gestioeducativa.gencat.cat\/ords\/pls\/soloas\/pk_for_mod_ins.p_for_cons_activitats?p_any=&amp;p_tipus_act=CLM2,CLM3,CLM4,CLM5&amp;p_totes=S&amp;p_paginar=N\">M\u00fasica, matem\u00e0tiques i ci\u00e8ncia<\/a><\/strong>: jornada pr\u00e0ctica sobre la relaci\u00f3 entre so, ci\u00e8ncia i matem\u00e0tiques.<\/li>\n<\/ul>\n\n\n\n<ul class=\"wp-block-list\">\n<li><\/li>\n<\/ul>\n\n\n\n<hr class=\"wp-block-separator has-alpha-channel-opacity\"\/>\n\n\n\n<h3 class=\"wp-block-heading\">&nbsp;Activitats de les associacions (docents)<\/h3>\n\n\n\n<p>Destaquen, entre d\u2019altres:<\/p>\n\n\n\n<ul class=\"wp-block-list\">\n<li><a href=\"https:\/\/lleimat.feemcat.org\/\">Jornada&nbsp;<strong>Lleimat<\/strong><\/a>&nbsp;(7 de febrer \u2013 Lleida)<\/li>\n\n\n\n<li><a href=\"https:\/\/acgeogebra.cat\/\">XVIII Jornada de l\u2019<strong>Associaci\u00f3 Catalana de GeoGebra<\/strong>&nbsp;<\/a>(21 de febrer \u2013 UPC)<\/li>\n<\/ul>\n\n\n\n<hr class=\"wp-block-separator has-alpha-channel-opacity\"\/>\n\n\n\n<h3 class=\"wp-block-heading\">&nbsp;Propostes per a l\u2019alumnat<\/h3>\n\n\n\n<p>Concursos i programes com:<\/p>\n\n\n\n<ul class=\"wp-block-list\">\n<li><a href=\"http:\/\/videomat.cat\/\"><strong>V\u00eddeoMAT<\/strong>,&nbsp;<\/a><strong><a href=\"https:\/\/eltourdemates.wordpress.com\/\">Tour de Mates<\/a><\/strong>,&nbsp;<strong><a href=\"https:\/\/scm.iec.cat\/concurs-presencial\/copa-cangur\/\">Copa Cangur<\/a><\/strong>,&nbsp;<strong><a href=\"https:\/\/fm.feemcat.org\/\">Fem Matem\u00e0tiques<\/a><\/strong><\/li>\n\n\n\n<li><a href=\"https:\/\/fme.upc.edu\/ca\/activitats-secundaria\/premi-poincare\/premi-poincare\"><strong>Premi Poincar\u00e9<\/strong>&nbsp;<\/a>(Treballs de Recerca)<\/li>\n\n\n\n<li><strong><a href=\"https:\/\/fme.upc.edu\/ca\/concurs-planter-de-sondeigs-i-experiments\">Planter de Sondeigs i Experiments<\/a><\/strong><\/li>\n<\/ul>\n\n\n\n<hr class=\"wp-block-separator has-alpha-channel-opacity\"\/>\n\n\n\n<h3 class=\"wp-block-heading\">&nbsp;Altres propostes destacades<\/h3>\n\n\n\n<ul class=\"wp-block-list\">\n<li><strong><a href=\"https:\/\/fotografiamatematica.cat\/exposicio\/vols-lexposicio-al-teu-centre\/\">Exposici\u00f3 de Fotografia Matem\u00e0tica d\u2019ABEAM<\/a><\/strong><\/li>\n\n\n\n<li><strong><a href=\"https:\/\/abeam.feemcat.org\/web\/portada\/14e-concurs-dibuixos-matematics-abeam-bases-inscripcio-i-enviament-dobres\/\">Concurs de Dibuixos Matem\u00e0tics<\/a><\/strong><\/li>\n\n\n\n<li><a href=\"https:\/\/mmaca.cat\/exposicio-permanent-cornella\/\">Activitats del&nbsp;<strong>MMACA<\/strong><\/a><\/li>\n\n\n\n<li><a href=\"https:\/\/mat.ub.edu\/matefest\/\"><strong>Matefest-Infofest 2026<\/strong>&nbsp;(UB)<\/a><\/li>\n<\/ul>\n\n\n\n<hr class=\"wp-block-separator has-alpha-channel-opacity\"\/>\n\n\n\n<p>Nous v\u00eddeos del&nbsp;<strong>V\u00eddeoMAT 2025<\/strong>, com<a href=\"https:\/\/www.youtube.com\/watch?feature=shared&amp;v=dVRpprNOhhc\">&nbsp;<em>Quin \u00e9s el teu color preferit?<\/em>&nbsp;<\/a>o&nbsp;<em><a href=\"https:\/\/youtu.be\/pR6SkiO38tU\">Com funciona el GPS?<\/a><\/em><\/p>\n\n\n\n<p><a href=\"https:\/\/apliense.xtec.cat\/arc\/node\/31290\"><strong>Festa de la mesura<\/strong>&nbsp;(prim\u00e0ria)<\/a><\/p>\n\n\n\n<p><a href=\"https:\/\/apliense.xtec.cat\/arc\/node\/31311\"><strong>Dissenya el teu clauer amb Riemann<\/strong>&nbsp;(secund\u00e0ria)<\/a><\/p>\n\n\n\n<p><\/p>\n","protected":false},"excerpt":{"rendered":"<p>El CREAMAT obre un nou torn de formacions i recursos adre\u00e7ats al professorat de totes les etapes educatives, amb propostes actualitzades alineades amb les noves Orientacions Curriculars de matem\u00e0tiques. &nbsp;Cursos i tallers de formaci\u00f3 (20 h) &nbsp;Cicles de confer\u00e8ncies 2025-26 A partir del gener s\u2019inicien: Els cicles permeten aprofundir en les noves&nbsp;Orientacions Curriculars&nbsp;i ofereixen una&nbsp;certificaci\u00f3 [&hellip;]<\/p>\n","protected":false},"author":1,"featured_media":13013,"comment_status":"closed","ping_status":"open","sticky":false,"template":"","format":"standard","meta":{"_bbp_topic_count":0,"_bbp_reply_count":0,"_bbp_total_topic_count":0,"_bbp_total_reply_count":0,"_bbp_voice_count":0,"_bbp_anonymous_reply_count":0,"_bbp_topic_count_hidden":0,"_bbp_reply_count_hidden":0,"_bbp_forum_subforum_count":0,"site-sidebar-layout":"default","site-content-layout":"","ast-site-content-layout":"default","site-content-style":"default","site-sidebar-style":"default","ast-global-header-display":"","ast-banner-title-visibility":"","ast-main-header-display":"","ast-hfb-above-header-display":"","ast-hfb-below-header-display":"","ast-hfb-mobile-header-display":"","site-post-title":"","ast-breadcrumbs-content":"","ast-featured-img":"","footer-sml-layout":"","theme-transparent-header-meta":"","adv-header-id-meta":"","stick-header-meta":"","header-above-stick-meta":"","header-main-stick-meta":"","header-below-stick-meta":"","astra-migrate-meta-layouts":"set","ast-page-background-enabled":"default","ast-page-background-meta":{"desktop":{"background-color":"var(--ast-global-color-4)","background-image":"","background-repeat":"repeat","background-position":"center center","background-size":"auto","background-attachment":"scroll","background-type":"","background-media":"","overlay-type":"","overlay-color":"","overlay-opacity":"","overlay-gradient":""},"tablet":{"background-color":"","background-image":"","background-repeat":"repeat","background-position":"center center","background-size":"auto","background-attachment":"scroll","background-type":"","background-media":"","overlay-type":"","overlay-color":"","overlay-opacity":"","overlay-gradient":""},"mobile":{"background-color":"","background-image":"","background-repeat":"repeat","background-position":"center center","background-size":"auto","background-attachment":"scroll","background-type":"","background-media":"","overlay-type":"","overlay-color":"","overlay-opacity":"","overlay-gradient":""}},"ast-content-background-meta":{"desktop":{"background-color":"var(--ast-global-color-5)","background-image":"","background-repeat":"repeat","background-position":"center center","background-size":"auto","background-attachment":"scroll","background-type":"","background-media":"","overlay-type":"","overlay-color":"","overlay-opacity":"","overlay-gradient":""},"tablet":{"background-color":"var(--ast-global-color-5)","background-image":"","background-repeat":"repeat","background-position":"center center","background-size":"auto","background-attachment":"scroll","background-type":"","background-media":"","overlay-type":"","overlay-color":"","overlay-opacity":"","overlay-gradient":""},"mobile":{"background-color":"var(--ast-global-color-5)","background-image":"","background-repeat":"repeat","background-position":"center center","background-size":"auto","background-attachment":"scroll","background-type":"","background-media":"","overlay-type":"","overlay-color":"","overlay-opacity":"","overlay-gradient":""}},"footnotes":""},"categories":[29],"tags":[572,735,740,813,226,486],"class_list":["post-16177","post","type-post","status-publish","format-standard","has-post-thumbnail","hentry","category-portada","tag-cesire","tag-crp-baix-llobregat-vii","tag-crp-martorell","tag-curs-25-26","tag-formacio","tag-matemariques"],"post_mailing_queue_ids":[],"_links":{"self":[{"href":"https:\/\/serveiseducatius.xtec.cat\/baixllobregat7\/wp-json\/wp\/v2\/posts\/16177","targetHints":{"allow":["GET"]}}],"collection":[{"href":"https:\/\/serveiseducatius.xtec.cat\/baixllobregat7\/wp-json\/wp\/v2\/posts"}],"about":[{"href":"https:\/\/serveiseducatius.xtec.cat\/baixllobregat7\/wp-json\/wp\/v2\/types\/post"}],"author":[{"embeddable":true,"href":"https:\/\/serveiseducatius.xtec.cat\/baixllobregat7\/wp-json\/wp\/v2\/users\/1"}],"replies":[{"embeddable":true,"href":"https:\/\/serveiseducatius.xtec.cat\/baixllobregat7\/wp-json\/wp\/v2\/comments?post=16177"}],"version-history":[{"count":2,"href":"https:\/\/serveiseducatius.xtec.cat\/baixllobregat7\/wp-json\/wp\/v2\/posts\/16177\/revisions"}],"predecessor-version":[{"id":16190,"href":"https:\/\/serveiseducatius.xtec.cat\/baixllobregat7\/wp-json\/wp\/v2\/posts\/16177\/revisions\/16190"}],"wp:featuredmedia":[{"embeddable":true,"href":"https:\/\/serveiseducatius.xtec.cat\/baixllobregat7\/wp-json\/wp\/v2\/media\/13013"}],"wp:attachment":[{"href":"https:\/\/serveiseducatius.xtec.cat\/baixllobregat7\/wp-json\/wp\/v2\/media?parent=16177"}],"wp:term":[{"taxonomy":"category","embeddable":true,"href":"https:\/\/serveiseducatius.xtec.cat\/baixllobregat7\/wp-json\/wp\/v2\/categories?post=16177"},{"taxonomy":"post_tag","embeddable":true,"href":"https:\/\/serveiseducatius.xtec.cat\/baixllobregat7\/wp-json\/wp\/v2\/tags?post=16177"}],"curies":[{"name":"wp","href":"https:\/\/api.w.org\/{rel}","templated":true}]}}