{"id":16136,"date":"2026-01-08T08:00:00","date_gmt":"2026-01-08T07:00:00","guid":{"rendered":"https:\/\/serveiseducatius.xtec.cat\/baixllobregat7\/?p=16136"},"modified":"2025-12-18T14:27:02","modified_gmt":"2025-12-18T13:27:02","slug":"microcredencial-en-convivencia-escolar-uab","status":"publish","type":"post","link":"https:\/\/serveiseducatius.xtec.cat\/baixllobregat7\/portada\/microcredencial-en-convivencia-escolar-uab\/","title":{"rendered":"Microcredencial en Conviv\u00e8ncia Escolar (UAB)"},"content":{"rendered":"\n<h5 class=\"wp-block-heading\"><strong>Microcredencial Conviv\u00e8ncia Escolar. La Mediaci\u00f3 en Centres Educatius<\/strong>&nbsp;de la Universitat Aut\u00f2noma de Barcelona, amb la col\u00b7laboraci\u00f3 del Departament d\u2019Educaci\u00f3 i de Formaci\u00f3 Professional de la Generalitat de Catalunya.<\/h5>\n\n\n\n<figure class=\"wp-block-image alignleft size-full is-resized\"><a href=\"https:\/\/serveiseducatius.xtec.cat\/baixllobregat7\/wp-content\/uploads\/usu1179\/2025\/12\/microcredencial.jpg\"><img loading=\"lazy\" decoding=\"async\" width=\"412\" height=\"168\" src=\"https:\/\/serveiseducatius.xtec.cat\/baixllobregat7\/wp-content\/uploads\/usu1179\/2025\/12\/microcredencial.jpg\" alt=\"\" class=\"wp-image-16137\" style=\"width:566px;height:auto\" srcset=\"https:\/\/serveiseducatius.xtec.cat\/baixllobregat7\/wp-content\/uploads\/usu1179\/2025\/12\/microcredencial.jpg 412w, https:\/\/serveiseducatius.xtec.cat\/baixllobregat7\/wp-content\/uploads\/usu1179\/2025\/12\/microcredencial-300x122.jpg 300w\" sizes=\"auto, (max-width: 412px) 100vw, 412px\" \/><\/a><\/figure>\n\n\n\n<p>Aquesta Microcredencial,&nbsp;<strong>adre\u00e7ada a<\/strong>&nbsp;professionals de la mediaci\u00f3 i orientaci\u00f3 escolar de centres educatius, tutores i tutors de curs al sistema educatiu, assessors\/es d\u2019institucions educatives o qualsevol agent educatiu a secund\u00e0ria que vulgui ampliar les seves estrat\u00e8gies com a professional vinculat a l\u2019orientaci\u00f3,&nbsp;t\u00e9 per&nbsp;<strong>objectiu<\/strong>&nbsp;proporcionar principis, orientacions, estrat\u00e8gies i instruments per a una mediaci\u00f3 escolar efectiva en l\u2019\u00e0mbit d\u2019aula i de centre educatiu&nbsp;per a l\u2019establiment de contextos educatius favorables a l\u2019aprenentatge i al desenvolupament emocional i social dels estudiants, professorat i fam\u00edlies.<\/p>\n\n\n\n<ul class=\"wp-block-list\">\n<li><strong>Per\u00edode\u00a0<\/strong><strong><u><a href=\"https:\/\/www.uab.cat\/web\/postgrau\/microcredencial-en-convivencia-escolar-la-mediacio-en-centres-educatius\/admissio-1345468487891.html\/param1-5151_ca\/\" target=\"_blank\" rel=\"noreferrer noopener\">d\u2019inscripci\u00f3<\/a><\/u><\/strong>: obert fins al 07\/01\/2026.<\/li>\n\n\n\n<li><strong>Adjudicaci\u00f3 de places<\/strong>: per ordre d\u2019inscripci\u00f3 i compliment de la matr\u00edcula.\u00a0<\/li>\n\n\n\n<li><strong>Modalitat<\/strong>: online, amb una \u00fanica sessi\u00f3 inicial presencial (12\/01\/2026) i tres sessions online sincr\u00f2niques (26\/01, 09\/02, 23\/02) en horari de tarda de 17h a 20h.<\/li>\n\n\n\n<li><strong>Dates<\/strong>\u00a0d\u2019impartici\u00f3: del 12\/01\/2026 al 09\/03\/2026.<\/li>\n\n\n\n<li><strong>Durada:\u00a0<\/strong>6 ECTS.<\/li>\n\n\n\n<li><strong>Preu especial<\/strong>:\u00a0Formaci\u00f3 subvencionada al 70%.\u00a0<\/li>\n<\/ul>\n\n\n\n<p>&nbsp;&nbsp;<strong>Cost per participant:<\/strong>&nbsp;74\u20ac<\/p>\n\n\n\n<p><a href=\"https:\/\/www.uab.cat\/web\/postgrau\/microcredencial-en-convivencia-escolar-la-mediacio-en-centres-educatius\/informacio-general-1201094877538.html\/param1-5151_ca\/\" target=\"_blank\" rel=\"noreferrer noopener\">M\u00e9s informaci\u00f3<\/a><\/p>\n\n\n\n<p>Per a qualsevol dubte, contacteu amb &nbsp;<a href=\"mailto:patricia.olmos@uab.cat\" target=\"_blank\" rel=\"noreferrer noopener\">patricia.olmos@uab.cat<\/a>&nbsp;&nbsp;<\/p>\n","protected":false},"excerpt":{"rendered":"<p>Microcredencial Conviv\u00e8ncia Escolar. La Mediaci\u00f3 en Centres Educatius&nbsp;de la Universitat Aut\u00f2noma de Barcelona, amb la col\u00b7laboraci\u00f3 del Departament d\u2019Educaci\u00f3 i de Formaci\u00f3 Professional de la Generalitat de Catalunya. Aquesta Microcredencial,&nbsp;adre\u00e7ada a&nbsp;professionals de la mediaci\u00f3 i orientaci\u00f3 escolar de centres educatius, tutores i tutors de curs al sistema educatiu, assessors\/es d\u2019institucions educatives o qualsevol agent educatiu [&hellip;]<\/p>\n","protected":false},"author":1,"featured_media":16137,"comment_status":"closed","ping_status":"open","sticky":false,"template":"","format":"standard","meta":{"_bbp_topic_count":0,"_bbp_reply_count":0,"_bbp_total_topic_count":0,"_bbp_total_reply_count":0,"_bbp_voice_count":0,"_bbp_anonymous_reply_count":0,"_bbp_topic_count_hidden":0,"_bbp_reply_count_hidden":0,"_bbp_forum_subforum_count":0,"site-sidebar-layout":"default","site-content-layout":"","ast-site-content-layout":"default","site-content-style":"default","site-sidebar-style":"default","ast-global-header-display":"","ast-banner-title-visibility":"","ast-main-header-display":"","ast-hfb-above-header-display":"","ast-hfb-below-header-display":"","ast-hfb-mobile-header-display":"","site-post-title":"","ast-breadcrumbs-content":"","ast-featured-img":"","footer-sml-layout":"","theme-transparent-header-meta":"","adv-header-id-meta":"","stick-header-meta":"","header-above-stick-meta":"","header-main-stick-meta":"","header-below-stick-meta":"","astra-migrate-meta-layouts":"set","ast-page-background-enabled":"default","ast-page-background-meta":{"desktop":{"background-color":"var(--ast-global-color-4)","background-image":"","background-repeat":"repeat","background-position":"center center","background-size":"auto","background-attachment":"scroll","background-type":"","background-media":"","overlay-type":"","overlay-color":"","overlay-opacity":"","overlay-gradient":""},"tablet":{"background-color":"","background-image":"","background-repeat":"repeat","background-position":"center center","background-size":"auto","background-attachment":"scroll","background-type":"","background-media":"","overlay-type":"","overlay-color":"","overlay-opacity":"","overlay-gradient":""},"mobile":{"background-color":"","background-image":"","background-repeat":"repeat","background-position":"center center","background-size":"auto","background-attachment":"scroll","background-type":"","background-media":"","overlay-type":"","overlay-color":"","overlay-opacity":"","overlay-gradient":""}},"ast-content-background-meta":{"desktop":{"background-color":"var(--ast-global-color-5)","background-image":"","background-repeat":"repeat","background-position":"center center","background-size":"auto","background-attachment":"scroll","background-type":"","background-media":"","overlay-type":"","overlay-color":"","overlay-opacity":"","overlay-gradient":""},"tablet":{"background-color":"var(--ast-global-color-5)","background-image":"","background-repeat":"repeat","background-position":"center center","background-size":"auto","background-attachment":"scroll","background-type":"","background-media":"","overlay-type":"","overlay-color":"","overlay-opacity":"","overlay-gradient":""},"mobile":{"background-color":"var(--ast-global-color-5)","background-image":"","background-repeat":"repeat","background-position":"center center","background-size":"auto","background-attachment":"scroll","background-type":"","background-media":"","overlay-type":"","overlay-color":"","overlay-opacity":"","overlay-gradient":""}},"footnotes":""},"categories":[65,29],"tags":[735,740,672,872],"class_list":["post-16136","post","type-post","status-publish","format-standard","has-post-thumbnail","hentry","category-crp","category-portada","tag-crp-baix-llobregat-vii","tag-crp-martorell","tag-portada","tag-uab"],"post_mailing_queue_ids":[],"_links":{"self":[{"href":"https:\/\/serveiseducatius.xtec.cat\/baixllobregat7\/wp-json\/wp\/v2\/posts\/16136","targetHints":{"allow":["GET"]}}],"collection":[{"href":"https:\/\/serveiseducatius.xtec.cat\/baixllobregat7\/wp-json\/wp\/v2\/posts"}],"about":[{"href":"https:\/\/serveiseducatius.xtec.cat\/baixllobregat7\/wp-json\/wp\/v2\/types\/post"}],"author":[{"embeddable":true,"href":"https:\/\/serveiseducatius.xtec.cat\/baixllobregat7\/wp-json\/wp\/v2\/users\/1"}],"replies":[{"embeddable":true,"href":"https:\/\/serveiseducatius.xtec.cat\/baixllobregat7\/wp-json\/wp\/v2\/comments?post=16136"}],"version-history":[{"count":1,"href":"https:\/\/serveiseducatius.xtec.cat\/baixllobregat7\/wp-json\/wp\/v2\/posts\/16136\/revisions"}],"predecessor-version":[{"id":16138,"href":"https:\/\/serveiseducatius.xtec.cat\/baixllobregat7\/wp-json\/wp\/v2\/posts\/16136\/revisions\/16138"}],"wp:featuredmedia":[{"embeddable":true,"href":"https:\/\/serveiseducatius.xtec.cat\/baixllobregat7\/wp-json\/wp\/v2\/media\/16137"}],"wp:attachment":[{"href":"https:\/\/serveiseducatius.xtec.cat\/baixllobregat7\/wp-json\/wp\/v2\/media?parent=16136"}],"wp:term":[{"taxonomy":"category","embeddable":true,"href":"https:\/\/serveiseducatius.xtec.cat\/baixllobregat7\/wp-json\/wp\/v2\/categories?post=16136"},{"taxonomy":"post_tag","embeddable":true,"href":"https:\/\/serveiseducatius.xtec.cat\/baixllobregat7\/wp-json\/wp\/v2\/tags?post=16136"}],"curies":[{"name":"wp","href":"https:\/\/api.w.org\/{rel}","templated":true}]}}