{"id":16055,"date":"2025-11-19T09:52:39","date_gmt":"2025-11-19T08:52:39","guid":{"rendered":"https:\/\/serveiseducatius.xtec.cat\/baixllobregat7\/?p=16055"},"modified":"2025-11-19T09:52:40","modified_gmt":"2025-11-19T08:52:40","slug":"20-de-novembre-webinar-en-linia-porta-a-laula-contingut-cientific-actualitzat-sobre-la-tardor","status":"publish","type":"post","link":"https:\/\/serveiseducatius.xtec.cat\/baixllobregat7\/portada\/20-de-novembre-webinar-en-linia-porta-a-laula-contingut-cientific-actualitzat-sobre-la-tardor\/","title":{"rendered":"20 de novembre- Webinar en l\u00ednia. Porta\u00a0a l\u2019aula contingut cient\u00edfic actualitzat sobre la tardor"},"content":{"rendered":"\n<figure class=\"wp-block-image alignleft size-full is-resized\"><a href=\"https:\/\/serveiseducatius.xtec.cat\/baixllobregat7\/wp-content\/uploads\/usu1179\/2025\/11\/hora_verda.jpg\"><img loading=\"lazy\" decoding=\"async\" width=\"670\" height=\"657\" src=\"https:\/\/serveiseducatius.xtec.cat\/baixllobregat7\/wp-content\/uploads\/usu1179\/2025\/11\/hora_verda.jpg\" alt=\"\" class=\"wp-image-16056\" style=\"width:605px;height:auto\" srcset=\"https:\/\/serveiseducatius.xtec.cat\/baixllobregat7\/wp-content\/uploads\/usu1179\/2025\/11\/hora_verda.jpg 670w, https:\/\/serveiseducatius.xtec.cat\/baixllobregat7\/wp-content\/uploads\/usu1179\/2025\/11\/hora_verda-300x294.jpg 300w\" sizes=\"auto, (max-width: 670px) 100vw, 670px\" \/><\/a><\/figure>\n\n\n\n<p>Et presentem&nbsp;<a href=\"https:\/\/www.creaf.cat\/ca\/articles\/neix-hora-verda-espai-connectar-professorat-natura-ciencia?mc_cid=70e30896d4&amp;mc_eid=UNIQID\">l\u2019Hora Verda<\/a>, el nou projecte d\u2019<strong>Escoles Verdes<\/strong>&nbsp;i el&nbsp;<strong>CREAF&nbsp;<\/strong>per connectar amb la natura i tenir una finestra oberta a la ci\u00e8ncia. L\u2019Hora Verda est\u00e0 adre\u00e7ada a professorat de&nbsp;<strong>prim\u00e0ria i de secund\u00e0ria<\/strong>.<\/p>\n\n\n\n<p>Consta de<strong> tres seminaris web en l\u00ednia<\/strong> que es faran un cop al trimestre i tindran com a tema transversal el canvi clim\u00e0tic i biodiversitat.<br>El primer ser\u00e0 aquest dijous 20 de novembre sobre<strong>\u00a0la ci\u00e8ncia de la tardor<\/strong>, i els seg\u00fcents exploraran l\u2019hivern i el bon temps (la primavera i l\u2019estiu).<br>Cada trobada comptar\u00e0 amb\u00a0<strong>micro-xerrades en directe de persones cient\u00edfiques<\/strong>\u00a0de diferents centres de recerca de Catalunya que ens explicaran aspectes nous, curiosos, rellevants sobre cada estaci\u00f3 de l\u2019any.<br>Tamb\u00e9 faran un debat, resoldrem dubtes i posar a prova el que heu apr\u00e8s.\u00a0<strong><a href=\"https:\/\/forms.office.com\/pages\/responsepage.aspx?id=TYMCpGXtLkGMknawZ1tOOSSo5lAgAMtHg3ewLeEPUVFUQ1NRQTNFQ1VDVUQ2MjRLV0ZDSVhVQ1FFRS4u&amp;route=shorturl&amp;mc_cid=70e30896d4&amp;mc_eid=UNIQID\">Inscripcions<\/a><\/strong><\/p>\n\n\n\n<p><\/p>\n","protected":false},"excerpt":{"rendered":"<p>Et presentem&nbsp;l\u2019Hora Verda, el nou projecte d\u2019Escoles Verdes&nbsp;i el&nbsp;CREAF&nbsp;per connectar amb la natura i tenir una finestra oberta a la ci\u00e8ncia. L\u2019Hora Verda est\u00e0 adre\u00e7ada a professorat de&nbsp;prim\u00e0ria i de secund\u00e0ria. Consta de tres seminaris web en l\u00ednia que es faran un cop al trimestre i tindran com a tema transversal el canvi clim\u00e0tic i [&hellip;]<\/p>\n","protected":false},"author":1,"featured_media":16056,"comment_status":"closed","ping_status":"open","sticky":false,"template":"","format":"standard","meta":{"_bbp_topic_count":0,"_bbp_reply_count":0,"_bbp_total_topic_count":0,"_bbp_total_reply_count":0,"_bbp_voice_count":0,"_bbp_anonymous_reply_count":0,"_bbp_topic_count_hidden":0,"_bbp_reply_count_hidden":0,"_bbp_forum_subforum_count":0,"site-sidebar-layout":"default","site-content-layout":"","ast-site-content-layout":"default","site-content-style":"default","site-sidebar-style":"default","ast-global-header-display":"","ast-banner-title-visibility":"","ast-main-header-display":"","ast-hfb-above-header-display":"","ast-hfb-below-header-display":"","ast-hfb-mobile-header-display":"","site-post-title":"","ast-breadcrumbs-content":"","ast-featured-img":"","footer-sml-layout":"","theme-transparent-header-meta":"","adv-header-id-meta":"","stick-header-meta":"","header-above-stick-meta":"","header-main-stick-meta":"","header-below-stick-meta":"","astra-migrate-meta-layouts":"set","ast-page-background-enabled":"default","ast-page-background-meta":{"desktop":{"background-color":"var(--ast-global-color-4)","background-image":"","background-repeat":"repeat","background-position":"center center","background-size":"auto","background-attachment":"scroll","background-type":"","background-media":"","overlay-type":"","overlay-color":"","overlay-opacity":"","overlay-gradient":""},"tablet":{"background-color":"","background-image":"","background-repeat":"repeat","background-position":"center center","background-size":"auto","background-attachment":"scroll","background-type":"","background-media":"","overlay-type":"","overlay-color":"","overlay-opacity":"","overlay-gradient":""},"mobile":{"background-color":"","background-image":"","background-repeat":"repeat","background-position":"center center","background-size":"auto","background-attachment":"scroll","background-type":"","background-media":"","overlay-type":"","overlay-color":"","overlay-opacity":"","overlay-gradient":""}},"ast-content-background-meta":{"desktop":{"background-color":"var(--ast-global-color-5)","background-image":"","background-repeat":"repeat","background-position":"center center","background-size":"auto","background-attachment":"scroll","background-type":"","background-media":"","overlay-type":"","overlay-color":"","overlay-opacity":"","overlay-gradient":""},"tablet":{"background-color":"var(--ast-global-color-5)","background-image":"","background-repeat":"repeat","background-position":"center center","background-size":"auto","background-attachment":"scroll","background-type":"","background-media":"","overlay-type":"","overlay-color":"","overlay-opacity":"","overlay-gradient":""},"mobile":{"background-color":"var(--ast-global-color-5)","background-image":"","background-repeat":"repeat","background-position":"center center","background-size":"auto","background-attachment":"scroll","background-type":"","background-media":"","overlay-type":"","overlay-color":"","overlay-opacity":"","overlay-gradient":""}},"footnotes":""},"categories":[65,29,290],"tags":[250,735,740,620,672],"class_list":["post-16055","post","type-post","status-publish","format-standard","has-post-thumbnail","hentry","category-crp","category-portada","category-recursos-en-linia","tag-ciencia","tag-crp-baix-llobregat-vii","tag-crp-martorell","tag-escoles-verdes","tag-portada"],"post_mailing_queue_ids":[],"_links":{"self":[{"href":"https:\/\/serveiseducatius.xtec.cat\/baixllobregat7\/wp-json\/wp\/v2\/posts\/16055","targetHints":{"allow":["GET"]}}],"collection":[{"href":"https:\/\/serveiseducatius.xtec.cat\/baixllobregat7\/wp-json\/wp\/v2\/posts"}],"about":[{"href":"https:\/\/serveiseducatius.xtec.cat\/baixllobregat7\/wp-json\/wp\/v2\/types\/post"}],"author":[{"embeddable":true,"href":"https:\/\/serveiseducatius.xtec.cat\/baixllobregat7\/wp-json\/wp\/v2\/users\/1"}],"replies":[{"embeddable":true,"href":"https:\/\/serveiseducatius.xtec.cat\/baixllobregat7\/wp-json\/wp\/v2\/comments?post=16055"}],"version-history":[{"count":1,"href":"https:\/\/serveiseducatius.xtec.cat\/baixllobregat7\/wp-json\/wp\/v2\/posts\/16055\/revisions"}],"predecessor-version":[{"id":16057,"href":"https:\/\/serveiseducatius.xtec.cat\/baixllobregat7\/wp-json\/wp\/v2\/posts\/16055\/revisions\/16057"}],"wp:featuredmedia":[{"embeddable":true,"href":"https:\/\/serveiseducatius.xtec.cat\/baixllobregat7\/wp-json\/wp\/v2\/media\/16056"}],"wp:attachment":[{"href":"https:\/\/serveiseducatius.xtec.cat\/baixllobregat7\/wp-json\/wp\/v2\/media?parent=16055"}],"wp:term":[{"taxonomy":"category","embeddable":true,"href":"https:\/\/serveiseducatius.xtec.cat\/baixllobregat7\/wp-json\/wp\/v2\/categories?post=16055"},{"taxonomy":"post_tag","embeddable":true,"href":"https:\/\/serveiseducatius.xtec.cat\/baixllobregat7\/wp-json\/wp\/v2\/tags?post=16055"}],"curies":[{"name":"wp","href":"https:\/\/api.w.org\/{rel}","templated":true}]}}