{"id":15995,"date":"2025-11-11T12:59:44","date_gmt":"2025-11-11T11:59:44","guid":{"rendered":"https:\/\/serveiseducatius.xtec.cat\/baixllobregat7\/?p=15995"},"modified":"2025-11-06T13:12:04","modified_gmt":"2025-11-06T12:12:04","slug":"la-marato-de-3cat-junts-contra-el-cancer","status":"publish","type":"post","link":"https:\/\/serveiseducatius.xtec.cat\/baixllobregat7\/portada\/la-marato-de-3cat-junts-contra-el-cancer\/","title":{"rendered":"La Marat\u00f3 de 3Cat: Junts contra el c\u00e0ncer"},"content":{"rendered":"\n<p>El c\u00e0ncer \u00e9s una de les principals causes de mort a Catalunya, amb un impacte social i emocional immens. Al nostre pa\u00eds, <strong>1 de cada 2 homes i 1 de cada 3 dones<\/strong> el patiran en algun moment de la seva vida. Fins i tot en <strong>edat pedi\u00e0trica<\/strong>, \u00e9s la primera causa de mortalitat entre els 5 i 14 anys.<\/p>\n\n\n\n<p>Per fer front a aquest repte creixent, la <strong><a href=\"https:\/\/www.3cat.cat\/tv3\/marato\/2025\/350\/\" target=\"_blank\" rel=\"noreferrer noopener\">34a edici\u00f3 de La Marat\u00f3 de 3Cat<\/a><\/strong> es dedicar\u00e0 \u00edntegrament a la <strong>recerca en c\u00e0ncer<\/strong>.<\/p>\n\n\n\n<p>La Marat\u00f3 2025 \u00e9s una oportunitat per:<\/p>\n\n\n\n<ol start=\"1\" class=\"wp-block-list\">\n<li><strong>Divulgar<\/strong> la import\u00e0ncia de la recerca i els h\u00e0bits de vida saludables a l&#8217;aula.<\/li>\n\n\n\n<li><strong>Impulsar<\/strong> un sector punter a Catalunya amb els fons recaptats.<\/li>\n\n\n\n<li><strong>Conscienciar<\/strong> l&#8217;alumnat sobre l&#8217;impacte d&#8217;aquesta malaltia i el poder de la solidaritat.<\/li>\n<\/ol>\n\n\n\n<p>El c\u00e0ncer no \u00e9s nom\u00e9s un repte m\u00e8dic, \u00e9s un repte social que ens toca a tots, incloent-hi la comunitat educativa.<\/p>\n\n\n\n<p><strong>\ud83e\udd1d La teva escola pot ser un motor de canvi!<\/strong><\/p>\n\n\n\n<h3 class=\"wp-block-heading\"><strong>\u27a1\ufe0f Implica&#8217;t i consulta els recursos<\/strong><\/h3>\n\n\n\n<h4 class=\"wp-block-heading\">Sessions divulgatives als centres educatius<\/h4>\n\n\n\n<figure class=\"wp-block-image alignleft is-resized\"><a href=\"https:\/\/serveiseducatius.xtec.cat\/baixllobregat4\/wp-content\/uploads\/usu1181\/2025\/11\/Activitats-divulgatives.jpg\"><img decoding=\"async\" src=\"https:\/\/serveiseducatius.xtec.cat\/baixllobregat4\/wp-content\/uploads\/usu1181\/2025\/11\/Activitats-divulgatives.jpg\" alt=\"\" class=\"wp-image-15239\" style=\"width:222px;height:auto\"\/><\/a><\/figure>\n\n\n\n<p>Entre el&nbsp;<strong>13 d\u2019octubre i el 14 de desembre<\/strong>, professionals de la salut oferiran&nbsp;<strong>milers de sessions divulgatives<\/strong>&nbsp;arreu del territori per acostar els joves a la realitat m\u00e8dica i humana del c\u00e0ncer, i per despertar el seu&nbsp;<strong>esperit solidari<\/strong>&nbsp;envers les persones afectades i les seves fam\u00edlies.<\/p>\n\n\n\n<p>Les xerrades, gratu\u00eftes i en format presencial, s\u2019adrecen principalment a&nbsp;<strong>alumnat de secund\u00e0ria, batxillerat i cicles formatius<\/strong>, i es poden programar en horari de&nbsp;<strong>8 a 20 h<\/strong>.<br>Totes segueixen un&nbsp;<strong>protocol i un programa elaborats per la Fundaci\u00f3 La Marat\u00f3<\/strong>, amb el suport de material audiovisual creat especialment per a aquesta edici\u00f3.<\/p>\n\n\n\n<h4 class=\"wp-block-heading\">Concurs \u201cCrea La Marat\u00f3\u201d<\/h4>\n\n\n\n<figure class=\"wp-block-image alignleft is-resized\"><a href=\"https:\/\/serveiseducatius.xtec.cat\/baixllobregat4\/wp-content\/uploads\/usu1181\/2025\/11\/Crea.jpg\"><img decoding=\"async\" src=\"https:\/\/serveiseducatius.xtec.cat\/baixllobregat4\/wp-content\/uploads\/usu1181\/2025\/11\/Crea.jpg\" alt=\"\" class=\"wp-image-15242\" style=\"width:236px;height:auto\"\/><\/a><\/figure>\n\n\n\n<p>Tamb\u00e9 torna el concurs \u201c<strong>Crea per La Marat\u00f3<\/strong>\u201c, que convida els centres educatius a participar en una experi\u00e8ncia&nbsp;<strong>creativa i col\u00b7lectiva<\/strong>&nbsp;sota el lema d\u2019enguany:&nbsp;<em>\u201cDetectem-ho, arreglem-ho\u201d<\/em>.<br>L\u2019objectiu \u00e9s&nbsp;<strong>fomentar la solidaritat<\/strong>&nbsp;i el&nbsp;<strong>coneixement del jovent sobre el c\u00e0ncer<\/strong>, tot promovent la reflexi\u00f3 a trav\u00e9s de l\u2019art.<\/p>\n\n\n\n<p>L\u2019alumnat podr\u00e0 expressar-se amb&nbsp;<strong>formats audiovisuals i disciplines art\u00edstiques diverses<\/strong>, explorant temes com la recerca, la prevenci\u00f3 o la conviv\u00e8ncia amb la malaltia.<br>Les obres es poden enviar fins al&nbsp;<strong>9 de gener de 2026<\/strong>&nbsp;i es publicaran al web de La Marat\u00f3, on s\u2019obrir\u00e0 una&nbsp;<strong>votaci\u00f3 popular<\/strong>&nbsp;per escollir les tres propostes guanyadores.<br>Els grups premiats gaudiran d\u2019una&nbsp;<strong>estada educativa en un alberg de la Xarxa Jove d\u2019Albergs de Catalunya (Xanascat)<\/strong>.<\/p>\n\n\n\n<h4 class=\"wp-block-heading\">Materials i recursos<\/h4>\n\n\n\n<figure class=\"wp-block-image\"><a href=\"https:\/\/serveiseducatius.xtec.cat\/baixllobregat4\/wp-content\/uploads\/usu1181\/2025\/10\/1759317328675-e1761919703661.jpg\"><img decoding=\"async\" src=\"https:\/\/serveiseducatius.xtec.cat\/baixllobregat4\/wp-content\/uploads\/usu1181\/2025\/10\/1759317328675-e1761919703661.jpg\" alt=\"\" class=\"wp-image-15218\"\/><\/a><\/figure>\n\n\n\n<p>A la&nbsp;<strong><a href=\"https:\/\/www.3cat.cat\/tv3\/marato\/2025\/350\/\" target=\"_blank\" rel=\"noreferrer noopener\">web de La Marat\u00f3 de 3Cat<\/a><\/strong>&nbsp;hi trobareu tot el material divulgatiu de la campanya \u2014el&nbsp;<strong>cartell, el d\u00edptic informatiu<\/strong>, i els enlla\u00e7os per&nbsp;<strong>inscriure activitats de recaptaci\u00f3 de fons<\/strong>&nbsp;o&nbsp;<strong>formar part de l\u2019equip de voluntariat<\/strong>.<\/p>\n","protected":false},"excerpt":{"rendered":"<p>El c\u00e0ncer \u00e9s una de les principals causes de mort a Catalunya, amb un impacte social i emocional immens. Al nostre pa\u00eds, 1 de cada 2 homes i 1 de cada 3 dones el patiran en algun moment de la seva vida. Fins i tot en edat pedi\u00e0trica, \u00e9s la primera causa de mortalitat entre [&hellip;]<\/p>\n","protected":false},"author":1,"featured_media":15996,"comment_status":"closed","ping_status":"open","sticky":false,"template":"","format":"standard","meta":{"_bbp_topic_count":0,"_bbp_reply_count":0,"_bbp_total_topic_count":0,"_bbp_total_reply_count":0,"_bbp_voice_count":0,"_bbp_anonymous_reply_count":0,"_bbp_topic_count_hidden":0,"_bbp_reply_count_hidden":0,"_bbp_forum_subforum_count":0,"site-sidebar-layout":"default","site-content-layout":"","ast-site-content-layout":"default","site-content-style":"default","site-sidebar-style":"default","ast-global-header-display":"","ast-banner-title-visibility":"","ast-main-header-display":"","ast-hfb-above-header-display":"","ast-hfb-below-header-display":"","ast-hfb-mobile-header-display":"","site-post-title":"","ast-breadcrumbs-content":"","ast-featured-img":"","footer-sml-layout":"","theme-transparent-header-meta":"","adv-header-id-meta":"","stick-header-meta":"","header-above-stick-meta":"","header-main-stick-meta":"","header-below-stick-meta":"","astra-migrate-meta-layouts":"set","ast-page-background-enabled":"default","ast-page-background-meta":{"desktop":{"background-color":"var(--ast-global-color-4)","background-image":"","background-repeat":"repeat","background-position":"center center","background-size":"auto","background-attachment":"scroll","background-type":"","background-media":"","overlay-type":"","overlay-color":"","overlay-opacity":"","overlay-gradient":""},"tablet":{"background-color":"","background-image":"","background-repeat":"repeat","background-position":"center center","background-size":"auto","background-attachment":"scroll","background-type":"","background-media":"","overlay-type":"","overlay-color":"","overlay-opacity":"","overlay-gradient":""},"mobile":{"background-color":"","background-image":"","background-repeat":"repeat","background-position":"center center","background-size":"auto","background-attachment":"scroll","background-type":"","background-media":"","overlay-type":"","overlay-color":"","overlay-opacity":"","overlay-gradient":""}},"ast-content-background-meta":{"desktop":{"background-color":"var(--ast-global-color-5)","background-image":"","background-repeat":"repeat","background-position":"center center","background-size":"auto","background-attachment":"scroll","background-type":"","background-media":"","overlay-type":"","overlay-color":"","overlay-opacity":"","overlay-gradient":""},"tablet":{"background-color":"var(--ast-global-color-5)","background-image":"","background-repeat":"repeat","background-position":"center center","background-size":"auto","background-attachment":"scroll","background-type":"","background-media":"","overlay-type":"","overlay-color":"","overlay-opacity":"","overlay-gradient":""},"mobile":{"background-color":"var(--ast-global-color-5)","background-image":"","background-repeat":"repeat","background-position":"center center","background-size":"auto","background-attachment":"scroll","background-type":"","background-media":"","overlay-type":"","overlay-color":"","overlay-opacity":"","overlay-gradient":""}},"footnotes":""},"categories":[65,29,76,290],"tags":[735,740,751,672],"class_list":["post-15995","post","type-post","status-publish","format-standard","has-post-thumbnail","hentry","category-crp","category-portada","category-recursos","category-recursos-en-linia","tag-crp-baix-llobregat-vii","tag-crp-martorell","tag-la-marato","tag-portada"],"post_mailing_queue_ids":[],"_links":{"self":[{"href":"https:\/\/serveiseducatius.xtec.cat\/baixllobregat7\/wp-json\/wp\/v2\/posts\/15995","targetHints":{"allow":["GET"]}}],"collection":[{"href":"https:\/\/serveiseducatius.xtec.cat\/baixllobregat7\/wp-json\/wp\/v2\/posts"}],"about":[{"href":"https:\/\/serveiseducatius.xtec.cat\/baixllobregat7\/wp-json\/wp\/v2\/types\/post"}],"author":[{"embeddable":true,"href":"https:\/\/serveiseducatius.xtec.cat\/baixllobregat7\/wp-json\/wp\/v2\/users\/1"}],"replies":[{"embeddable":true,"href":"https:\/\/serveiseducatius.xtec.cat\/baixllobregat7\/wp-json\/wp\/v2\/comments?post=15995"}],"version-history":[{"count":1,"href":"https:\/\/serveiseducatius.xtec.cat\/baixllobregat7\/wp-json\/wp\/v2\/posts\/15995\/revisions"}],"predecessor-version":[{"id":15997,"href":"https:\/\/serveiseducatius.xtec.cat\/baixllobregat7\/wp-json\/wp\/v2\/posts\/15995\/revisions\/15997"}],"wp:featuredmedia":[{"embeddable":true,"href":"https:\/\/serveiseducatius.xtec.cat\/baixllobregat7\/wp-json\/wp\/v2\/media\/15996"}],"wp:attachment":[{"href":"https:\/\/serveiseducatius.xtec.cat\/baixllobregat7\/wp-json\/wp\/v2\/media?parent=15995"}],"wp:term":[{"taxonomy":"category","embeddable":true,"href":"https:\/\/serveiseducatius.xtec.cat\/baixllobregat7\/wp-json\/wp\/v2\/categories?post=15995"},{"taxonomy":"post_tag","embeddable":true,"href":"https:\/\/serveiseducatius.xtec.cat\/baixllobregat7\/wp-json\/wp\/v2\/tags?post=15995"}],"curies":[{"name":"wp","href":"https:\/\/api.w.org\/{rel}","templated":true}]}}