{"id":15982,"date":"2025-11-10T08:00:00","date_gmt":"2025-11-10T07:00:00","guid":{"rendered":"https:\/\/serveiseducatius.xtec.cat\/baixllobregat7\/?p=15982"},"modified":"2025-11-06T11:22:06","modified_gmt":"2025-11-06T10:22:06","slug":"convocatoria-premis-baldiri-25-26","status":"publish","type":"post","link":"https:\/\/serveiseducatius.xtec.cat\/baixllobregat7\/portada\/convocatoria-premis-baldiri-25-26\/","title":{"rendered":"Convocat\u00f2ria Premis Baldiri 25-26"},"content":{"rendered":"\n<figure class=\"wp-block-image alignleft size-full is-resized is-style-default\"><a href=\"https:\/\/serveiseducatius.xtec.cat\/baixllobregat7\/wp-content\/uploads\/usu1179\/2025\/11\/baldiri25.png\"><img loading=\"lazy\" decoding=\"async\" width=\"1024\" height=\"683\" src=\"https:\/\/serveiseducatius.xtec.cat\/baixllobregat7\/wp-content\/uploads\/usu1179\/2025\/11\/baldiri25.png\" alt=\"Premis baldiri 25\" class=\"wp-image-15983\" style=\"width:470px;height:auto\" srcset=\"https:\/\/serveiseducatius.xtec.cat\/baixllobregat7\/wp-content\/uploads\/usu1179\/2025\/11\/baldiri25.png 1024w, https:\/\/serveiseducatius.xtec.cat\/baixllobregat7\/wp-content\/uploads\/usu1179\/2025\/11\/baldiri25-300x200.png 300w, https:\/\/serveiseducatius.xtec.cat\/baixllobregat7\/wp-content\/uploads\/usu1179\/2025\/11\/baldiri25-768x512.png 768w\" sizes=\"auto, (max-width: 1024px) 100vw, 1024px\" \/><\/a><\/figure>\n\n\n\n<p><strong><a href=\"https:\/\/fundaciocarulla.cat\/premis-baldiri-reixac\/\" target=\"_blank\" rel=\"noreferrer noopener\">INFORMACI\u00d3 I INSCRIPCIONS<\/a><\/strong><\/p>\n\n\n\n<p>Els premis Baldiri Reixac, \u00abEls Baldiri\u00bb, s\u00f3n uns guardons anuals que&nbsp;<strong>reconeixen i impulsen<\/strong>&nbsp;escoles amb projectes educatius que utilitzen&nbsp;<strong>l\u2019art i la cultura per millorar i transformar l\u2019educaci\u00f3 i la societat.<\/strong>&nbsp;<\/p>\n\n\n\n<p><strong>La llengua i la cultura tamb\u00e9 s\u00f3n drets!<\/strong>&nbsp;<\/p>\n\n\n\n<p>La llengua i la cultura s\u00f3n una part essencial de qualsevol comunitat&nbsp;i, per tant, cal protegir-les com a drets que hem de poder exercir.&nbsp;\u00c9s per aix\u00f2 que impulsem projectes que apropen les arts i el catal\u00e0 a l\u2019alumnat i que el conviden a participar activament en la vida cultural.&nbsp;&nbsp;Sabem que a l\u2019escola \u00e9s on comencen els petits grans canvis, i l\u2019art i la cultura s\u00f3n un motor per fer-ho possible.&nbsp;<strong>Fem que les arts transformin l\u2019escola. Fem Baldiri!<\/strong>&nbsp;<\/p>\n\n\n\n<p>Els premis compten amb tres categories:&nbsp;<\/p>\n\n\n\n<figure class=\"wp-block-table\"><table class=\"has-fixed-layout\"><tbody><tr><td><strong><u><a href=\"https:\/\/fundaciocarulla.cat\/premis-baldiri-reixac\/baldiri-arts-i-llengua\/\" target=\"_blank\" rel=\"noreferrer noopener\">Baldiri Arts i Llengua<\/a><\/u><\/strong>&nbsp;\u2013&nbsp;<strong>8 premis de 3.500 \u20ac<\/strong>: a projectes educatius que promoguin l\u2019\u00fas social de la llengua catalana des dels llenguatges art\u00edstics.<\/td><td><strong><u><a href=\"https:\/\/fundaciocarulla.cat\/premis-baldiri-reixac\/baldiri-experiencies\/\" target=\"_blank\" rel=\"noreferrer noopener\">Baldiri Experi\u00e8ncies<\/a><\/u>&nbsp;\u2013 20 premis de 600 \u20ac<\/strong>: a experi\u00e8ncies d\u2019aprenentatge innovadores mitjan\u00e7ant la creativitat i les arts.<\/td><td><strong><u><a href=\"https:\/\/fundaciocarulla.cat\/premis-baldiri-reixac\/baldiri-escola-transformadora\/\" target=\"_blank\" rel=\"noreferrer noopener\">Baldiri Escola<\/a><\/u>&nbsp;\u2013 1 premi de 4.500 \u20ac:<\/strong>&nbsp;a centres compromesos amb la cultura, la llengua i les arts com a motors de transformaci\u00f3 educativa.<\/td><\/tr><\/tbody><\/table><\/figure>\n\n\n\n<p>M\u00e9s informaci\u00f3:&nbsp;<strong><u><a href=\"mailto:elsbaldiri@fundaciocarulla.cat\" target=\"_blank\" rel=\"noreferrer noopener\">elsbaldiri@fundaciocarulla.cat<\/a><\/u><\/strong><\/p>\n\n\n\n<p>Tel\u00e8fon 667 150 013<strong>,&nbsp;<\/strong>de dilluns a divendres, de 9 a 14 h<\/p>\n","protected":false},"excerpt":{"rendered":"<p>INFORMACI\u00d3 I INSCRIPCIONS Els premis Baldiri Reixac, \u00abEls Baldiri\u00bb, s\u00f3n uns guardons anuals que&nbsp;reconeixen i impulsen&nbsp;escoles amb projectes educatius que utilitzen&nbsp;l\u2019art i la cultura per millorar i transformar l\u2019educaci\u00f3 i la societat.&nbsp; La llengua i la cultura tamb\u00e9 s\u00f3n drets!&nbsp; La llengua i la cultura s\u00f3n una part essencial de qualsevol comunitat&nbsp;i, per tant, cal [&hellip;]<\/p>\n","protected":false},"author":1,"featured_media":15983,"comment_status":"closed","ping_status":"open","sticky":false,"template":"","format":"standard","meta":{"_bbp_topic_count":0,"_bbp_reply_count":0,"_bbp_total_topic_count":0,"_bbp_total_reply_count":0,"_bbp_voice_count":0,"_bbp_anonymous_reply_count":0,"_bbp_topic_count_hidden":0,"_bbp_reply_count_hidden":0,"_bbp_forum_subforum_count":0,"site-sidebar-layout":"default","site-content-layout":"","ast-site-content-layout":"default","site-content-style":"default","site-sidebar-style":"default","ast-global-header-display":"","ast-banner-title-visibility":"","ast-main-header-display":"","ast-hfb-above-header-display":"","ast-hfb-below-header-display":"","ast-hfb-mobile-header-display":"","site-post-title":"","ast-breadcrumbs-content":"","ast-featured-img":"","footer-sml-layout":"","theme-transparent-header-meta":"","adv-header-id-meta":"","stick-header-meta":"","header-above-stick-meta":"","header-main-stick-meta":"","header-below-stick-meta":"","astra-migrate-meta-layouts":"set","ast-page-background-enabled":"default","ast-page-background-meta":{"desktop":{"background-color":"var(--ast-global-color-4)","background-image":"","background-repeat":"repeat","background-position":"center center","background-size":"auto","background-attachment":"scroll","background-type":"","background-media":"","overlay-type":"","overlay-color":"","overlay-opacity":"","overlay-gradient":""},"tablet":{"background-color":"","background-image":"","background-repeat":"repeat","background-position":"center center","background-size":"auto","background-attachment":"scroll","background-type":"","background-media":"","overlay-type":"","overlay-color":"","overlay-opacity":"","overlay-gradient":""},"mobile":{"background-color":"","background-image":"","background-repeat":"repeat","background-position":"center center","background-size":"auto","background-attachment":"scroll","background-type":"","background-media":"","overlay-type":"","overlay-color":"","overlay-opacity":"","overlay-gradient":""}},"ast-content-background-meta":{"desktop":{"background-color":"var(--ast-global-color-5)","background-image":"","background-repeat":"repeat","background-position":"center center","background-size":"auto","background-attachment":"scroll","background-type":"","background-media":"","overlay-type":"","overlay-color":"","overlay-opacity":"","overlay-gradient":""},"tablet":{"background-color":"var(--ast-global-color-5)","background-image":"","background-repeat":"repeat","background-position":"center center","background-size":"auto","background-attachment":"scroll","background-type":"","background-media":"","overlay-type":"","overlay-color":"","overlay-opacity":"","overlay-gradient":""},"mobile":{"background-color":"var(--ast-global-color-5)","background-image":"","background-repeat":"repeat","background-position":"center center","background-size":"auto","background-attachment":"scroll","background-type":"","background-media":"","overlay-type":"","overlay-color":"","overlay-opacity":"","overlay-gradient":""}},"footnotes":""},"categories":[286,29],"tags":[735,740,672,361],"class_list":["post-15982","post","type-post","status-publish","format-standard","has-post-thumbnail","hentry","category-centres","category-portada","tag-crp-baix-llobregat-vii","tag-crp-martorell","tag-portada","tag-premis"],"post_mailing_queue_ids":[],"_links":{"self":[{"href":"https:\/\/serveiseducatius.xtec.cat\/baixllobregat7\/wp-json\/wp\/v2\/posts\/15982","targetHints":{"allow":["GET"]}}],"collection":[{"href":"https:\/\/serveiseducatius.xtec.cat\/baixllobregat7\/wp-json\/wp\/v2\/posts"}],"about":[{"href":"https:\/\/serveiseducatius.xtec.cat\/baixllobregat7\/wp-json\/wp\/v2\/types\/post"}],"author":[{"embeddable":true,"href":"https:\/\/serveiseducatius.xtec.cat\/baixllobregat7\/wp-json\/wp\/v2\/users\/1"}],"replies":[{"embeddable":true,"href":"https:\/\/serveiseducatius.xtec.cat\/baixllobregat7\/wp-json\/wp\/v2\/comments?post=15982"}],"version-history":[{"count":1,"href":"https:\/\/serveiseducatius.xtec.cat\/baixllobregat7\/wp-json\/wp\/v2\/posts\/15982\/revisions"}],"predecessor-version":[{"id":15984,"href":"https:\/\/serveiseducatius.xtec.cat\/baixllobregat7\/wp-json\/wp\/v2\/posts\/15982\/revisions\/15984"}],"wp:featuredmedia":[{"embeddable":true,"href":"https:\/\/serveiseducatius.xtec.cat\/baixllobregat7\/wp-json\/wp\/v2\/media\/15983"}],"wp:attachment":[{"href":"https:\/\/serveiseducatius.xtec.cat\/baixllobregat7\/wp-json\/wp\/v2\/media?parent=15982"}],"wp:term":[{"taxonomy":"category","embeddable":true,"href":"https:\/\/serveiseducatius.xtec.cat\/baixllobregat7\/wp-json\/wp\/v2\/categories?post=15982"},{"taxonomy":"post_tag","embeddable":true,"href":"https:\/\/serveiseducatius.xtec.cat\/baixllobregat7\/wp-json\/wp\/v2\/tags?post=15982"}],"curies":[{"name":"wp","href":"https:\/\/api.w.org\/{rel}","templated":true}]}}