{"id":15914,"date":"2025-10-27T08:00:52","date_gmt":"2025-10-27T07:00:52","guid":{"rendered":"https:\/\/serveiseducatius.xtec.cat\/baixllobregat7\/?p=15914"},"modified":"2025-10-23T17:44:14","modified_gmt":"2025-10-23T15:44:14","slug":"setmana-mundial-de-lalfabetitzacio-mediatica-i-informacional-ami-del-24-al-31-octubre","status":"publish","type":"post","link":"https:\/\/serveiseducatius.xtec.cat\/baixllobregat7\/general\/setmana-mundial-de-lalfabetitzacio-mediatica-i-informacional-ami-del-24-al-31-octubre\/","title":{"rendered":"Setmana Mundial de l\u2019Alfabetitzaci\u00f3 Medi\u00e0tica i Informacional (AMI) del 24 al 31 octubre"},"content":{"rendered":"\n<p>La&nbsp;<a href=\"https:\/\/www.unesco.org\/en\/weeks\/media-information-literacy?hub=66833\" target=\"_blank\" rel=\"noreferrer noopener\">Setmana Mundial d\u2019Alfabetitzaci\u00f3 Medi\u00e0tica i Informacional<\/a>&nbsp;\u00e9s promoguda anualment per la&nbsp;<a href=\"https:\/\/www.unesco.org\/es\" target=\"_blank\" rel=\"noreferrer noopener\">UNESCO<\/a>&nbsp;amb l\u2019objectiu d\u2019augmentar la sensibilitzaci\u00f3 per promoure les connexions de l\u2019Alfabetitzaci\u00f3 Medi\u00e0tica i Informacional a trav\u00e9s de l\u2019educaci\u00f3, la cultura i la ci\u00e8ncia. Diferents entitats del m\u00f3n de l\u2019educaci\u00f3 donen suport a aquesta iniciativa amb accions i recursos per a centres d\u2019educaci\u00f3 prim\u00e0ria i secund\u00e0ria:<\/p>\n\n\n\n<p>Des de&nbsp;<strong><a href=\"https:\/\/projectes.xtec.cat\/bescat\/\" target=\"_blank\" rel=\"noreferrer noopener\">Biblioteques Escolars<\/a><\/strong>&nbsp;han publicat un&nbsp;<strong><a href=\"https:\/\/drive.google.com\/file\/d\/184EGIBOMTj7EpxiYW7-AwSFHimHSFilJ\/view\">Bibliotip<\/a>&nbsp;<\/strong>(presentaci\u00f3 breu de conceptes b\u00e0sics del m\u00f3n del llibre i de la biblioteca escolar) sobre l\u2019AMI, creat per l\u2019equip del programa de biblioteques escolars, en el marc del Pla de millora de biblioteques escolars PLAMIB per als centres educatius i tota la comunitat educativa.<\/p>\n\n\n\n<figure class=\"wp-block-image alignright\"><a href=\"https:\/\/serveiseducatius.xtec.cat\/solsones\/wp-content\/uploads\/usu1176\/2025\/10\/maxresdefault.jpg\"><img decoding=\"async\" src=\"https:\/\/serveiseducatius.xtec.cat\/solsones\/wp-content\/uploads\/usu1176\/2025\/10\/maxresdefault.jpg\" alt=\"\" class=\"wp-image-16011\"\/><\/a><\/figure>\n\n\n\n<p>Des de&nbsp;<strong><a href=\"https:\/\/projectes.xtec.cat\/canaldereporters\/setmana-ami\/\">Canal de Reporters<\/a>,<\/strong>&nbsp;conjuntament amb Biblioteques Escolars, han elaborat el dossier \u201c<strong>Voluntaris contra la desinformaci\u00f3<\/strong>\u201d amb propostes per treballar i conscienciar sobre l\u2019AMI sota el lema&nbsp;<em><strong>El periodisme escolar contra la desinformaci\u00f3.<\/strong><\/em><\/p>\n\n\n\n<p>La plataforma&nbsp;<strong><a href=\"https:\/\/nextus.global\/ca\/search?query=Alfabetitzaci%C3%B3+medi%C3%A0tica&amp;utm_source=e-goi&amp;utm_medium=email&amp;utm_term=%F0%9F%93%B2%E2%80%8B+Xarxes+socials%2C+%C3%A8tica+i+educaci%C3%B3+medi%C3%A0tica.+Proposta+per+l%27octubre&amp;utm_campaign=nextus\">Nextus<\/a>&nbsp;<\/strong>ofereix un&nbsp;<strong>recull de recursos online&nbsp;<\/strong>sobre el tema.<\/p>\n\n\n\n<p>El&nbsp;<strong><a href=\"https:\/\/www.cac.cat\/\">Consell de l\u2019Audiovisual de Catalunya<\/a><\/strong>&nbsp;celebra la&nbsp;<a href=\"https:\/\/www.cac.cat\/2a-jornada-pem-setmana-mundial-lalfabetitzacio-mediatica-i-informacional-2025\">Jornada PEM<\/a>, que s\u2019inicia amb la confer\u00e8ncia&nbsp; \u201c<strong>Desinformaci\u00f3 i discursos d\u2019odi a les xarxes socials<\/strong>\u201c, a c\u00e0rrec de Laura Pinyol, Presidenta de la Plataforma per a l\u2019Educaci\u00f3 Medi\u00e0tica.<\/p>\n\n\n\n<p><strong><a href=\"https:\/\/xtec.gencat.cat\/ca\/innovacio\/programes_innovacio\/educacio-secundaria-obligatoria-i-batxillerat\/fes-el-clic\/\">Fes el clic&nbsp;<\/a><\/strong>Programa d\u2019innovaci\u00f3 educativa sobre educaci\u00f3 medi\u00e0tica, alfabetitzaci\u00f3 informacional i pensament cr\u00edtic del Departament d\u2019Educaci\u00f3 i Formaci\u00f3 Professional, sorgeix com una resposta a les necessitats formatives de la societat actual.<\/p>\n\n\n\n<p>L\u2019<strong>educaci\u00f3 medi\u00e0tica<\/strong>&nbsp;i l\u2019<strong>alfabetitzaci\u00f3 medi\u00e0tica informacional<\/strong>&nbsp;<strong>(AMI)<\/strong>&nbsp;s\u00f3n habilitats que fomenten el pensament cr\u00edtic en l\u2019era digital, ja que permeten comprendre i gestionar informaci\u00f3 de manera conscient. L\u2019educaci\u00f3 medi\u00e0tica ajuda a analitzar cr\u00edticament els mitjans, identificar els seus missatges, intencions i biaixos, i crear contingut responsable. L\u2019AMI, per la seva part, implica saber quan i com buscar informaci\u00f3, avaluar-ne la qualitat, detectar fonts poc fiables o esbiaixades, i utilitzar-la de manera efectiva i \u00e8tica. Ambdues habilitats s\u00f3n claus per prendre decisions informades i reflexionar cr\u00edticament sobre la informaci\u00f3 que consumim.<\/p>\n","protected":false},"excerpt":{"rendered":"<p>La&nbsp;Setmana Mundial d\u2019Alfabetitzaci\u00f3 Medi\u00e0tica i Informacional&nbsp;\u00e9s promoguda anualment per la&nbsp;UNESCO&nbsp;amb l\u2019objectiu d\u2019augmentar la sensibilitzaci\u00f3 per promoure les connexions de l\u2019Alfabetitzaci\u00f3 Medi\u00e0tica i Informacional a trav\u00e9s de l\u2019educaci\u00f3, la cultura i la ci\u00e8ncia. Diferents entitats del m\u00f3n de l\u2019educaci\u00f3 donen suport a aquesta iniciativa amb accions i recursos per a centres d\u2019educaci\u00f3 prim\u00e0ria i secund\u00e0ria: Des [&hellip;]<\/p>\n","protected":false},"author":1,"featured_media":15916,"comment_status":"closed","ping_status":"open","sticky":false,"template":"","format":"standard","meta":{"_bbp_topic_count":0,"_bbp_reply_count":0,"_bbp_total_topic_count":0,"_bbp_total_reply_count":0,"_bbp_voice_count":0,"_bbp_anonymous_reply_count":0,"_bbp_topic_count_hidden":0,"_bbp_reply_count_hidden":0,"_bbp_forum_subforum_count":0,"site-sidebar-layout":"default","site-content-layout":"","ast-site-content-layout":"default","site-content-style":"default","site-sidebar-style":"default","ast-global-header-display":"","ast-banner-title-visibility":"","ast-main-header-display":"","ast-hfb-above-header-display":"","ast-hfb-below-header-display":"","ast-hfb-mobile-header-display":"","site-post-title":"","ast-breadcrumbs-content":"","ast-featured-img":"","footer-sml-layout":"","theme-transparent-header-meta":"","adv-header-id-meta":"","stick-header-meta":"","header-above-stick-meta":"","header-main-stick-meta":"","header-below-stick-meta":"","astra-migrate-meta-layouts":"set","ast-page-background-enabled":"default","ast-page-background-meta":{"desktop":{"background-color":"var(--ast-global-color-4)","background-image":"","background-repeat":"repeat","background-position":"center center","background-size":"auto","background-attachment":"scroll","background-type":"","background-media":"","overlay-type":"","overlay-color":"","overlay-opacity":"","overlay-gradient":""},"tablet":{"background-color":"","background-image":"","background-repeat":"repeat","background-position":"center center","background-size":"auto","background-attachment":"scroll","background-type":"","background-media":"","overlay-type":"","overlay-color":"","overlay-opacity":"","overlay-gradient":""},"mobile":{"background-color":"","background-image":"","background-repeat":"repeat","background-position":"center center","background-size":"auto","background-attachment":"scroll","background-type":"","background-media":"","overlay-type":"","overlay-color":"","overlay-opacity":"","overlay-gradient":""}},"ast-content-background-meta":{"desktop":{"background-color":"var(--ast-global-color-5)","background-image":"","background-repeat":"repeat","background-position":"center center","background-size":"auto","background-attachment":"scroll","background-type":"","background-media":"","overlay-type":"","overlay-color":"","overlay-opacity":"","overlay-gradient":""},"tablet":{"background-color":"var(--ast-global-color-5)","background-image":"","background-repeat":"repeat","background-position":"center center","background-size":"auto","background-attachment":"scroll","background-type":"","background-media":"","overlay-type":"","overlay-color":"","overlay-opacity":"","overlay-gradient":""},"mobile":{"background-color":"var(--ast-global-color-5)","background-image":"","background-repeat":"repeat","background-position":"center center","background-size":"auto","background-attachment":"scroll","background-type":"","background-media":"","overlay-type":"","overlay-color":"","overlay-opacity":"","overlay-gradient":""}},"footnotes":""},"categories":[81,65,289,1,29,76],"tags":[761,385,736,735,740,298,395,852],"class_list":["post-15914","post","type-post","status-publish","format-standard","has-post-thumbnail","hentry","category-biblioteca","category-crp","category-cultura-digital","category-general","category-portada","category-recursos","tag-ami","tag-competencia-digital-alumnat","tag-competencia-informacional","tag-crp-baix-llobregat-vii","tag-crp-martorell","tag-cultura-digital","tag-recursos","tag-unesco"],"post_mailing_queue_ids":[],"_links":{"self":[{"href":"https:\/\/serveiseducatius.xtec.cat\/baixllobregat7\/wp-json\/wp\/v2\/posts\/15914","targetHints":{"allow":["GET"]}}],"collection":[{"href":"https:\/\/serveiseducatius.xtec.cat\/baixllobregat7\/wp-json\/wp\/v2\/posts"}],"about":[{"href":"https:\/\/serveiseducatius.xtec.cat\/baixllobregat7\/wp-json\/wp\/v2\/types\/post"}],"author":[{"embeddable":true,"href":"https:\/\/serveiseducatius.xtec.cat\/baixllobregat7\/wp-json\/wp\/v2\/users\/1"}],"replies":[{"embeddable":true,"href":"https:\/\/serveiseducatius.xtec.cat\/baixllobregat7\/wp-json\/wp\/v2\/comments?post=15914"}],"version-history":[{"count":1,"href":"https:\/\/serveiseducatius.xtec.cat\/baixllobregat7\/wp-json\/wp\/v2\/posts\/15914\/revisions"}],"predecessor-version":[{"id":15915,"href":"https:\/\/serveiseducatius.xtec.cat\/baixllobregat7\/wp-json\/wp\/v2\/posts\/15914\/revisions\/15915"}],"wp:featuredmedia":[{"embeddable":true,"href":"https:\/\/serveiseducatius.xtec.cat\/baixllobregat7\/wp-json\/wp\/v2\/media\/15916"}],"wp:attachment":[{"href":"https:\/\/serveiseducatius.xtec.cat\/baixllobregat7\/wp-json\/wp\/v2\/media?parent=15914"}],"wp:term":[{"taxonomy":"category","embeddable":true,"href":"https:\/\/serveiseducatius.xtec.cat\/baixllobregat7\/wp-json\/wp\/v2\/categories?post=15914"},{"taxonomy":"post_tag","embeddable":true,"href":"https:\/\/serveiseducatius.xtec.cat\/baixllobregat7\/wp-json\/wp\/v2\/tags?post=15914"}],"curies":[{"name":"wp","href":"https:\/\/api.w.org\/{rel}","templated":true}]}}