{"id":15891,"date":"2025-10-24T08:00:00","date_gmt":"2025-10-24T06:00:00","guid":{"rendered":"https:\/\/serveiseducatius.xtec.cat\/baixllobregat7\/?p=15891"},"modified":"2025-10-23T16:23:11","modified_gmt":"2025-10-23T14:23:11","slug":"dia-internacional-de-les-biblioteques-contra-la-desinformacio-biblioteques","status":"publish","type":"post","link":"https:\/\/serveiseducatius.xtec.cat\/baixllobregat7\/general\/dia-internacional-de-les-biblioteques-contra-la-desinformacio-biblioteques\/","title":{"rendered":"Dia internacional de les biblioteques. Contra la desinformaci\u00f3: biblioteques"},"content":{"rendered":"\n<p>Divendres 24 d\u2019octubre se celebra el <strong>Dia <\/strong>de les <strong>biblioteques<\/strong>: un esdeveniment<strong> internacional<\/strong> que commemora el paper de les biblioteques en una societat democr\u00e0tica i informada. En record a la tr\u00e0gica destrucci\u00f3 de la Biblioteca de Sarajevo en 1992 durant la guerra dels Balcans.<\/p>\n\n\n\n<figure class=\"wp-block-image alignleft size-full is-resized has-custom-border is-style-default\"><a href=\"https:\/\/serveiseducatius.xtec.cat\/baixllobregat7\/wp-content\/uploads\/usu1179\/2025\/10\/image-732x1024-1.png\"><img loading=\"lazy\" decoding=\"async\" width=\"732\" height=\"1024\" src=\"https:\/\/serveiseducatius.xtec.cat\/baixllobregat7\/wp-content\/uploads\/usu1179\/2025\/10\/image-732x1024-1.png\" alt=\"\" class=\"wp-image-15892\" style=\"border-width:18px;width:311px;height:auto\" srcset=\"https:\/\/serveiseducatius.xtec.cat\/baixllobregat7\/wp-content\/uploads\/usu1179\/2025\/10\/image-732x1024-1.png 732w, https:\/\/serveiseducatius.xtec.cat\/baixllobregat7\/wp-content\/uploads\/usu1179\/2025\/10\/image-732x1024-1-214x300.png 214w\" sizes=\"auto, (max-width: 732px) 100vw, 732px\" \/><\/a><\/figure>\n\n\n\n<p><strong>Contra la desinformaci\u00f3: biblioteques<\/strong><br>El lema d&#8217;aquest any, &#8220;<strong>Contra la desinformaci\u00f3: biblioteques<\/strong>&#8220;, pret\u00e9n destacar el paper fonamental que tenen totes les tipologies de biblioteques (p\u00fabliques, escolars, universit\u00e0ries, especialitzades i nacionals\/regionals) en la lluita contra la desinformaci\u00f3.<\/p>\n\n\n\n<p>Les biblioteques combaten la desinformaci\u00f3 no nom\u00e9s a trav\u00e9s dels seus recursos, com ara les col\u00b7leccions de llibres i premsa o les bases de dades, sin\u00f3 tamb\u00e9 mitjan\u00e7ant un \u00fas adequat de les noves tecnologies i tamb\u00e9 gr\u00e0cies al personal bibliotecari, que treballa com a curador de continguts i suport als usuaris en la recerca d&#8217;informaci\u00f3 a trav\u00e9s de fonts fiables i contrastades.<\/p>\n\n\n\n<p><strong>Com celebrar-ho?<\/strong><\/p>\n\n\n\n<ul class=\"wp-block-list\">\n<li>Compartint els<a href=\"https:\/\/www.cultura.gob.es\/va\/cultura\/areas\/bibliotecas\/mc\/dia-bibliotecas-2025\/presentacion.html\">&nbsp;materials<\/a>&nbsp;elaborats per La Direcci\u00f3n General del Libro, del C\u00f3mic y de la Lectura, incloent&nbsp;<a href=\"https:\/\/www.cultura.gob.es\/va\/cultura\/areas\/bibliotecas\/mc\/dia-bibliotecas-2025\/cartel.html\">cartelleria&nbsp;<\/a>i&nbsp;<a href=\"https:\/\/www.cultura.gob.es\/va\/cultura\/areas\/bibliotecas\/mc\/dia-bibliotecas-2025\/recursos.html\">jocs de taula<\/a>&nbsp;print &amp; play.<\/li>\n\n\n\n<li>Visualitzant els&nbsp;<a href=\"https:\/\/projectes.xtec.cat\/bescat\/categoria\/bibliotips\/\">bibliotips&nbsp;<\/a>de formaci\u00f3 d\u2019usuaris del BESCAT.<\/li>\n\n\n\n<li>Participant en les propostes de\u00a0<a href=\"https:\/\/projectes.xtec.cat\/canaldereporters\/\">Canal de Reporters<\/a>\u00a0per a la Setmana Mundial de l\u2019Alfabetitzaci\u00f3 Medi\u00e0tica i Informacional (AMI):\u00a0<a href=\"https:\/\/projectes.xtec.cat\/canaldereporters\/setmana-ami\/\"><strong>Voluntaris contra la desinformaci\u00f3<\/strong><\/a><strong>.\u00a0<\/strong> En aquest<a href=\"https:\/\/drive.google.com\/file\/d\/1v9jfVVvVbd_oVTQPSOveAI-j6lr2mKHq\/view\" data-type=\"link\" data-id=\"https:\/\/drive.google.com\/file\/d\/1v9jfVVvVbd_oVTQPSOveAI-j6lr2mKHq\/view\"> dossier trobareu propostes per treballar a l&#8217;aula <\/a> <strong>com fer bones preguntes per a una entrevista?  i com enregistrar una entrevista en format audiovisual.<\/strong><\/li>\n\n\n\n<li>Visitant les vostres biblioteques p\u00fabliques de proximitat: els agents en la primera l\u00ednia de foc envers la desinformaci\u00f3.<\/li>\n<\/ul>\n\n\n\n<p>&nbsp;<strong>Sabies qu\u00e8\u2026<\/strong><\/p>\n\n\n\n<p>Tot i que totes les biblioteques contenen una col\u00b7lecci\u00f3 de llibres (fons documental) variat i de qualitat, cadascuna t\u00e9 una especialitzaci\u00f3? Al cat\u00e0leg de la diputaci\u00f3 trobareu totes les&nbsp;<a href=\"https:\/\/bibliotecavirtual.diba.cat\/ca\/fons-especials\">especialitzacions del territori<\/a>.<\/p>\n\n\n\n<p><strong>#DiaDeLesBiblioteques #ContralaDesinformaci\u00f3Biblioteques<\/strong><\/p>\n","protected":false},"excerpt":{"rendered":"<p>Divendres 24 d\u2019octubre se celebra el Dia de les biblioteques: un esdeveniment internacional que commemora el paper de les biblioteques en una societat democr\u00e0tica i informada. En record a la tr\u00e0gica destrucci\u00f3 de la Biblioteca de Sarajevo en 1992 durant la guerra dels Balcans. Contra la desinformaci\u00f3: bibliotequesEl lema d&#8217;aquest any, &#8220;Contra la desinformaci\u00f3: biblioteques&#8220;, [&hellip;]<\/p>\n","protected":false},"author":1,"featured_media":0,"comment_status":"closed","ping_status":"open","sticky":false,"template":"","format":"standard","meta":{"_bbp_topic_count":0,"_bbp_reply_count":0,"_bbp_total_topic_count":0,"_bbp_total_reply_count":0,"_bbp_voice_count":0,"_bbp_anonymous_reply_count":0,"_bbp_topic_count_hidden":0,"_bbp_reply_count_hidden":0,"_bbp_forum_subforum_count":0,"site-sidebar-layout":"default","site-content-layout":"","ast-site-content-layout":"default","site-content-style":"default","site-sidebar-style":"default","ast-global-header-display":"","ast-banner-title-visibility":"","ast-main-header-display":"","ast-hfb-above-header-display":"","ast-hfb-below-header-display":"","ast-hfb-mobile-header-display":"","site-post-title":"","ast-breadcrumbs-content":"","ast-featured-img":"","footer-sml-layout":"","theme-transparent-header-meta":"","adv-header-id-meta":"","stick-header-meta":"","header-above-stick-meta":"","header-main-stick-meta":"","header-below-stick-meta":"","astra-migrate-meta-layouts":"set","ast-page-background-enabled":"default","ast-page-background-meta":{"desktop":{"background-color":"var(--ast-global-color-4)","background-image":"","background-repeat":"repeat","background-position":"center center","background-size":"auto","background-attachment":"scroll","background-type":"","background-media":"","overlay-type":"","overlay-color":"","overlay-opacity":"","overlay-gradient":""},"tablet":{"background-color":"","background-image":"","background-repeat":"repeat","background-position":"center center","background-size":"auto","background-attachment":"scroll","background-type":"","background-media":"","overlay-type":"","overlay-color":"","overlay-opacity":"","overlay-gradient":""},"mobile":{"background-color":"","background-image":"","background-repeat":"repeat","background-position":"center center","background-size":"auto","background-attachment":"scroll","background-type":"","background-media":"","overlay-type":"","overlay-color":"","overlay-opacity":"","overlay-gradient":""}},"ast-content-background-meta":{"desktop":{"background-color":"var(--ast-global-color-5)","background-image":"","background-repeat":"repeat","background-position":"center center","background-size":"auto","background-attachment":"scroll","background-type":"","background-media":"","overlay-type":"","overlay-color":"","overlay-opacity":"","overlay-gradient":""},"tablet":{"background-color":"var(--ast-global-color-5)","background-image":"","background-repeat":"repeat","background-position":"center center","background-size":"auto","background-attachment":"scroll","background-type":"","background-media":"","overlay-type":"","overlay-color":"","overlay-opacity":"","overlay-gradient":""},"mobile":{"background-color":"var(--ast-global-color-5)","background-image":"","background-repeat":"repeat","background-position":"center center","background-size":"auto","background-attachment":"scroll","background-type":"","background-media":"","overlay-type":"","overlay-color":"","overlay-opacity":"","overlay-gradient":""}},"footnotes":""},"categories":[1],"tags":[],"class_list":["post-15891","post","type-post","status-publish","format-standard","hentry","category-general"],"post_mailing_queue_ids":[],"_links":{"self":[{"href":"https:\/\/serveiseducatius.xtec.cat\/baixllobregat7\/wp-json\/wp\/v2\/posts\/15891","targetHints":{"allow":["GET"]}}],"collection":[{"href":"https:\/\/serveiseducatius.xtec.cat\/baixllobregat7\/wp-json\/wp\/v2\/posts"}],"about":[{"href":"https:\/\/serveiseducatius.xtec.cat\/baixllobregat7\/wp-json\/wp\/v2\/types\/post"}],"author":[{"embeddable":true,"href":"https:\/\/serveiseducatius.xtec.cat\/baixllobregat7\/wp-json\/wp\/v2\/users\/1"}],"replies":[{"embeddable":true,"href":"https:\/\/serveiseducatius.xtec.cat\/baixllobregat7\/wp-json\/wp\/v2\/comments?post=15891"}],"version-history":[{"count":2,"href":"https:\/\/serveiseducatius.xtec.cat\/baixllobregat7\/wp-json\/wp\/v2\/posts\/15891\/revisions"}],"predecessor-version":[{"id":15894,"href":"https:\/\/serveiseducatius.xtec.cat\/baixllobregat7\/wp-json\/wp\/v2\/posts\/15891\/revisions\/15894"}],"wp:attachment":[{"href":"https:\/\/serveiseducatius.xtec.cat\/baixllobregat7\/wp-json\/wp\/v2\/media?parent=15891"}],"wp:term":[{"taxonomy":"category","embeddable":true,"href":"https:\/\/serveiseducatius.xtec.cat\/baixllobregat7\/wp-json\/wp\/v2\/categories?post=15891"},{"taxonomy":"post_tag","embeddable":true,"href":"https:\/\/serveiseducatius.xtec.cat\/baixllobregat7\/wp-json\/wp\/v2\/tags?post=15891"}],"curies":[{"name":"wp","href":"https:\/\/api.w.org\/{rel}","templated":true}]}}