{"id":15601,"date":"2025-10-15T10:50:19","date_gmt":"2025-10-15T08:50:19","guid":{"rendered":"https:\/\/serveiseducatius.xtec.cat\/baixllobregat7\/?p=15601"},"modified":"2025-10-08T11:35:09","modified_gmt":"2025-10-08T09:35:09","slug":"arquitectura-a-les-aules-inscripcions-obertes","status":"publish","type":"post","link":"https:\/\/serveiseducatius.xtec.cat\/baixllobregat7\/general\/arquitectura-a-les-aules-inscripcions-obertes\/","title":{"rendered":"Arquitectura a les aules. Inscripcions obertes"},"content":{"rendered":"<p><a href=\"https:\/\/serveiseducatius.xtec.cat\/baixllobregat7\/wp-content\/uploads\/usu1179\/2025\/10\/COAC.png\"><img loading=\"lazy\" decoding=\"async\" class=\"wp-image-15603 aligncenter\" src=\"https:\/\/serveiseducatius.xtec.cat\/baixllobregat7\/wp-content\/uploads\/usu1179\/2025\/10\/COAC.png\" alt=\"COAC\" width=\"613\" height=\"443\" srcset=\"https:\/\/serveiseducatius.xtec.cat\/baixllobregat7\/wp-content\/uploads\/usu1179\/2025\/10\/COAC.png 626w, https:\/\/serveiseducatius.xtec.cat\/baixllobregat7\/wp-content\/uploads\/usu1179\/2025\/10\/COAC-300x217.png 300w\" sizes=\"auto, (max-width: 613px) 100vw, 613px\" \/><\/a>El COAC (Centre obert d\u2019Arquitectura) ha obert una\u00a0<strong>nova convocat\u00f2ria d\u2019Arquitectura a les Aules<\/strong>, el programa de tallers d\u2019arquitectura als centres educatius que organitzen cada mes de maig, en el marc de les\u00a0<strong>Setmanes d\u2019Arquitectura i que en aquesta edici\u00f3 formaran part de la programaci\u00f3 per la Capitalitat Mundial de l\u2019Arquitectura, Barcelona 2026\u00a0<\/strong>i comptar\u00e0 amb especial suport de l\u2019Ajuntament de Barcelona.<\/p>\n<p>Des que es va iniciar Arquitectura a les Aules, en el marc del programa educatiu\u00a0<a href=\"https:\/\/www.arquitectes.cat\/ca\/coac\/arquiescola\"><strong>ArquiEscola<\/strong><\/a>, ja hi han participat\u00a0<strong>m\u00e9s de 44.000 alumnes de m\u00e9s de 350 escoles<\/strong>. Enguany, Arquitectura a les Aules tornar\u00e0 a oferir tallers i xerrades perqu\u00e8 l\u2019alumnat dels centres de prim\u00e0ria i secund\u00e0ria pugui observar, pensar i actuar seguint el fil de l\u2019arquitectura del seu entorn m\u00e9s immediat.<\/p>\n<p><strong>Com funciona?\u00a0\u00a0<\/strong><b><br \/>\n<\/b>Els centres educatius que desitgin participar a Arquitectura a les Aules 2026\u00a0<strong>poden apuntar-se fins el<\/strong><strong>\u00a03 de novembre de 2025 a trav\u00e9s dels seg\u00fcents formularis:<\/strong><\/p>\n<p><a href=\"https:\/\/www.arquitectes.cat\/ca\/inscripcions-arquitectura-les-aules\"><strong>Prov\u00edncia de Barcelona<\/strong><\/a><\/p>\n<p>Podran triar entre les seg\u00fcents tem\u00e0tiques:<\/p>\n<p>1. Repensar els espais educatius interiors \u2013 exteriors<br \/>\n2. Diversitat funcional \u2013 accessibilitat \u2013 g\u00e8nere<br \/>\n3. Identitats \u2013 descoberta de l\u2019entorn<br \/>\n4. Sostenibilitat \u2013 salut<\/p>\n<p>Recomanen un\u00a0<strong>m\u00e0xim de 4 grups per centre<\/strong>\u00a0i recorden que,\u00a0<strong>si s\u00f3n de diferents nivells educatius, caldr\u00e0 una inscripci\u00f3 diferent per a cada nivell<\/strong>\u00a0(que els tenen agrupats per cicles).<\/p>\n<p>A principis del 2026, es donaran a con\u00e8ixer les aliances d\u2019arquitectes i centres educatius, per tal que ambdues parts es posin en contacte i puguin\u00a0<strong>acordar una proposta d\u2019activitat<\/strong>\u00a0que s\u2019adeq\u00fci a una tem\u00e0tica d\u2019inter\u00e8s pel centre i al nivell educatiu dels alumnes.<\/p>\n<p>Tots els tallers se celebraran durant les dates de les Setmanes d\u2019Arquitectura (entre el 7 i el 15 de maig) i tindran una durada de dues hores dins l\u2019horari lectiu.<\/p>\n<p><strong>Resoluci\u00f3 de dubtes<\/strong><b><br \/>\n<\/b>Si teniu qualsevol dubte en relaci\u00f3 amb la participaci\u00f3 a Arquitectura a les Aules, podeu enviar un correu a\u00a0<a href=\"mailto:arquiescola@coac.cat\">arquiescola@coac.cat<\/a>\u00a0(Barcelona)<\/p>\n<p>Recursos en l\u00ednia: l\u2019any 2020 la COVID-19 va obligar a reconvertir els tallers en propostes en l\u00ednia, que han quedat disponibles a trav\u00e9s del web\u00a0<a href=\"https:\/\/www.arquitectes.cat\/ca\/arquitecturaalesaules-aprendreacasa\">Aprendre des de Casa<\/a>\u00a0o b\u00e9 al\u00a0<a href=\"https:\/\/www.youtube.com\/playlist?list=PLT4WZzShnJ7d0dUXQqwEt4sMFjVvrxoNy\">canal YouTube del COAC.<\/a>\u00a0Les imatges i descripcions dels tallers celebrats al llarg de tots aquests anys es poden veure a\u00a0<a href=\"http:\/\/arquitecturaalesaules.arquitectes.cat\/\">Arquitectura a les Aules 5.0<\/a>.<\/p>\n","protected":false},"excerpt":{"rendered":"<p>El COAC (Centre obert d\u2019Arquitectura) ha obert una\u00a0nova convocat\u00f2ria d\u2019Arquitectura a les Aules, el programa de tallers d\u2019arquitectura als centres educatius que organitzen cada mes de maig, en el marc de les\u00a0Setmanes d\u2019Arquitectura i que en aquesta edici\u00f3 formaran part de la programaci\u00f3 per la Capitalitat Mundial de l\u2019Arquitectura, Barcelona 2026\u00a0i comptar\u00e0 amb especial suport [&hellip;]<\/p>\n","protected":false},"author":1,"featured_media":15605,"comment_status":"closed","ping_status":"open","sticky":false,"template":"","format":"standard","meta":{"_bbp_topic_count":0,"_bbp_reply_count":0,"_bbp_total_topic_count":0,"_bbp_total_reply_count":0,"_bbp_voice_count":0,"_bbp_anonymous_reply_count":0,"_bbp_topic_count_hidden":0,"_bbp_reply_count_hidden":0,"_bbp_forum_subforum_count":0,"site-sidebar-layout":"default","site-content-layout":"","ast-site-content-layout":"","site-content-style":"default","site-sidebar-style":"default","ast-global-header-display":"","ast-banner-title-visibility":"","ast-main-header-display":"","ast-hfb-above-header-display":"","ast-hfb-below-header-display":"","ast-hfb-mobile-header-display":"","site-post-title":"","ast-breadcrumbs-content":"","ast-featured-img":"","footer-sml-layout":"","theme-transparent-header-meta":"","adv-header-id-meta":"","stick-header-meta":"","header-above-stick-meta":"","header-main-stick-meta":"","header-below-stick-meta":"","astra-migrate-meta-layouts":"default","ast-page-background-enabled":"default","ast-page-background-meta":{"desktop":{"background-color":"var(--ast-global-color-4)","background-image":"","background-repeat":"repeat","background-position":"center center","background-size":"auto","background-attachment":"scroll","background-type":"","background-media":"","overlay-type":"","overlay-color":"","overlay-opacity":"","overlay-gradient":""},"tablet":{"background-color":"","background-image":"","background-repeat":"repeat","background-position":"center center","background-size":"auto","background-attachment":"scroll","background-type":"","background-media":"","overlay-type":"","overlay-color":"","overlay-opacity":"","overlay-gradient":""},"mobile":{"background-color":"","background-image":"","background-repeat":"repeat","background-position":"center center","background-size":"auto","background-attachment":"scroll","background-type":"","background-media":"","overlay-type":"","overlay-color":"","overlay-opacity":"","overlay-gradient":""}},"ast-content-background-meta":{"desktop":{"background-color":"var(--ast-global-color-5)","background-image":"","background-repeat":"repeat","background-position":"center center","background-size":"auto","background-attachment":"scroll","background-type":"","background-media":"","overlay-type":"","overlay-color":"","overlay-opacity":"","overlay-gradient":""},"tablet":{"background-color":"var(--ast-global-color-5)","background-image":"","background-repeat":"repeat","background-position":"center center","background-size":"auto","background-attachment":"scroll","background-type":"","background-media":"","overlay-type":"","overlay-color":"","overlay-opacity":"","overlay-gradient":""},"mobile":{"background-color":"var(--ast-global-color-5)","background-image":"","background-repeat":"repeat","background-position":"center center","background-size":"auto","background-attachment":"scroll","background-type":"","background-media":"","overlay-type":"","overlay-color":"","overlay-opacity":"","overlay-gradient":""}},"footnotes":""},"categories":[65,1,29],"tags":[735,740,672],"class_list":["post-15601","post","type-post","status-publish","format-standard","has-post-thumbnail","hentry","category-crp","category-general","category-portada","tag-crp-baix-llobregat-vii","tag-crp-martorell","tag-portada"],"post_mailing_queue_ids":[],"_links":{"self":[{"href":"https:\/\/serveiseducatius.xtec.cat\/baixllobregat7\/wp-json\/wp\/v2\/posts\/15601","targetHints":{"allow":["GET"]}}],"collection":[{"href":"https:\/\/serveiseducatius.xtec.cat\/baixllobregat7\/wp-json\/wp\/v2\/posts"}],"about":[{"href":"https:\/\/serveiseducatius.xtec.cat\/baixllobregat7\/wp-json\/wp\/v2\/types\/post"}],"author":[{"embeddable":true,"href":"https:\/\/serveiseducatius.xtec.cat\/baixllobregat7\/wp-json\/wp\/v2\/users\/1"}],"replies":[{"embeddable":true,"href":"https:\/\/serveiseducatius.xtec.cat\/baixllobregat7\/wp-json\/wp\/v2\/comments?post=15601"}],"version-history":[{"count":2,"href":"https:\/\/serveiseducatius.xtec.cat\/baixllobregat7\/wp-json\/wp\/v2\/posts\/15601\/revisions"}],"predecessor-version":[{"id":15606,"href":"https:\/\/serveiseducatius.xtec.cat\/baixllobregat7\/wp-json\/wp\/v2\/posts\/15601\/revisions\/15606"}],"wp:featuredmedia":[{"embeddable":true,"href":"https:\/\/serveiseducatius.xtec.cat\/baixllobregat7\/wp-json\/wp\/v2\/media\/15605"}],"wp:attachment":[{"href":"https:\/\/serveiseducatius.xtec.cat\/baixllobregat7\/wp-json\/wp\/v2\/media?parent=15601"}],"wp:term":[{"taxonomy":"category","embeddable":true,"href":"https:\/\/serveiseducatius.xtec.cat\/baixllobregat7\/wp-json\/wp\/v2\/categories?post=15601"},{"taxonomy":"post_tag","embeddable":true,"href":"https:\/\/serveiseducatius.xtec.cat\/baixllobregat7\/wp-json\/wp\/v2\/tags?post=15601"}],"curies":[{"name":"wp","href":"https:\/\/api.w.org\/{rel}","templated":true}]}}