{"id":15587,"date":"2025-10-13T08:00:53","date_gmt":"2025-10-13T06:00:53","guid":{"rendered":"https:\/\/serveiseducatius.xtec.cat\/baixllobregat7\/?p=15587"},"modified":"2025-10-08T10:02:10","modified_gmt":"2025-10-08T08:02:10","slug":"voleu-que-els-vostres-alumnes-dominin-lart-del-debat-inscripcions-obertes-a-lliga-debat","status":"publish","type":"post","link":"https:\/\/serveiseducatius.xtec.cat\/baixllobregat7\/general\/voleu-que-els-vostres-alumnes-dominin-lart-del-debat-inscripcions-obertes-a-lliga-debat\/","title":{"rendered":"Voleu que els vostres alumnes dominin l&#8217;art del debat? Inscripcions obertes a Lliga Debat"},"content":{"rendered":"<p><a href=\"https:\/\/serveiseducatius.xtec.cat\/baixllobregat7\/wp-content\/uploads\/usu1179\/2025\/10\/lliga_debat.png\"><img loading=\"lazy\" decoding=\"async\" class=\"aligncenter size-full wp-image-15588\" src=\"https:\/\/serveiseducatius.xtec.cat\/baixllobregat7\/wp-content\/uploads\/usu1179\/2025\/10\/lliga_debat.png\" alt=\"lliga_debat\" width=\"1024\" height=\"512\" srcset=\"https:\/\/serveiseducatius.xtec.cat\/baixllobregat7\/wp-content\/uploads\/usu1179\/2025\/10\/lliga_debat.png 1024w, https:\/\/serveiseducatius.xtec.cat\/baixllobregat7\/wp-content\/uploads\/usu1179\/2025\/10\/lliga_debat-300x150.png 300w, https:\/\/serveiseducatius.xtec.cat\/baixllobregat7\/wp-content\/uploads\/usu1179\/2025\/10\/lliga_debat-768x384.png 768w\" sizes=\"auto, (max-width: 1024px) 100vw, 1024px\" \/><\/a><\/p>\n<p>La\u00a0<strong>Lliga de Debat de Secund\u00e0ria i Batxillerat<\/strong>\u00a0\u00e9s una competici\u00f3 d\u2019orat\u00f2ria on equips d\u2019estudiants de\u00a0<strong>4t d\u2019ESO, batxillerat i Formaci\u00f3 Professional<\/strong>\u00a0de diversos centres docents debaten sobre un\u00a0<strong>tema pol\u00e8mic i d\u2019actualitat<\/strong>.<\/p>\n<p>L\u2019objectiu de la Lliga \u00e9s\u00a0<strong>fomentar les compet\u00e8ncies transversals dels estudiants mitjan\u00e7ant l\u2019\u00fas de la paraula<\/strong>\u00a0i crear un espai de formaci\u00f3 on\u00a0<strong>el catal\u00e0 \u00e9s la llengua vehicular<\/strong>. \u00c9s l&#8217;oportunitat ideal per motivar els vostres equips a desenvolupar <b>habilitats clau<\/b> com la <b>ret\u00f2rica, l&#8217;argumentaci\u00f3 i el pensament cr\u00edtic<\/b>.<\/p>\n<p><img loading=\"lazy\" decoding=\"async\" class=\"alignleft\" src=\"https:\/\/cdn-icons-png.flaticon.com\/128\/6818\/6818198.png\" alt=\"p\u00fablico objetivo \" width=\"82\" height=\"82\" \/>Enguany, el tema central que desafiar\u00e0 la capacitat argumentativa dels participants \u00e9s de gran rellev\u00e0ncia social: <b>\u00abEstem davant d\u2019una joventut m\u00e9s masclista?\u00bb<\/b><\/p>\n<h3 class=\"wp-block-heading\">Presentaci\u00f3 i edici\u00f3 2026<\/h3>\n<p><img loading=\"lazy\" decoding=\"async\" class=\"alignleft\" src=\"https:\/\/cdn-icons-png.flaticon.com\/128\/4799\/4799625.png\" alt=\"fecha del calendario \" width=\"38\" height=\"38\" \/>Per garantir la participaci\u00f3 del vostre centre, recordeu aquestes dates:<\/p>\n<ul>\n<li><a href=\"https:\/\/docs.google.com\/forms\/d\/e\/1FAIpQLSftU1lqadg349BT_W7OB01t6_L50jTSL5N_lOpAfq4FbBIPuw\/viewform?pli=1\" target=\"_blank\" rel=\"noopener\"><b>Preinscripcions 2026:<\/b> El termini finalitza el <b>26 d\u2019octubre<\/b>.<\/a><\/li>\n<li><b>Comunicaci\u00f3 de centres admesos:<\/b> Abans del 7 de novembre.<\/li>\n<li><b>Formalitzaci\u00f3 de les inscripcions:<\/b> Fins al 15 de gener.<\/li>\n<\/ul>\n<p><img loading=\"lazy\" decoding=\"async\" class=\"\" src=\"https:\/\/cdn-icons-png.flaticon.com\/128\/3131\/3131670.png\" alt=\"documento \" width=\"57\" height=\"57\" \/> El formulari i la documentaci\u00f3 completa (incl\u00f2s l&#8217;essencial <b>Dossier de participaci\u00f3<\/b>) estan disponibles a l&#8217;apartat <b>Inscripci\u00f3<\/b> del web de la competici\u00f3. No oblideu consultar les universitats que organitzen les fases locals per triar la vostra seu. Aix\u00ed com els<strong> <a href=\"https:\/\/www.vives.org\/book\/manual-sobre-comunicacio-eficac-i-creativ\" target=\"_blank\" rel=\"noopener\">materials de suport<\/a>.<\/strong><\/p>\n<p><a href=\"https:\/\/www.vives.org\/programes\/estudiants\/lliga-debat-secundaria-batxillerat\/#1718952936682-39e737da-9c75\" target=\"_blank\" rel=\"noopener\">Acc\u00e9s a tota la informaci\u00f3 al web Lliga Debat<\/a><br \/>\n<iframe loading=\"lazy\" title=\"Qu\u00e8 \u00e9s la Lliga de Debat de Secund\u00e0ria i Batxillerat?\" src=\"https:\/\/www.youtube.com\/embed\/xjVtpMWsBLc\" width=\"964\" height=\"542\" frameborder=\"0\" allowfullscreen=\"allowfullscreen\"><\/iframe><\/p>\n<hr \/>\n<p><b>Animeu els vostres alumnes a participar-hi!<\/b> \u00c9s una experi\u00e8ncia formativa inigualable que culminar\u00e0 amb la Fase Final a la Universitat d\u2019Alacant del 20 al 22 d\u2019abril de 2026.<\/p>\n","protected":false},"excerpt":{"rendered":"<p>La\u00a0Lliga de Debat de Secund\u00e0ria i Batxillerat\u00a0\u00e9s una competici\u00f3 d\u2019orat\u00f2ria on equips d\u2019estudiants de\u00a04t d\u2019ESO, batxillerat i Formaci\u00f3 Professional\u00a0de diversos centres docents debaten sobre un\u00a0tema pol\u00e8mic i d\u2019actualitat. L\u2019objectiu de la Lliga \u00e9s\u00a0fomentar les compet\u00e8ncies transversals dels estudiants mitjan\u00e7ant l\u2019\u00fas de la paraula\u00a0i crear un espai de formaci\u00f3 on\u00a0el catal\u00e0 \u00e9s la llengua vehicular. \u00c9s [&hellip;]<\/p>\n","protected":false},"author":1,"featured_media":15588,"comment_status":"closed","ping_status":"open","sticky":false,"template":"","format":"standard","meta":{"_bbp_topic_count":0,"_bbp_reply_count":0,"_bbp_total_topic_count":0,"_bbp_total_reply_count":0,"_bbp_voice_count":0,"_bbp_anonymous_reply_count":0,"_bbp_topic_count_hidden":0,"_bbp_reply_count_hidden":0,"_bbp_forum_subforum_count":0,"site-sidebar-layout":"default","site-content-layout":"","ast-site-content-layout":"","site-content-style":"default","site-sidebar-style":"default","ast-global-header-display":"","ast-banner-title-visibility":"","ast-main-header-display":"","ast-hfb-above-header-display":"","ast-hfb-below-header-display":"","ast-hfb-mobile-header-display":"","site-post-title":"","ast-breadcrumbs-content":"","ast-featured-img":"","footer-sml-layout":"","theme-transparent-header-meta":"","adv-header-id-meta":"","stick-header-meta":"","header-above-stick-meta":"","header-main-stick-meta":"","header-below-stick-meta":"","astra-migrate-meta-layouts":"default","ast-page-background-enabled":"default","ast-page-background-meta":{"desktop":{"background-color":"var(--ast-global-color-4)","background-image":"","background-repeat":"repeat","background-position":"center center","background-size":"auto","background-attachment":"scroll","background-type":"","background-media":"","overlay-type":"","overlay-color":"","overlay-opacity":"","overlay-gradient":""},"tablet":{"background-color":"","background-image":"","background-repeat":"repeat","background-position":"center center","background-size":"auto","background-attachment":"scroll","background-type":"","background-media":"","overlay-type":"","overlay-color":"","overlay-opacity":"","overlay-gradient":""},"mobile":{"background-color":"","background-image":"","background-repeat":"repeat","background-position":"center center","background-size":"auto","background-attachment":"scroll","background-type":"","background-media":"","overlay-type":"","overlay-color":"","overlay-opacity":"","overlay-gradient":""}},"ast-content-background-meta":{"desktop":{"background-color":"var(--ast-global-color-5)","background-image":"","background-repeat":"repeat","background-position":"center center","background-size":"auto","background-attachment":"scroll","background-type":"","background-media":"","overlay-type":"","overlay-color":"","overlay-opacity":"","overlay-gradient":""},"tablet":{"background-color":"var(--ast-global-color-5)","background-image":"","background-repeat":"repeat","background-position":"center center","background-size":"auto","background-attachment":"scroll","background-type":"","background-media":"","overlay-type":"","overlay-color":"","overlay-opacity":"","overlay-gradient":""},"mobile":{"background-color":"var(--ast-global-color-5)","background-image":"","background-repeat":"repeat","background-position":"center center","background-size":"auto","background-attachment":"scroll","background-type":"","background-media":"","overlay-type":"","overlay-color":"","overlay-opacity":"","overlay-gradient":""}},"footnotes":""},"categories":[65,1,29],"tags":[392,735,740,826,672],"class_list":["post-15587","post","type-post","status-publish","format-standard","has-post-thumbnail","hentry","category-crp","category-general","category-portada","tag-activitats-alumnat","tag-crp-baix-llobregat-vii","tag-crp-martorell","tag-lliga-debat","tag-portada"],"post_mailing_queue_ids":[],"_links":{"self":[{"href":"https:\/\/serveiseducatius.xtec.cat\/baixllobregat7\/wp-json\/wp\/v2\/posts\/15587","targetHints":{"allow":["GET"]}}],"collection":[{"href":"https:\/\/serveiseducatius.xtec.cat\/baixllobregat7\/wp-json\/wp\/v2\/posts"}],"about":[{"href":"https:\/\/serveiseducatius.xtec.cat\/baixllobregat7\/wp-json\/wp\/v2\/types\/post"}],"author":[{"embeddable":true,"href":"https:\/\/serveiseducatius.xtec.cat\/baixllobregat7\/wp-json\/wp\/v2\/users\/1"}],"replies":[{"embeddable":true,"href":"https:\/\/serveiseducatius.xtec.cat\/baixllobregat7\/wp-json\/wp\/v2\/comments?post=15587"}],"version-history":[{"count":4,"href":"https:\/\/serveiseducatius.xtec.cat\/baixllobregat7\/wp-json\/wp\/v2\/posts\/15587\/revisions"}],"predecessor-version":[{"id":15592,"href":"https:\/\/serveiseducatius.xtec.cat\/baixllobregat7\/wp-json\/wp\/v2\/posts\/15587\/revisions\/15592"}],"wp:featuredmedia":[{"embeddable":true,"href":"https:\/\/serveiseducatius.xtec.cat\/baixllobregat7\/wp-json\/wp\/v2\/media\/15588"}],"wp:attachment":[{"href":"https:\/\/serveiseducatius.xtec.cat\/baixllobregat7\/wp-json\/wp\/v2\/media?parent=15587"}],"wp:term":[{"taxonomy":"category","embeddable":true,"href":"https:\/\/serveiseducatius.xtec.cat\/baixllobregat7\/wp-json\/wp\/v2\/categories?post=15587"},{"taxonomy":"post_tag","embeddable":true,"href":"https:\/\/serveiseducatius.xtec.cat\/baixllobregat7\/wp-json\/wp\/v2\/tags?post=15587"}],"curies":[{"name":"wp","href":"https:\/\/api.w.org\/{rel}","templated":true}]}}