{"id":15291,"date":"2025-05-07T10:25:20","date_gmt":"2025-05-07T08:25:20","guid":{"rendered":"https:\/\/serveiseducatius.xtec.cat\/baixllobregat7\/?p=15291"},"modified":"2025-05-05T10:58:13","modified_gmt":"2025-05-05T08:58:13","slug":"celebra-el-dia-deuropa-amb-les-millors-lectures","status":"publish","type":"post","link":"https:\/\/serveiseducatius.xtec.cat\/baixllobregat7\/general\/celebra-el-dia-deuropa-amb-les-millors-lectures\/","title":{"rendered":"Celebra el dia d\u2019Europa amb les millors lectures"},"content":{"rendered":"<p>Des del BESCAT ens fan arribar aquest recurs per celebrar el\u00a0<strong>Dia d\u2019Europa<\/strong>\u00a0(9 de maig): un\u00a0<a href=\"https:\/\/view.genially.com\/67d6dde21bac69cfd1dca0d7\/interactive-content-lectures-que-arriben-deuropa\" target=\"_blank\" rel=\"noreferrer noopener\">joc fet amb Genially<\/a><strong>,\u00a0<\/strong>on trobareu algunes obres d\u2019autors europeus amb informaci\u00f3 del t\u00edtol original i refer\u00e8ncies al pa\u00eds i a l\u2019idioma. Per trobar la resposta correcta podeu posar en com\u00fa, pr\u00e8viament, quines pistes veieu i quines estrat\u00e8gies heu utilitzat. Quines lectures afegir\u00edeu vosaltres?<\/p>\n<p><a href=\"https:\/\/view.genially.com\/67d6dde21bac69cfd1dca0d7\/interactive-content-lectures-que-arriben-deuropa\"><img loading=\"lazy\" decoding=\"async\" class=\"alignnone size-full wp-image-25230\" src=\"https:\/\/serveiseducatius.xtec.cat\/badalona\/wp-content\/uploads\/usu1088\/2025\/04\/Lectures-que-arriben-dEuropa.png\" sizes=\"auto, (max-width: 827px) 100vw, 827px\" srcset=\"https:\/\/serveiseducatius.xtec.cat\/badalona\/wp-content\/uploads\/usu1088\/2025\/04\/Lectures-que-arriben-dEuropa.png 827w, https:\/\/serveiseducatius.xtec.cat\/badalona\/wp-content\/uploads\/usu1088\/2025\/04\/Lectures-que-arriben-dEuropa-300x170.png 300w, https:\/\/serveiseducatius.xtec.cat\/badalona\/wp-content\/uploads\/usu1088\/2025\/04\/Lectures-que-arriben-dEuropa-768x435.png 768w\" alt=\"\" width=\"827\" height=\"468\" \/><\/a><\/p>\n<p>Aquest joc s\u2019ha dissenyat com a part del projecte Erasmus<a href=\"https:\/\/projectes.xtec.cat\/cete\/\" target=\"_blank\" rel=\"noreferrer noopener\">\u00a0CETE+<\/a><\/p>\n","protected":false},"excerpt":{"rendered":"<p>Des del BESCAT ens fan arribar aquest recurs per celebrar el\u00a0Dia d\u2019Europa\u00a0(9 de maig): un\u00a0joc fet amb Genially,\u00a0on trobareu algunes obres d\u2019autors europeus amb informaci\u00f3 del t\u00edtol original i refer\u00e8ncies al pa\u00eds i a l\u2019idioma. Per trobar la resposta correcta podeu posar en com\u00fa, pr\u00e8viament, quines pistes veieu i quines estrat\u00e8gies heu utilitzat. Quines lectures [&hellip;]<\/p>\n","protected":false},"author":1,"featured_media":15292,"comment_status":"closed","ping_status":"closed","sticky":false,"template":"","format":"standard","meta":{"_bbp_topic_count":0,"_bbp_reply_count":0,"_bbp_total_topic_count":0,"_bbp_total_reply_count":0,"_bbp_voice_count":0,"_bbp_anonymous_reply_count":0,"_bbp_topic_count_hidden":0,"_bbp_reply_count_hidden":0,"_bbp_forum_subforum_count":0,"site-sidebar-layout":"default","site-content-layout":"","ast-site-content-layout":"","site-content-style":"default","site-sidebar-style":"default","ast-global-header-display":"","ast-banner-title-visibility":"","ast-main-header-display":"","ast-hfb-above-header-display":"","ast-hfb-below-header-display":"","ast-hfb-mobile-header-display":"","site-post-title":"","ast-breadcrumbs-content":"","ast-featured-img":"","footer-sml-layout":"","theme-transparent-header-meta":"","adv-header-id-meta":"","stick-header-meta":"","header-above-stick-meta":"","header-main-stick-meta":"","header-below-stick-meta":"","astra-migrate-meta-layouts":"default","ast-page-background-enabled":"default","ast-page-background-meta":{"desktop":{"background-color":"var(--ast-global-color-4)","background-image":"","background-repeat":"repeat","background-position":"center center","background-size":"auto","background-attachment":"scroll","background-type":"","background-media":"","overlay-type":"","overlay-color":"","overlay-opacity":"","overlay-gradient":""},"tablet":{"background-color":"","background-image":"","background-repeat":"repeat","background-position":"center center","background-size":"auto","background-attachment":"scroll","background-type":"","background-media":"","overlay-type":"","overlay-color":"","overlay-opacity":"","overlay-gradient":""},"mobile":{"background-color":"","background-image":"","background-repeat":"repeat","background-position":"center center","background-size":"auto","background-attachment":"scroll","background-type":"","background-media":"","overlay-type":"","overlay-color":"","overlay-opacity":"","overlay-gradient":""}},"ast-content-background-meta":{"desktop":{"background-color":"var(--ast-global-color-5)","background-image":"","background-repeat":"repeat","background-position":"center center","background-size":"auto","background-attachment":"scroll","background-type":"","background-media":"","overlay-type":"","overlay-color":"","overlay-opacity":"","overlay-gradient":""},"tablet":{"background-color":"var(--ast-global-color-5)","background-image":"","background-repeat":"repeat","background-position":"center center","background-size":"auto","background-attachment":"scroll","background-type":"","background-media":"","overlay-type":"","overlay-color":"","overlay-opacity":"","overlay-gradient":""},"mobile":{"background-color":"var(--ast-global-color-5)","background-image":"","background-repeat":"repeat","background-position":"center center","background-size":"auto","background-attachment":"scroll","background-type":"","background-media":"","overlay-type":"","overlay-color":"","overlay-opacity":"","overlay-gradient":""}},"footnotes":""},"categories":[1],"tags":[166,735,740,738,147,765,672,395],"class_list":["post-15291","post","type-post","status-publish","format-standard","has-post-thumbnail","hentry","category-general","tag-biblioteca-escolar","tag-crp-baix-llobregat-vii","tag-crp-martorell","tag-curs-24-25","tag-el-gust-per-la-lectura","tag-europa","tag-portada","tag-recursos"],"post_mailing_queue_ids":[],"_links":{"self":[{"href":"https:\/\/serveiseducatius.xtec.cat\/baixllobregat7\/wp-json\/wp\/v2\/posts\/15291","targetHints":{"allow":["GET"]}}],"collection":[{"href":"https:\/\/serveiseducatius.xtec.cat\/baixllobregat7\/wp-json\/wp\/v2\/posts"}],"about":[{"href":"https:\/\/serveiseducatius.xtec.cat\/baixllobregat7\/wp-json\/wp\/v2\/types\/post"}],"author":[{"embeddable":true,"href":"https:\/\/serveiseducatius.xtec.cat\/baixllobregat7\/wp-json\/wp\/v2\/users\/1"}],"replies":[{"embeddable":true,"href":"https:\/\/serveiseducatius.xtec.cat\/baixllobregat7\/wp-json\/wp\/v2\/comments?post=15291"}],"version-history":[{"count":1,"href":"https:\/\/serveiseducatius.xtec.cat\/baixllobregat7\/wp-json\/wp\/v2\/posts\/15291\/revisions"}],"predecessor-version":[{"id":15293,"href":"https:\/\/serveiseducatius.xtec.cat\/baixllobregat7\/wp-json\/wp\/v2\/posts\/15291\/revisions\/15293"}],"wp:featuredmedia":[{"embeddable":true,"href":"https:\/\/serveiseducatius.xtec.cat\/baixllobregat7\/wp-json\/wp\/v2\/media\/15292"}],"wp:attachment":[{"href":"https:\/\/serveiseducatius.xtec.cat\/baixllobregat7\/wp-json\/wp\/v2\/media?parent=15291"}],"wp:term":[{"taxonomy":"category","embeddable":true,"href":"https:\/\/serveiseducatius.xtec.cat\/baixllobregat7\/wp-json\/wp\/v2\/categories?post=15291"},{"taxonomy":"post_tag","embeddable":true,"href":"https:\/\/serveiseducatius.xtec.cat\/baixllobregat7\/wp-json\/wp\/v2\/tags?post=15291"}],"curies":[{"name":"wp","href":"https:\/\/api.w.org\/{rel}","templated":true}]}}