{"id":15214,"date":"2025-04-03T08:29:40","date_gmt":"2025-04-03T06:29:40","guid":{"rendered":"https:\/\/serveiseducatius.xtec.cat\/baixllobregat7\/?p=15214"},"modified":"2025-04-02T12:39:47","modified_gmt":"2025-04-02T10:39:47","slug":"sant-jordi-a-les-ones-i-booktubers-fins-l11-dabril","status":"publish","type":"post","link":"https:\/\/serveiseducatius.xtec.cat\/baixllobregat7\/portada\/sant-jordi-a-les-ones-i-booktubers-fins-l11-dabril\/","title":{"rendered":"Sant Jordi a les ones i Booktubers fins l&#8217;11 d&#8217;abril"},"content":{"rendered":"<p>Esteu preparant <strong>recomanacions liter\u00e0ries per <span style=\"font-size: 14pt;\">celebrar un Sant Jordi diferent?<\/span><\/strong> Us animem a con\u00e8ixer i gaudir amb aquestes dues<span style=\"font-size: 14pt;\"> <strong>propostes per a treballar la r\u00e0dio i el llenguatge audiovisual<\/strong>.<\/span> La primera \u00e9s <a href=\"https:\/\/projectes.xtec.cat\/canaldereporters\/sant-jordi-a-les-ones\/\" target=\"_blank\" rel=\"noopener\">SANT JORDI A LES ONES<\/a>, centrada a enregistrar una recomanaci\u00f3 liter\u00e0ria en format sonor (podcast) i la segona \u00e9s <a href=\"https:\/\/projectes.xtec.cat\/canaldereporters\/sant-jordi-a-les-ones\/\" target=\"_blank\" rel=\"noopener\"><strong>FEM DE BOOKTUBERS<\/strong><\/a>, una altra proposta de recomanacions liter\u00e0ries per\u00f2 en format audiovisual.<\/p>\n<p>Com en totes les activitats, us oferim instruccions, material de suport i canals de difusi\u00f3 de l\u2019activitat.<\/p>\n<p><span style=\"font-size: 14pt;\"><strong>Podeu enviar les vostres creacions fins l&#8217;11 d&#8217;abril<\/strong><\/span><\/p>\n<ul>\n<li><a href=\"https:\/\/drive.google.com\/file\/d\/1vHFbhUGDZXBwQ7cDtm9oHECXFH2dAK-L\/view?usp=drive_link\">M\u00e9s informaci\u00f3 de l\u2019activitat SANT JORDI A LES ONES<\/a><\/li>\n<li><a href=\"https:\/\/forms.gle\/Ud3kSKQ8RCxELHBf6\">Formulari d\u2019inscripci\u00f3 SANT JORDI A LES ONES<\/a><\/li>\n<li><a href=\"https:\/\/drive.google.com\/file\/d\/1v1yRP7U9wq-u1s8YXku3xk5q9Qj7eVDE\/view?usp=sharing\">M\u00e9s informaci\u00f3 de l\u2019activitat FEM DE BOOKTUBERS<\/a><\/li>\n<li><a href=\"https:\/\/forms.gle\/XX3RChhhA6rMbwj18\">Formulari d\u2019inscripci\u00f3 FEM DE BOOKTUBERS<\/a><\/li>\n<\/ul>\n<p>Us animem a participar-hi!!<\/p>\n<figure class=\"wp-block-image size-full is-resized\"><a href=\"https:\/\/serveiseducatius.xtec.cat\/vallesoccidental1\/wp-content\/uploads\/usu762\/2025\/03\/SANT-JORDI-A-LES-ONES-2025-IMATGE.png\"><img loading=\"lazy\" decoding=\"async\" class=\"wp-image-5873\" src=\"https:\/\/serveiseducatius.xtec.cat\/vallesoccidental1\/wp-content\/uploads\/usu762\/2025\/03\/SANT-JORDI-A-LES-ONES-2025-IMATGE.png\" sizes=\"auto, (max-width: 800px) 100vw, 800px\" srcset=\"https:\/\/serveiseducatius.xtec.cat\/vallesoccidental1\/wp-content\/uploads\/usu762\/2025\/03\/SANT-JORDI-A-LES-ONES-2025-IMATGE.png 800w, https:\/\/serveiseducatius.xtec.cat\/vallesoccidental1\/wp-content\/uploads\/usu762\/2025\/03\/SANT-JORDI-A-LES-ONES-2025-IMATGE-300x75.png 300w, https:\/\/serveiseducatius.xtec.cat\/vallesoccidental1\/wp-content\/uploads\/usu762\/2025\/03\/SANT-JORDI-A-LES-ONES-2025-IMATGE-768x192.png 768w\" alt=\"\" width=\"800\" height=\"200\" \/><\/a><\/figure>\n<figure class=\"wp-block-image size-full is-resized\"><a href=\"https:\/\/serveiseducatius.xtec.cat\/vallesoccidental1\/wp-content\/uploads\/usu762\/2025\/03\/FEM-DE-BOOKTUBERS-2025-IMATGE-1.png\"><img loading=\"lazy\" decoding=\"async\" class=\"wp-image-5876\" src=\"https:\/\/serveiseducatius.xtec.cat\/vallesoccidental1\/wp-content\/uploads\/usu762\/2025\/03\/FEM-DE-BOOKTUBERS-2025-IMATGE-1.png\" sizes=\"auto, (max-width: 800px) 100vw, 800px\" srcset=\"https:\/\/serveiseducatius.xtec.cat\/vallesoccidental1\/wp-content\/uploads\/usu762\/2025\/03\/FEM-DE-BOOKTUBERS-2025-IMATGE-1.png 800w, https:\/\/serveiseducatius.xtec.cat\/vallesoccidental1\/wp-content\/uploads\/usu762\/2025\/03\/FEM-DE-BOOKTUBERS-2025-IMATGE-1-300x75.png 300w, https:\/\/serveiseducatius.xtec.cat\/vallesoccidental1\/wp-content\/uploads\/usu762\/2025\/03\/FEM-DE-BOOKTUBERS-2025-IMATGE-1-768x192.png 768w\" alt=\"\" width=\"800\" height=\"200\" \/><\/a><\/figure>\n","protected":false},"excerpt":{"rendered":"<p>Esteu preparant recomanacions liter\u00e0ries per celebrar un Sant Jordi diferent? Us animem a con\u00e8ixer i gaudir amb aquestes dues propostes per a treballar la r\u00e0dio i el llenguatge audiovisual. La primera \u00e9s SANT JORDI A LES ONES, centrada a enregistrar una recomanaci\u00f3 liter\u00e0ria en format sonor (podcast) i la segona \u00e9s FEM DE BOOKTUBERS, una [&hellip;]<\/p>\n","protected":false},"author":1,"featured_media":15215,"comment_status":"closed","ping_status":"closed","sticky":false,"template":"","format":"standard","meta":{"_bbp_topic_count":0,"_bbp_reply_count":0,"_bbp_total_topic_count":0,"_bbp_total_reply_count":0,"_bbp_voice_count":0,"_bbp_anonymous_reply_count":0,"_bbp_topic_count_hidden":0,"_bbp_reply_count_hidden":0,"_bbp_forum_subforum_count":0,"site-sidebar-layout":"default","site-content-layout":"","ast-site-content-layout":"","site-content-style":"default","site-sidebar-style":"default","ast-global-header-display":"","ast-banner-title-visibility":"","ast-main-header-display":"","ast-hfb-above-header-display":"","ast-hfb-below-header-display":"","ast-hfb-mobile-header-display":"","site-post-title":"","ast-breadcrumbs-content":"","ast-featured-img":"","footer-sml-layout":"","theme-transparent-header-meta":"","adv-header-id-meta":"","stick-header-meta":"","header-above-stick-meta":"","header-main-stick-meta":"","header-below-stick-meta":"","astra-migrate-meta-layouts":"default","ast-page-background-enabled":"default","ast-page-background-meta":{"desktop":{"background-color":"var(--ast-global-color-4)","background-image":"","background-repeat":"repeat","background-position":"center center","background-size":"auto","background-attachment":"scroll","background-type":"","background-media":"","overlay-type":"","overlay-color":"","overlay-opacity":"","overlay-gradient":""},"tablet":{"background-color":"","background-image":"","background-repeat":"repeat","background-position":"center center","background-size":"auto","background-attachment":"scroll","background-type":"","background-media":"","overlay-type":"","overlay-color":"","overlay-opacity":"","overlay-gradient":""},"mobile":{"background-color":"","background-image":"","background-repeat":"repeat","background-position":"center center","background-size":"auto","background-attachment":"scroll","background-type":"","background-media":"","overlay-type":"","overlay-color":"","overlay-opacity":"","overlay-gradient":""}},"ast-content-background-meta":{"desktop":{"background-color":"var(--ast-global-color-5)","background-image":"","background-repeat":"repeat","background-position":"center center","background-size":"auto","background-attachment":"scroll","background-type":"","background-media":"","overlay-type":"","overlay-color":"","overlay-opacity":"","overlay-gradient":""},"tablet":{"background-color":"var(--ast-global-color-5)","background-image":"","background-repeat":"repeat","background-position":"center center","background-size":"auto","background-attachment":"scroll","background-type":"","background-media":"","overlay-type":"","overlay-color":"","overlay-opacity":"","overlay-gradient":""},"mobile":{"background-color":"var(--ast-global-color-5)","background-image":"","background-repeat":"repeat","background-position":"center center","background-size":"auto","background-attachment":"scroll","background-type":"","background-media":"","overlay-type":"","overlay-color":"","overlay-opacity":"","overlay-gradient":""}},"footnotes":""},"categories":[65,29],"tags":[392,735,740,738,773,672,788],"class_list":["post-15214","post","type-post","status-publish","format-standard","has-post-thumbnail","hentry","category-crp","category-portada","tag-activitats-alumnat","tag-crp-baix-llobregat-vii","tag-crp-martorell","tag-curs-24-25","tag-gust-per-la-lectura","tag-portada","tag-recomanacions-literaries"],"post_mailing_queue_ids":[],"_links":{"self":[{"href":"https:\/\/serveiseducatius.xtec.cat\/baixllobregat7\/wp-json\/wp\/v2\/posts\/15214","targetHints":{"allow":["GET"]}}],"collection":[{"href":"https:\/\/serveiseducatius.xtec.cat\/baixllobregat7\/wp-json\/wp\/v2\/posts"}],"about":[{"href":"https:\/\/serveiseducatius.xtec.cat\/baixllobregat7\/wp-json\/wp\/v2\/types\/post"}],"author":[{"embeddable":true,"href":"https:\/\/serveiseducatius.xtec.cat\/baixllobregat7\/wp-json\/wp\/v2\/users\/1"}],"replies":[{"embeddable":true,"href":"https:\/\/serveiseducatius.xtec.cat\/baixllobregat7\/wp-json\/wp\/v2\/comments?post=15214"}],"version-history":[{"count":1,"href":"https:\/\/serveiseducatius.xtec.cat\/baixllobregat7\/wp-json\/wp\/v2\/posts\/15214\/revisions"}],"predecessor-version":[{"id":15216,"href":"https:\/\/serveiseducatius.xtec.cat\/baixllobregat7\/wp-json\/wp\/v2\/posts\/15214\/revisions\/15216"}],"wp:featuredmedia":[{"embeddable":true,"href":"https:\/\/serveiseducatius.xtec.cat\/baixllobregat7\/wp-json\/wp\/v2\/media\/15215"}],"wp:attachment":[{"href":"https:\/\/serveiseducatius.xtec.cat\/baixllobregat7\/wp-json\/wp\/v2\/media?parent=15214"}],"wp:term":[{"taxonomy":"category","embeddable":true,"href":"https:\/\/serveiseducatius.xtec.cat\/baixllobregat7\/wp-json\/wp\/v2\/categories?post=15214"},{"taxonomy":"post_tag","embeddable":true,"href":"https:\/\/serveiseducatius.xtec.cat\/baixllobregat7\/wp-json\/wp\/v2\/tags?post=15214"}],"curies":[{"name":"wp","href":"https:\/\/api.w.org\/{rel}","templated":true}]}}