{"id":15145,"date":"2025-03-07T09:32:29","date_gmt":"2025-03-07T08:32:29","guid":{"rendered":"https:\/\/serveiseducatius.xtec.cat\/baixllobregat7\/?p=15145"},"modified":"2025-03-11T09:55:34","modified_gmt":"2025-03-11T08:55:34","slug":"7-de-marc-innovacio-i-sostenibilitat-protagonitzen-la-segona-jornada-del-congres-ciencia-a-lescola","status":"publish","type":"post","link":"https:\/\/serveiseducatius.xtec.cat\/baixllobregat7\/portada\/7-de-marc-innovacio-i-sostenibilitat-protagonitzen-la-segona-jornada-del-congres-ciencia-a-lescola\/","title":{"rendered":"7 de mar\u00e7: Innovaci\u00f3 i sostenibilitat protagonitzen la segona jornada del Congr\u00e9s Ci\u00e8ncia a l&#8217;escola"},"content":{"rendered":"<p data-start=\"2060\" data-end=\"2417\"><a href=\"https:\/\/serveiseducatius.xtec.cat\/baixllobregat7\/wp-content\/uploads\/usu1179\/2025\/03\/07.png\"><img loading=\"lazy\" decoding=\"async\" class=\"size-full wp-image-15146 alignleft\" src=\"https:\/\/serveiseducatius.xtec.cat\/baixllobregat7\/wp-content\/uploads\/usu1179\/2025\/03\/07.png\" alt=\"CONGR\u00c9S07 \" width=\"498\" height=\"502\" srcset=\"https:\/\/serveiseducatius.xtec.cat\/baixllobregat7\/wp-content\/uploads\/usu1179\/2025\/03\/07.png 498w, https:\/\/serveiseducatius.xtec.cat\/baixllobregat7\/wp-content\/uploads\/usu1179\/2025\/03\/07-298x300.png 298w, https:\/\/serveiseducatius.xtec.cat\/baixllobregat7\/wp-content\/uploads\/usu1179\/2025\/03\/07-150x150.png 150w\" sizes=\"auto, (max-width: 498px) 100vw, 498px\" \/><\/a>El segon dia del Congr\u00e9s de Ci\u00e8ncia a l&#8217;escola 2025 ha posat el focus en la innovaci\u00f3 i la sostenibilitat, amb la presentaci\u00f3 de sis projectes de gran impacte. L\u2019<a href=\"https:\/\/agora.xtec.cat\/ceip-puigventos\/\" target=\"_blank\" rel=\"noopener\">escola Puigvent\u00f3s<\/a> d&#8217;Olesa de Montserrat ha exposat <strong data-start=\"2224\" data-end=\"2269\">&#8220;Bici-B\u00fas. Mitj\u00e0 de transport de les ODS&#8221;<\/strong>, un treball sobre mobilitat sostenible, mentre que l&#8217;<a href=\"https:\/\/agora.xtec.cat\/ceipsab\/pagines-dinici\/\" target=\"_blank\" rel=\"noopener\">escola Sant Andreu de la Barca<\/a> ha compartit el seu projecte d&#8217;implicaci\u00f3 en la gesti\u00f3 de residus <strong data-start=\"2392\" data-end=\"2414\">&#8220;La petjada verda&#8221;, <\/strong>una experi\u00e8ncia que contribueix a millorar l&#8217;entorn natural proper i que forma part del projecte<a href=\"http:\/\/serveiseducatius.xtec.cat\/baixllobregat7\/general\/organitza-una-accio-lets-clean-up-2025\/\" target=\"_blank\" rel=\"noopener\"> Let\u2019s Clean Up Europe!<\/a><\/p>\n<p data-start=\"2419\" data-end=\"2839\">Tamb\u00e9 s\u2019ha parlat de ci\u00e8ncia aplicada amb <strong data-start=\"2461\" data-end=\"2482\">&#8220;Com \u00e9s l\u2019aigua?&#8221;<\/strong> del <a href=\"https:\/\/sites.google.com\/xtec.cat\/elpontarro\" target=\"_blank\" rel=\"noopener\">CEE El Pontarr\u00f3<\/a> i d\u2019astronomia amb <strong data-start=\"2522\" data-end=\"2560\">&#8220;Qu\u00e8 hi ha m\u00e9s enll\u00e0 de la Terra?&#8221;<\/strong> de l\u2019<a href=\"https:\/\/agora.xtec.cat\/ceip-v-aleixandre\/\" target=\"_blank\" rel=\"noopener\">escola Vicente Aleixandre<\/a>. Els m\u00e9s petits han fet les seves primeres passes en la investigaci\u00f3 cient\u00edfica amb <strong data-start=\"2676\" data-end=\"2699\">&#8220;Petits cient\u00edfics&#8221;<\/strong> de l\u2019<a href=\"https:\/\/agora.xtec.cat\/ceip-jrj\/\" target=\"_blank\" rel=\"noopener\">escola Juan Ram\u00f3n Jim\u00e9nez<\/a>, mentre que l<a href=\"https:\/\/agora.xtec.cat\/escolalaroureda\/\" target=\"_blank\" rel=\"noopener\">&#8216;escola La Roureda<\/a> de Sant Esteve Sesrovires ha aprofundit en el funcionament del cos hum\u00e0 amb <strong data-start=\"2813\" data-end=\"2836\">&#8220;la funci\u00f3 de relaci\u00f3 del sistema nervi\u00f3s&#8221;<\/strong>.<\/p>\n<p data-start=\"2841\" data-end=\"3018\">Amb un p\u00fablic encuriosit, fascinat pels experiments sobre l&#8217;escenari i les presentacions originals d&#8217;una gran qualitat expositiva s&#8217;ha concl\u00f2s la jornada amb el lliurament de diplomes, tancant aix\u00ed una edici\u00f3 inspiradora del Congr\u00e9s Ci\u00e8ncia a l&#8217;Escola.<\/p>\n","protected":false},"excerpt":{"rendered":"<p>El segon dia del Congr\u00e9s de Ci\u00e8ncia a l&#8217;escola 2025 ha posat el focus en la innovaci\u00f3 i la sostenibilitat, amb la presentaci\u00f3 de sis projectes de gran impacte. L\u2019escola Puigvent\u00f3s d&#8217;Olesa de Montserrat ha exposat &#8220;Bici-B\u00fas. Mitj\u00e0 de transport de les ODS&#8221;, un treball sobre mobilitat sostenible, mentre que l&#8217;escola Sant Andreu de la [&hellip;]<\/p>\n","protected":false},"author":1,"featured_media":15146,"comment_status":"closed","ping_status":"closed","sticky":false,"template":"","format":"standard","meta":{"_bbp_topic_count":0,"_bbp_reply_count":0,"_bbp_total_topic_count":0,"_bbp_total_reply_count":0,"_bbp_voice_count":0,"_bbp_anonymous_reply_count":0,"_bbp_topic_count_hidden":0,"_bbp_reply_count_hidden":0,"_bbp_forum_subforum_count":0,"site-sidebar-layout":"default","site-content-layout":"","ast-site-content-layout":"","site-content-style":"default","site-sidebar-style":"default","ast-global-header-display":"","ast-banner-title-visibility":"","ast-main-header-display":"","ast-hfb-above-header-display":"","ast-hfb-below-header-display":"","ast-hfb-mobile-header-display":"","site-post-title":"","ast-breadcrumbs-content":"","ast-featured-img":"","footer-sml-layout":"","theme-transparent-header-meta":"","adv-header-id-meta":"","stick-header-meta":"","header-above-stick-meta":"","header-main-stick-meta":"","header-below-stick-meta":"","astra-migrate-meta-layouts":"default","ast-page-background-enabled":"default","ast-page-background-meta":{"desktop":{"background-color":"var(--ast-global-color-4)","background-image":"","background-repeat":"repeat","background-position":"center center","background-size":"auto","background-attachment":"scroll","background-type":"","background-media":"","overlay-type":"","overlay-color":"","overlay-opacity":"","overlay-gradient":""},"tablet":{"background-color":"","background-image":"","background-repeat":"repeat","background-position":"center center","background-size":"auto","background-attachment":"scroll","background-type":"","background-media":"","overlay-type":"","overlay-color":"","overlay-opacity":"","overlay-gradient":""},"mobile":{"background-color":"","background-image":"","background-repeat":"repeat","background-position":"center center","background-size":"auto","background-attachment":"scroll","background-type":"","background-media":"","overlay-type":"","overlay-color":"","overlay-opacity":"","overlay-gradient":""}},"ast-content-background-meta":{"desktop":{"background-color":"var(--ast-global-color-5)","background-image":"","background-repeat":"repeat","background-position":"center center","background-size":"auto","background-attachment":"scroll","background-type":"","background-media":"","overlay-type":"","overlay-color":"","overlay-opacity":"","overlay-gradient":""},"tablet":{"background-color":"var(--ast-global-color-5)","background-image":"","background-repeat":"repeat","background-position":"center center","background-size":"auto","background-attachment":"scroll","background-type":"","background-media":"","overlay-type":"","overlay-color":"","overlay-opacity":"","overlay-gradient":""},"mobile":{"background-color":"var(--ast-global-color-5)","background-image":"","background-repeat":"repeat","background-position":"center center","background-size":"auto","background-attachment":"scroll","background-type":"","background-media":"","overlay-type":"","overlay-color":"","overlay-opacity":"","overlay-gradient":""}},"footnotes":""},"categories":[287,65,66,29],"tags":[746,735,740,738,672],"class_list":["post-15145","post","type-post","status-publish","format-standard","has-post-thumbnail","hentry","category-congres-de-ciencia","category-crp","category-dinamitzacio","category-portada","tag-congres-ciencies","tag-crp-baix-llobregat-vii","tag-crp-martorell","tag-curs-24-25","tag-portada"],"post_mailing_queue_ids":[],"_links":{"self":[{"href":"https:\/\/serveiseducatius.xtec.cat\/baixllobregat7\/wp-json\/wp\/v2\/posts\/15145","targetHints":{"allow":["GET"]}}],"collection":[{"href":"https:\/\/serveiseducatius.xtec.cat\/baixllobregat7\/wp-json\/wp\/v2\/posts"}],"about":[{"href":"https:\/\/serveiseducatius.xtec.cat\/baixllobregat7\/wp-json\/wp\/v2\/types\/post"}],"author":[{"embeddable":true,"href":"https:\/\/serveiseducatius.xtec.cat\/baixllobregat7\/wp-json\/wp\/v2\/users\/1"}],"replies":[{"embeddable":true,"href":"https:\/\/serveiseducatius.xtec.cat\/baixllobregat7\/wp-json\/wp\/v2\/comments?post=15145"}],"version-history":[{"count":2,"href":"https:\/\/serveiseducatius.xtec.cat\/baixllobregat7\/wp-json\/wp\/v2\/posts\/15145\/revisions"}],"predecessor-version":[{"id":15148,"href":"https:\/\/serveiseducatius.xtec.cat\/baixllobregat7\/wp-json\/wp\/v2\/posts\/15145\/revisions\/15148"}],"wp:featuredmedia":[{"embeddable":true,"href":"https:\/\/serveiseducatius.xtec.cat\/baixllobregat7\/wp-json\/wp\/v2\/media\/15146"}],"wp:attachment":[{"href":"https:\/\/serveiseducatius.xtec.cat\/baixllobregat7\/wp-json\/wp\/v2\/media?parent=15145"}],"wp:term":[{"taxonomy":"category","embeddable":true,"href":"https:\/\/serveiseducatius.xtec.cat\/baixllobregat7\/wp-json\/wp\/v2\/categories?post=15145"},{"taxonomy":"post_tag","embeddable":true,"href":"https:\/\/serveiseducatius.xtec.cat\/baixllobregat7\/wp-json\/wp\/v2\/tags?post=15145"}],"curies":[{"name":"wp","href":"https:\/\/api.w.org\/{rel}","templated":true}]}}