{"id":15124,"date":"2025-03-05T10:00:24","date_gmt":"2025-03-05T09:00:24","guid":{"rendered":"https:\/\/serveiseducatius.xtec.cat\/baixllobregat7\/?p=15124"},"modified":"2025-03-05T10:05:13","modified_gmt":"2025-03-05T09:05:13","slug":"dia-internacional-de-les-dones-8-de-marc-2025","status":"publish","type":"post","link":"https:\/\/serveiseducatius.xtec.cat\/baixllobregat7\/portada\/dia-internacional-de-les-dones-8-de-marc-2025\/","title":{"rendered":"Dia Internacional de les Dones \u2013 8 de mar\u00e7 2025"},"content":{"rendered":"<p><a href=\"https:\/\/serveiseducatius.xtec.cat\/baixllobregat7\/wp-content\/uploads\/usu1179\/2025\/03\/8marc.jpg\" target=\"_blank\" rel=\"noopener\"><img loading=\"lazy\" decoding=\"async\" class=\"aligncenter wp-image-15125\" src=\"https:\/\/serveiseducatius.xtec.cat\/baixllobregat7\/wp-content\/uploads\/usu1179\/2025\/03\/8marc.jpg\" alt=\"\" width=\"555\" height=\"218\" srcset=\"https:\/\/serveiseducatius.xtec.cat\/baixllobregat7\/wp-content\/uploads\/usu1179\/2025\/03\/8marc.jpg 889w, https:\/\/serveiseducatius.xtec.cat\/baixllobregat7\/wp-content\/uploads\/usu1179\/2025\/03\/8marc-300x118.jpg 300w, https:\/\/serveiseducatius.xtec.cat\/baixllobregat7\/wp-content\/uploads\/usu1179\/2025\/03\/8marc-768x301.jpg 768w\" sizes=\"auto, (max-width: 555px) 100vw, 555px\" \/><\/a><\/p>\n<p>Des del Departament d\u2019Educaci\u00f3 i Formaci\u00f3 Professional el dia 8 de mar\u00e7,\u00a0<b><a href=\"https:\/\/xtec.gencat.cat\/ca\/centres\/celebracions\/2025\/dia-internacional-de-les-dones\/#bloc1_54c5f8b0-e9fe-11ef-99c0-005056ba51b2\" target=\"_blank\" rel=\"noopener\" data-saferedirecturl=\"https:\/\/www.google.com\/url?q=https:\/\/xtec.gencat.cat\/ca\/centres\/celebracions\/2025\/dia-internacional-de-les-dones\/%23bloc1_54c5f8b0-e9fe-11ef-99c0-005056ba51b2&amp;source=gmail&amp;ust=1741246194291000&amp;usg=AOvVaw16Zirl2YD3_LIbwtlXlRwJ\">Dia Internacional de les Dones<\/a><\/b>, ens sumem al missatge d\u2019<b><a href=\"https:\/\/www.unwomen.org\/en\" target=\"_blank\" rel=\"noopener\"><span style=\"color: #9900ff;\">ONU Dones<\/span><\/a><span style=\"color: #000000;\">:<\/span><\/b>\u00a0<i>Per a les dones i nenes en tota la diversitat. Drets, igualtat i empoderament.<\/i>\u00a0i proposem activitats per sensibilitzar l\u2019alumnat i tota la comunitat educativa sobre els drets\u00a0de\u00a0les dones i la necessitat\u00a0de\u00a0treballar per a un futur en qu\u00e8 sigui important la cura personal, col\u00b7lectiva i mediambiental.<\/p>\n<p><!--more--><\/p>\n<p style=\"font-weight: 400;\">Ens comprometem:<\/p>\n<ul>\n<li style=\"font-weight: 400;\">A fomentar els drets de les nenes i dones, combatent tota forma de viol\u00e8ncia, discriminaci\u00f3<\/li>\n<li style=\"font-weight: 400;\">A promocionar la igualtat de g\u00e8nere, visibilitzant els sabers de les dones, desmantellant el patriarcat<\/li>\n<li style=\"font-weight: 400;\">A impulsar l\u2019empoderament de les nenes i dones. Per aix\u00f2 cal garantir l&#8217;acc\u00e9s\u00a0\u00a0inclusiu a l\u2019educaci\u00f3, l\u2019ocupaci\u00f3 i els espais de presa de decisions, de manera que les nenes, noies i dones puguin liderar i innovar<\/li>\n<li style=\"font-weight: 400;\">A promoure la salut i el benestar de les alumnes mitjan\u00e7ant la igualtat de g\u00e8nere i l\u2019educaci\u00f3 afectivosexual, fomentant relacions saludables, respectuoses i lliures de viol\u00e8ncia per garantir una societat m\u00e9s justa i equitativa<\/li>\n<\/ul>\n<p style=\"font-weight: 400;\">Al seg\u00fcent enlla\u00e7 podreu trobar\u00a0<a href=\"https:\/\/xtec.gencat.cat\/ca\/centres\/celebracions\/2025\/dia-internacional-de-les-dones\/#bloc1_54c5f8b0-e9fe-11ef-99c0-005056ba51b2\" data-saferedirecturl=\"https:\/\/www.google.com\/url?q=https:\/\/xtec.gencat.cat\/ca\/centres\/celebracions\/2025\/dia-internacional-de-les-dones\/%23bloc1_54c5f8b0-e9fe-11ef-99c0-005056ba51b2&amp;source=gmail&amp;ust=1741246194291000&amp;usg=AOvVaw16Zirl2YD3_LIbwtlXlRwJ\">recursos a XTEC<\/a>\u00a0per treballar amb l\u2019alumnat.<\/p>\n<p style=\"font-weight: 400;\">Institut Catal\u00e0\u00a0de\u00a0les Dones:\u00a0<a href=\"https:\/\/dones.gencat.cat\/ca\/detalls\/Article\/origen_dia_internacional\" data-saferedirecturl=\"https:\/\/www.google.com\/url?q=https:\/\/dones.gencat.cat\/ca\/detalls\/Article\/origen_dia_internacional&amp;source=gmail&amp;ust=1741246194291000&amp;usg=AOvVaw3EiGST72GkW-vLdstSiMAW\">Origen del Dia Internacional\u00a0de\u00a0les Dones<\/a><\/p>\n","protected":false},"excerpt":{"rendered":"<p>Des del Departament d\u2019Educaci\u00f3 i Formaci\u00f3 Professional el dia 8 de mar\u00e7,\u00a0Dia Internacional de les Dones, ens sumem al missatge d\u2019ONU Dones:\u00a0Per a les dones i nenes en tota la diversitat. Drets, igualtat i empoderament.\u00a0i proposem activitats per sensibilitzar l\u2019alumnat i tota la comunitat educativa sobre els drets\u00a0de\u00a0les dones i la necessitat\u00a0de\u00a0treballar per a un [&hellip;]<\/p>\n","protected":false},"author":1,"featured_media":15125,"comment_status":"closed","ping_status":"closed","sticky":false,"template":"","format":"standard","meta":{"_bbp_topic_count":0,"_bbp_reply_count":0,"_bbp_total_topic_count":0,"_bbp_total_reply_count":0,"_bbp_voice_count":0,"_bbp_anonymous_reply_count":0,"_bbp_topic_count_hidden":0,"_bbp_reply_count_hidden":0,"_bbp_forum_subforum_count":0,"site-sidebar-layout":"default","site-content-layout":"","ast-site-content-layout":"","site-content-style":"default","site-sidebar-style":"default","ast-global-header-display":"","ast-banner-title-visibility":"","ast-main-header-display":"","ast-hfb-above-header-display":"","ast-hfb-below-header-display":"","ast-hfb-mobile-header-display":"","site-post-title":"","ast-breadcrumbs-content":"","ast-featured-img":"","footer-sml-layout":"","theme-transparent-header-meta":"","adv-header-id-meta":"","stick-header-meta":"","header-above-stick-meta":"","header-main-stick-meta":"","header-below-stick-meta":"","astra-migrate-meta-layouts":"default","ast-page-background-enabled":"default","ast-page-background-meta":{"desktop":{"background-color":"var(--ast-global-color-4)","background-image":"","background-repeat":"repeat","background-position":"center center","background-size":"auto","background-attachment":"scroll","background-type":"","background-media":"","overlay-type":"","overlay-color":"","overlay-opacity":"","overlay-gradient":""},"tablet":{"background-color":"","background-image":"","background-repeat":"repeat","background-position":"center center","background-size":"auto","background-attachment":"scroll","background-type":"","background-media":"","overlay-type":"","overlay-color":"","overlay-opacity":"","overlay-gradient":""},"mobile":{"background-color":"","background-image":"","background-repeat":"repeat","background-position":"center center","background-size":"auto","background-attachment":"scroll","background-type":"","background-media":"","overlay-type":"","overlay-color":"","overlay-opacity":"","overlay-gradient":""}},"ast-content-background-meta":{"desktop":{"background-color":"var(--ast-global-color-5)","background-image":"","background-repeat":"repeat","background-position":"center center","background-size":"auto","background-attachment":"scroll","background-type":"","background-media":"","overlay-type":"","overlay-color":"","overlay-opacity":"","overlay-gradient":""},"tablet":{"background-color":"var(--ast-global-color-5)","background-image":"","background-repeat":"repeat","background-position":"center center","background-size":"auto","background-attachment":"scroll","background-type":"","background-media":"","overlay-type":"","overlay-color":"","overlay-opacity":"","overlay-gradient":""},"mobile":{"background-color":"var(--ast-global-color-5)","background-image":"","background-repeat":"repeat","background-position":"center center","background-size":"auto","background-attachment":"scroll","background-type":"","background-media":"","overlay-type":"","overlay-color":"","overlay-opacity":"","overlay-gradient":""}},"footnotes":""},"categories":[29],"tags":[328,735,740],"class_list":["post-15124","post","type-post","status-publish","format-standard","has-post-thumbnail","hentry","category-portada","tag-coeducacio","tag-crp-baix-llobregat-vii","tag-crp-martorell"],"post_mailing_queue_ids":[],"_links":{"self":[{"href":"https:\/\/serveiseducatius.xtec.cat\/baixllobregat7\/wp-json\/wp\/v2\/posts\/15124","targetHints":{"allow":["GET"]}}],"collection":[{"href":"https:\/\/serveiseducatius.xtec.cat\/baixllobregat7\/wp-json\/wp\/v2\/posts"}],"about":[{"href":"https:\/\/serveiseducatius.xtec.cat\/baixllobregat7\/wp-json\/wp\/v2\/types\/post"}],"author":[{"embeddable":true,"href":"https:\/\/serveiseducatius.xtec.cat\/baixllobregat7\/wp-json\/wp\/v2\/users\/1"}],"replies":[{"embeddable":true,"href":"https:\/\/serveiseducatius.xtec.cat\/baixllobregat7\/wp-json\/wp\/v2\/comments?post=15124"}],"version-history":[{"count":2,"href":"https:\/\/serveiseducatius.xtec.cat\/baixllobregat7\/wp-json\/wp\/v2\/posts\/15124\/revisions"}],"predecessor-version":[{"id":15127,"href":"https:\/\/serveiseducatius.xtec.cat\/baixllobregat7\/wp-json\/wp\/v2\/posts\/15124\/revisions\/15127"}],"wp:featuredmedia":[{"embeddable":true,"href":"https:\/\/serveiseducatius.xtec.cat\/baixllobregat7\/wp-json\/wp\/v2\/media\/15125"}],"wp:attachment":[{"href":"https:\/\/serveiseducatius.xtec.cat\/baixllobregat7\/wp-json\/wp\/v2\/media?parent=15124"}],"wp:term":[{"taxonomy":"category","embeddable":true,"href":"https:\/\/serveiseducatius.xtec.cat\/baixllobregat7\/wp-json\/wp\/v2\/categories?post=15124"},{"taxonomy":"post_tag","embeddable":true,"href":"https:\/\/serveiseducatius.xtec.cat\/baixllobregat7\/wp-json\/wp\/v2\/tags?post=15124"}],"curies":[{"name":"wp","href":"https:\/\/api.w.org\/{rel}","templated":true}]}}