{"id":15046,"date":"2025-02-12T09:23:48","date_gmt":"2025-02-12T08:23:48","guid":{"rendered":"https:\/\/serveiseducatius.xtec.cat\/baixllobregat7\/?p=15046"},"modified":"2025-02-12T11:48:00","modified_gmt":"2025-02-12T10:48:00","slug":"i-fira-fp-del-baix-llobregat","status":"publish","type":"post","link":"https:\/\/serveiseducatius.xtec.cat\/baixllobregat7\/general\/i-fira-fp-del-baix-llobregat\/","title":{"rendered":"I Fira FP del Baix Llobregat"},"content":{"rendered":"<p><span style=\"font-weight: 400;\"><a href=\"https:\/\/firafpbaixllobregat.cat\/que-es-la-fira\/\" target=\"_blank\" rel=\"noopener\"><img loading=\"lazy\" decoding=\"async\" class=\"aligncenter size-medium wp-image-14996\" src=\"https:\/\/serveiseducatius.xtec.cat\/baixllobregat7\/wp-content\/uploads\/usu1179\/2025\/01\/cartell_firafp_final03-240x300.jpg\" alt=\"\" width=\"240\" height=\"300\" srcset=\"https:\/\/serveiseducatius.xtec.cat\/baixllobregat7\/wp-content\/uploads\/usu1179\/2025\/01\/cartell_firafp_final03-240x300.jpg 240w, https:\/\/serveiseducatius.xtec.cat\/baixllobregat7\/wp-content\/uploads\/usu1179\/2025\/01\/cartell_firafp_final03-819x1024.jpg 819w, https:\/\/serveiseducatius.xtec.cat\/baixllobregat7\/wp-content\/uploads\/usu1179\/2025\/01\/cartell_firafp_final03-768x960.jpg 768w, https:\/\/serveiseducatius.xtec.cat\/baixllobregat7\/wp-content\/uploads\/usu1179\/2025\/01\/cartell_firafp_final03.jpg 1000w\" sizes=\"auto, (max-width: 240px) 100vw, 240px\" \/><\/a><\/span><\/p>\n<p><span style=\"font-weight: 400;\">La<\/span><b> I Fira de la Formaci\u00f3 Professional del Baix Llobregat<\/b><span style=\"font-weight: 400;\">, celebrada del 5 al 7 de febrer a l&#8217;espai C\u00fabic de Viladecans, ha estat un esdeveniment de gran rellev\u00e0ncia per a la formaci\u00f3 professional i l&#8217;orientaci\u00f3 educativa a la comarca. <\/span><!--more--><\/p>\n<p><span style=\"font-weight: 400;\">Organitzada pels Serveis Territorials d\u2019Educaci\u00f3 i Formaci\u00f3 Professional del Baix Llobregat, amb la co-organitzaci\u00f3 de la Cambra de Comer\u00e7 de Barcelona del Baix Llobregat i l\u2019Ajuntament de Viladecans, la fira ha aconseguit reunir un gran nombre de formadors i formadores, alumnes, empreses i institucions, amb l&#8217;objectiu d&#8217;explorar les diferents sortides laborals que ofereix la formaci\u00f3 professional.<\/span><\/p>\n<p><span style=\"font-weight: 400;\">Un dels aspectes m\u00e9s destacats de la fira ha estat la seva oferta d&#8217;activitats, especialment orientades als professionals de l\u2019orientaci\u00f3 educativa. Les pon\u00e8ncies a c\u00e0rrec de Miquel Sol\u00e9 Sanabra sobre &#8220;L&#8217;orientaci\u00f3 educativa i la FP&#8221; i la xerrada sobre les eines per a l\u2019orientaci\u00f3 &#8220;Tria Educativa&#8221;, han proporcionat coneixements valuosos sobre les possibilitats que ofereix la formaci\u00f3 professional en el context actual. La taula rodona, que va comptar amb la participaci\u00f3 de representants de l&#8217;Ajuntament, empreses i l&#8217;oficina del treball, va ser tamb\u00e9 un espai fonamental per establir connexions entre diferents actors del sector.<\/span><\/p>\n<p><a href=\"https:\/\/serveiseducatius.xtec.cat\/baixllobregat7\/wp-content\/uploads\/usu1179\/2025\/02\/Captura-de-pantalla-2025-02-12-092135.png\"><img loading=\"lazy\" decoding=\"async\" class=\"aligncenter size-medium wp-image-15059\" src=\"https:\/\/serveiseducatius.xtec.cat\/baixllobregat7\/wp-content\/uploads\/usu1179\/2025\/02\/Captura-de-pantalla-2025-02-12-092135-300x300.png\" alt=\"\" width=\"300\" height=\"300\" srcset=\"https:\/\/serveiseducatius.xtec.cat\/baixllobregat7\/wp-content\/uploads\/usu1179\/2025\/02\/Captura-de-pantalla-2025-02-12-092135-300x300.png 300w, https:\/\/serveiseducatius.xtec.cat\/baixllobregat7\/wp-content\/uploads\/usu1179\/2025\/02\/Captura-de-pantalla-2025-02-12-092135-150x150.png 150w, https:\/\/serveiseducatius.xtec.cat\/baixllobregat7\/wp-content\/uploads\/usu1179\/2025\/02\/Captura-de-pantalla-2025-02-12-092135-768x771.png 768w, https:\/\/serveiseducatius.xtec.cat\/baixllobregat7\/wp-content\/uploads\/usu1179\/2025\/02\/Captura-de-pantalla-2025-02-12-092135.png 775w\" sizes=\"auto, (max-width: 300px) 100vw, 300px\" \/><\/a><\/p>\n<p><span style=\"font-weight: 400;\">Un dels elements m\u00e9s destacats de la taula rodona va ser la presentaci\u00f3 del marc normatiu de la formaci\u00f3 professional, que inclou aspectes com l\u2019acreditaci\u00f3 de compet\u00e8ncies, la formaci\u00f3 ocupacional cont\u00ednua i transversal, i la import\u00e0ncia de la captaci\u00f3 de talent. Es va subratllar tamb\u00e9 que el futur professional gira entorn la qualitat, la sostenibilitat i la connectivitat de les xarxes de formaci\u00f3 i ocupaci\u00f3. Tot i aix\u00ed, encara tenim molt recorregut per construir l\u2019oferta formativa per la inclusi\u00f3 d&#8217;alumnat amb capacitats diverses, ja que actualment hi ha poca oferta de cursos, certificats professionals i projectes singulars per a persones amb reconeixement del 33% (CAD).<\/span><\/p>\n<p><span style=\"font-weight: 400;\">Pel que fa a la plataforma <\/span><i><span style=\"font-weight: 400;\">Tria Educativa<\/span><\/i><span style=\"font-weight: 400;\">, es va destacar la possibilitat de canviar d&#8217;idioma i les opcions d\u2019homologaci\u00f3. Tamb\u00e9 es va fer \u00e8mfasi en l&#8217;afinitat entre les fam\u00edlies professionals, amb una ponderaci\u00f3 de la nota d&#8217;acc\u00e9s per a aquells que continuen dins de la mateixa fam\u00edlia. Aix\u00ed mateix, es va informar sobre la possibilitat de canviar entre fam\u00edlies segons la nota obtinguda, una mesura que afavoreix la flexibilitat i l&#8217;adaptaci\u00f3 a les necessitats de l\u2019alumnat.<\/span><\/p>\n<p><span style=\"font-weight: 400;\">Per als i les alumnes i les seves fam\u00edlies, la fira va oferir una \u00e0mplia gamma d\u2019informaci\u00f3 pr\u00e0ctica i te\u00f2rica sobre 23 fam\u00edlies professionals de Formaci\u00f3 Professional, aix\u00ed com la pres\u00e8ncia de nombroses empreses vinculades a diferents sectors econ\u00f2mics. A m\u00e9s, les persones assistents van poder con\u00e8ixer els serveis del Servei d\u2019Ocupaci\u00f3 P\u00fablic de Catalunya i de l\u2019Ajuntament de Viladecans, que van oferir orientaci\u00f3 sobre les oportunitats formatives i les certificacions professionals.<\/span><\/p>\n<p><a href=\"https:\/\/serveiseducatius.xtec.cat\/baixllobregat7\/wp-content\/uploads\/usu1179\/2025\/02\/Captura-de-pantalla-2025-02-12-092241.png\"><img loading=\"lazy\" decoding=\"async\" class=\"aligncenter size-medium wp-image-15060\" src=\"https:\/\/serveiseducatius.xtec.cat\/baixllobregat7\/wp-content\/uploads\/usu1179\/2025\/02\/Captura-de-pantalla-2025-02-12-092241-300x300.png\" alt=\"\" width=\"300\" height=\"300\" srcset=\"https:\/\/serveiseducatius.xtec.cat\/baixllobregat7\/wp-content\/uploads\/usu1179\/2025\/02\/Captura-de-pantalla-2025-02-12-092241-300x300.png 300w, https:\/\/serveiseducatius.xtec.cat\/baixllobregat7\/wp-content\/uploads\/usu1179\/2025\/02\/Captura-de-pantalla-2025-02-12-092241-150x150.png 150w, https:\/\/serveiseducatius.xtec.cat\/baixllobregat7\/wp-content\/uploads\/usu1179\/2025\/02\/Captura-de-pantalla-2025-02-12-092241-768x768.png 768w, https:\/\/serveiseducatius.xtec.cat\/baixllobregat7\/wp-content\/uploads\/usu1179\/2025\/02\/Captura-de-pantalla-2025-02-12-092241.png 778w\" sizes=\"auto, (max-width: 300px) 100vw, 300px\" \/><\/a><\/p>\n<p><span style=\"font-weight: 400;\">En resum, la I Fira de la Formaci\u00f3 Professional del Baix Llobregat ha estat una plataforma molt \u00fatil per a totes les persones implicades en el m\u00f3n de la formaci\u00f3 professional. Amb l\u2019orientaci\u00f3 adequada, la pres\u00e8ncia d&#8217;empreses del sector i l\u2019intercanvi d\u2019experi\u00e8ncies entre institucions, aquest esdeveniment ha aconseguit posar de manifest la import\u00e0ncia d\u2019aquesta via educativa per al futur professional dels joves.<\/span><\/p>\n","protected":false},"excerpt":{"rendered":"<p>La I Fira de la Formaci\u00f3 Professional del Baix Llobregat, celebrada del 5 al 7 de febrer a l&#8217;espai C\u00fabic de Viladecans, ha estat un esdeveniment de gran rellev\u00e0ncia per a la formaci\u00f3 professional i l&#8217;orientaci\u00f3 educativa a la comarca.<\/p>\n","protected":false},"author":1,"featured_media":14996,"comment_status":"closed","ping_status":"closed","sticky":false,"template":"","format":"standard","meta":{"_bbp_topic_count":0,"_bbp_reply_count":0,"_bbp_total_topic_count":0,"_bbp_total_reply_count":0,"_bbp_voice_count":0,"_bbp_anonymous_reply_count":0,"_bbp_topic_count_hidden":0,"_bbp_reply_count_hidden":0,"_bbp_forum_subforum_count":0,"site-sidebar-layout":"default","site-content-layout":"","ast-site-content-layout":"","site-content-style":"default","site-sidebar-style":"default","ast-global-header-display":"","ast-banner-title-visibility":"","ast-main-header-display":"","ast-hfb-above-header-display":"","ast-hfb-below-header-display":"","ast-hfb-mobile-header-display":"","site-post-title":"","ast-breadcrumbs-content":"","ast-featured-img":"","footer-sml-layout":"","theme-transparent-header-meta":"","adv-header-id-meta":"","stick-header-meta":"","header-above-stick-meta":"","header-main-stick-meta":"","header-below-stick-meta":"","astra-migrate-meta-layouts":"default","ast-page-background-enabled":"default","ast-page-background-meta":{"desktop":{"background-color":"var(--ast-global-color-4)","background-image":"","background-repeat":"repeat","background-position":"center center","background-size":"auto","background-attachment":"scroll","background-type":"","background-media":"","overlay-type":"","overlay-color":"","overlay-opacity":"","overlay-gradient":""},"tablet":{"background-color":"","background-image":"","background-repeat":"repeat","background-position":"center center","background-size":"auto","background-attachment":"scroll","background-type":"","background-media":"","overlay-type":"","overlay-color":"","overlay-opacity":"","overlay-gradient":""},"mobile":{"background-color":"","background-image":"","background-repeat":"repeat","background-position":"center center","background-size":"auto","background-attachment":"scroll","background-type":"","background-media":"","overlay-type":"","overlay-color":"","overlay-opacity":"","overlay-gradient":""}},"ast-content-background-meta":{"desktop":{"background-color":"var(--ast-global-color-5)","background-image":"","background-repeat":"repeat","background-position":"center center","background-size":"auto","background-attachment":"scroll","background-type":"","background-media":"","overlay-type":"","overlay-color":"","overlay-opacity":"","overlay-gradient":""},"tablet":{"background-color":"var(--ast-global-color-5)","background-image":"","background-repeat":"repeat","background-position":"center center","background-size":"auto","background-attachment":"scroll","background-type":"","background-media":"","overlay-type":"","overlay-color":"","overlay-opacity":"","overlay-gradient":""},"mobile":{"background-color":"var(--ast-global-color-5)","background-image":"","background-repeat":"repeat","background-position":"center center","background-size":"auto","background-attachment":"scroll","background-type":"","background-media":"","overlay-type":"","overlay-color":"","overlay-opacity":"","overlay-gradient":""}},"footnotes":""},"categories":[1,29],"tags":[789,735,740,461],"class_list":["post-15046","post","type-post","status-publish","format-standard","has-post-thumbnail","hentry","category-general","category-portada","tag-crp","tag-crp-baix-llobregat-vii","tag-crp-martorell","tag-fp"],"post_mailing_queue_ids":[],"_links":{"self":[{"href":"https:\/\/serveiseducatius.xtec.cat\/baixllobregat7\/wp-json\/wp\/v2\/posts\/15046","targetHints":{"allow":["GET"]}}],"collection":[{"href":"https:\/\/serveiseducatius.xtec.cat\/baixllobregat7\/wp-json\/wp\/v2\/posts"}],"about":[{"href":"https:\/\/serveiseducatius.xtec.cat\/baixllobregat7\/wp-json\/wp\/v2\/types\/post"}],"author":[{"embeddable":true,"href":"https:\/\/serveiseducatius.xtec.cat\/baixllobregat7\/wp-json\/wp\/v2\/users\/1"}],"replies":[{"embeddable":true,"href":"https:\/\/serveiseducatius.xtec.cat\/baixllobregat7\/wp-json\/wp\/v2\/comments?post=15046"}],"version-history":[{"count":1,"href":"https:\/\/serveiseducatius.xtec.cat\/baixllobregat7\/wp-json\/wp\/v2\/posts\/15046\/revisions"}],"predecessor-version":[{"id":15061,"href":"https:\/\/serveiseducatius.xtec.cat\/baixllobregat7\/wp-json\/wp\/v2\/posts\/15046\/revisions\/15061"}],"wp:featuredmedia":[{"embeddable":true,"href":"https:\/\/serveiseducatius.xtec.cat\/baixllobregat7\/wp-json\/wp\/v2\/media\/14996"}],"wp:attachment":[{"href":"https:\/\/serveiseducatius.xtec.cat\/baixllobregat7\/wp-json\/wp\/v2\/media?parent=15046"}],"wp:term":[{"taxonomy":"category","embeddable":true,"href":"https:\/\/serveiseducatius.xtec.cat\/baixllobregat7\/wp-json\/wp\/v2\/categories?post=15046"},{"taxonomy":"post_tag","embeddable":true,"href":"https:\/\/serveiseducatius.xtec.cat\/baixllobregat7\/wp-json\/wp\/v2\/tags?post=15046"}],"curies":[{"name":"wp","href":"https:\/\/api.w.org\/{rel}","templated":true}]}}