{"id":15003,"date":"2025-01-22T09:20:46","date_gmt":"2025-01-22T08:20:46","guid":{"rendered":"https:\/\/serveiseducatius.xtec.cat\/baixllobregat7\/?p=15003"},"modified":"2025-01-22T09:26:56","modified_gmt":"2025-01-22T08:26:56","slug":"activitats-formatives-gratuites-ice-uab","status":"publish","type":"post","link":"https:\/\/serveiseducatius.xtec.cat\/baixllobregat7\/general\/activitats-formatives-gratuites-ice-uab\/","title":{"rendered":"Activitats formatives gratu\u00eftes ICE UAB"},"content":{"rendered":"<div class=\"gmail_attr\" dir=\"ltr\">Us informem de dues propostes pedag\u00f2giques del ICE de la Universitat Aut\u00f2noma de Barcelona, que es realitzaran properament i que pensem que poden ser del vostre inter\u00e8s.<\/div>\n<div dir=\"ltr\"><\/div>\n<div class=\"gmail_attr\" dir=\"ltr\">La primera proposta, creada conjuntament amb l&#8217;ICE de la Universitat Aut\u00f2noma de Barcelona s\u00f3n unes <b>Converses Poli\u00e8driques. Di\u00e0legs sobre educaci\u00f3, des de la universitat i la pr\u00e0ctica docent<\/b>.<\/div>\n<div dir=\"ltr\">\n<div class=\"gmail_quote\">\n<div dir=\"ltr\">\n<div class=\"gmail_quote\">\n<div dir=\"ltr\">\n<div><a href=\"https:\/\/serveiseducatius.xtec.cat\/baixllobregat7\/wp-content\/uploads\/usu1179\/2025\/01\/Converses-poliedriques.png\"><img loading=\"lazy\" decoding=\"async\" class=\"wp-image-15005 aligncenter\" src=\"https:\/\/serveiseducatius.xtec.cat\/baixllobregat7\/wp-content\/uploads\/usu1179\/2025\/01\/Converses-poliedriques.png\" alt=\"\" width=\"623\" height=\"448\" srcset=\"https:\/\/serveiseducatius.xtec.cat\/baixllobregat7\/wp-content\/uploads\/usu1179\/2025\/01\/Converses-poliedriques.png 676w, https:\/\/serveiseducatius.xtec.cat\/baixllobregat7\/wp-content\/uploads\/usu1179\/2025\/01\/Converses-poliedriques-300x216.png 300w\" sizes=\"auto, (max-width: 623px) 100vw, 623px\" \/><\/a><\/div>\n<\/div>\n<\/div>\n<div><\/div>\n<div class=\"gmail_quote\">\n<div dir=\"ltr\">\n<div><\/div>\n<div><img loading=\"lazy\" decoding=\"async\" class=\"an1\" draggable=\"false\" src=\"https:\/\/fonts.gstatic.com\/s\/e\/notoemoji\/16.0\/1f3af\/32.png\" alt=\"\ud83c\udfaf\" width=\"21\" height=\"21\" data-emoji=\"\ud83c\udfaf\" aria-label=\"\ud83c\udfaf\" \/>Trobareu m\u00e9s informaci\u00f3 i els enlla\u00e7os d&#8217;inscripci\u00f3 a: \u00a0<a id=\"m_2132372895726711858m_-7922157806426295871m_8910137881379100070m_7988800427950460478m_-2966528972610208770m_8051436280066548913OWAc1f058b0-b0f7-4924-f300-5359a0fc0a05\" title=\"https:\/\/www.ub.edu\/idp-educacio\/converses-poliedriques\/\" href=\"https:\/\/www.ub.edu\/idp-educacio\/converses-poliedriques\/\" target=\"_blank\" rel=\"noopener\" data-saferedirecturl=\"https:\/\/www.google.com\/url?q=https:\/\/www.ub.edu\/idp-educacio\/converses-poliedriques\/&amp;source=gmail&amp;ust=1737617318695000&amp;usg=AOvVaw1lZoyn7gtIM_6RfIB_FKzS\">https:\/\/www.ub.edu\/idp-<wbr \/>educacio\/converses-<wbr \/>poliedriques\/<\/a><\/div>\n<div><\/div>\n<\/div>\n<\/div>\n<\/div>\n<\/div>\n<\/div>\n<div><\/div>\n<div>La segona \u00e9s la segona jornada: <b>&#8220;Parlar, escriure i llegir. Experi\u00e8ncies per combatre el pessimisme II&#8221;<\/b>\u00a0que es realitzar\u00e0 el divendres 14 de febrer a la tarda i el dissabte 15 al mat\u00ed, a l&#8217;IE Eixample de Barcelona. La jornada ser\u00e0 un\u00a0espai per compartir experi\u00e8ncies i reflexions al voltant de l&#8217;ensenyament de la llengua i est\u00e0 pensada per totes les etapes educatives.<\/div>\n<div><\/div>\n<div><\/div>\n<div dir=\"ltr\">\n<div class=\"gmail_quote\">\n<div dir=\"ltr\">\n<div class=\"gmail_quote\">\n<div dir=\"ltr\">\n<div><a href=\"https:\/\/serveiseducatius.xtec.cat\/baixllobregat7\/wp-content\/uploads\/usu1179\/2025\/01\/Parlar-escriure-llegir-ICE-UAB.png\"><img loading=\"lazy\" decoding=\"async\" class=\"wp-image-15004 aligncenter\" src=\"https:\/\/serveiseducatius.xtec.cat\/baixllobregat7\/wp-content\/uploads\/usu1179\/2025\/01\/Parlar-escriure-llegir-ICE-UAB.png\" alt=\"\" width=\"367\" height=\"518\" srcset=\"https:\/\/serveiseducatius.xtec.cat\/baixllobregat7\/wp-content\/uploads\/usu1179\/2025\/01\/Parlar-escriure-llegir-ICE-UAB.png 555w, https:\/\/serveiseducatius.xtec.cat\/baixllobregat7\/wp-content\/uploads\/usu1179\/2025\/01\/Parlar-escriure-llegir-ICE-UAB-212x300.png 212w\" sizes=\"auto, (max-width: 367px) 100vw, 367px\" \/><\/a><\/div>\n<\/div>\n<\/div>\n<\/div>\n<\/div>\n<\/div>\n<div><\/div>\n<div dir=\"ltr\">\n<div class=\"gmail_quote\">\n<div dir=\"ltr\">\n<div class=\"gmail_quote\">\n<div dir=\"ltr\">\n<div><img loading=\"lazy\" decoding=\"async\" class=\"an1\" draggable=\"false\" src=\"https:\/\/fonts.gstatic.com\/s\/e\/notoemoji\/16.0\/1f3af\/32.png\" alt=\"\ud83c\udfaf\" width=\"21\" height=\"21\" data-emoji=\"\ud83c\udfaf\" aria-label=\"\ud83c\udfaf\" \/>Trobareu m\u00e9s informaci\u00f3 i el formulari d&#8217;inscripci\u00f3 a: <a id=\"m_2132372895726711858m_-7922157806426295871m_8910137881379100070m_7988800427950460478m_-2966528972610208770m_8051436280066548913OWAaddcc690-9691-0199-0505-93fc79aead7e\" title=\"https:\/\/www.ub.edu\/idp\/web\/ca\/curso\/ips\/hivern2025\/parlar\" href=\"https:\/\/www.ub.edu\/idp\/web\/ca\/curso\/ips\/hivern2025\/parlar\" target=\"_blank\" rel=\"noopener\" data-saferedirecturl=\"https:\/\/www.google.com\/url?q=https:\/\/www.ub.edu\/idp\/web\/ca\/curso\/ips\/hivern2025\/parlar&amp;source=gmail&amp;ust=1737617318695000&amp;usg=AOvVaw1MjErFZjc8CMMGpON8TPZd\">https:\/\/www.ub.edu\/idp\/web\/ca\/<wbr \/>curso\/ips\/hivern2025\/parlar<\/a><\/div>\n<\/div>\n<\/div>\n<\/div>\n<\/div>\n<\/div>\n","protected":false},"excerpt":{"rendered":"<p>Us informem de dues propostes pedag\u00f2giques del ICE de la Universitat Aut\u00f2noma de Barcelona, que es realitzaran properament i que pensem que poden ser del vostre inter\u00e8s. La primera proposta, creada conjuntament amb l&#8217;ICE de la Universitat Aut\u00f2noma de Barcelona s\u00f3n unes Converses Poli\u00e8driques. Di\u00e0legs sobre educaci\u00f3, des de la universitat i la pr\u00e0ctica docent. [&hellip;]<\/p>\n","protected":false},"author":3,"featured_media":15004,"comment_status":"closed","ping_status":"closed","sticky":false,"template":"","format":"standard","meta":{"_bbp_topic_count":0,"_bbp_reply_count":0,"_bbp_total_topic_count":0,"_bbp_total_reply_count":0,"_bbp_voice_count":0,"_bbp_anonymous_reply_count":0,"_bbp_topic_count_hidden":0,"_bbp_reply_count_hidden":0,"_bbp_forum_subforum_count":0,"site-sidebar-layout":"default","site-content-layout":"","ast-site-content-layout":"","site-content-style":"default","site-sidebar-style":"default","ast-global-header-display":"","ast-banner-title-visibility":"","ast-main-header-display":"","ast-hfb-above-header-display":"","ast-hfb-below-header-display":"","ast-hfb-mobile-header-display":"","site-post-title":"","ast-breadcrumbs-content":"","ast-featured-img":"","footer-sml-layout":"","theme-transparent-header-meta":"","adv-header-id-meta":"","stick-header-meta":"","header-above-stick-meta":"","header-main-stick-meta":"","header-below-stick-meta":"","astra-migrate-meta-layouts":"default","ast-page-background-enabled":"default","ast-page-background-meta":{"desktop":{"background-color":"var(--ast-global-color-4)","background-image":"","background-repeat":"repeat","background-position":"center center","background-size":"auto","background-attachment":"scroll","background-type":"","background-media":"","overlay-type":"","overlay-color":"","overlay-opacity":"","overlay-gradient":""},"tablet":{"background-color":"","background-image":"","background-repeat":"repeat","background-position":"center center","background-size":"auto","background-attachment":"scroll","background-type":"","background-media":"","overlay-type":"","overlay-color":"","overlay-opacity":"","overlay-gradient":""},"mobile":{"background-color":"","background-image":"","background-repeat":"repeat","background-position":"center center","background-size":"auto","background-attachment":"scroll","background-type":"","background-media":"","overlay-type":"","overlay-color":"","overlay-opacity":"","overlay-gradient":""}},"ast-content-background-meta":{"desktop":{"background-color":"var(--ast-global-color-5)","background-image":"","background-repeat":"repeat","background-position":"center center","background-size":"auto","background-attachment":"scroll","background-type":"","background-media":"","overlay-type":"","overlay-color":"","overlay-opacity":"","overlay-gradient":""},"tablet":{"background-color":"var(--ast-global-color-5)","background-image":"","background-repeat":"repeat","background-position":"center center","background-size":"auto","background-attachment":"scroll","background-type":"","background-media":"","overlay-type":"","overlay-color":"","overlay-opacity":"","overlay-gradient":""},"mobile":{"background-color":"var(--ast-global-color-5)","background-image":"","background-repeat":"repeat","background-position":"center center","background-size":"auto","background-attachment":"scroll","background-type":"","background-media":"","overlay-type":"","overlay-color":"","overlay-opacity":"","overlay-gradient":""}},"footnotes":""},"categories":[65,1,235,29],"tags":[226],"class_list":["post-15003","post","type-post","status-publish","format-standard","has-post-thumbnail","hentry","category-crp","category-general","category-formacio_ins","category-portada","tag-formacio"],"post_mailing_queue_ids":[],"_links":{"self":[{"href":"https:\/\/serveiseducatius.xtec.cat\/baixllobregat7\/wp-json\/wp\/v2\/posts\/15003","targetHints":{"allow":["GET"]}}],"collection":[{"href":"https:\/\/serveiseducatius.xtec.cat\/baixllobregat7\/wp-json\/wp\/v2\/posts"}],"about":[{"href":"https:\/\/serveiseducatius.xtec.cat\/baixllobregat7\/wp-json\/wp\/v2\/types\/post"}],"author":[{"embeddable":true,"href":"https:\/\/serveiseducatius.xtec.cat\/baixllobregat7\/wp-json\/wp\/v2\/users\/3"}],"replies":[{"embeddable":true,"href":"https:\/\/serveiseducatius.xtec.cat\/baixllobregat7\/wp-json\/wp\/v2\/comments?post=15003"}],"version-history":[{"count":6,"href":"https:\/\/serveiseducatius.xtec.cat\/baixllobregat7\/wp-json\/wp\/v2\/posts\/15003\/revisions"}],"predecessor-version":[{"id":15013,"href":"https:\/\/serveiseducatius.xtec.cat\/baixllobregat7\/wp-json\/wp\/v2\/posts\/15003\/revisions\/15013"}],"wp:featuredmedia":[{"embeddable":true,"href":"https:\/\/serveiseducatius.xtec.cat\/baixllobregat7\/wp-json\/wp\/v2\/media\/15004"}],"wp:attachment":[{"href":"https:\/\/serveiseducatius.xtec.cat\/baixllobregat7\/wp-json\/wp\/v2\/media?parent=15003"}],"wp:term":[{"taxonomy":"category","embeddable":true,"href":"https:\/\/serveiseducatius.xtec.cat\/baixllobregat7\/wp-json\/wp\/v2\/categories?post=15003"},{"taxonomy":"post_tag","embeddable":true,"href":"https:\/\/serveiseducatius.xtec.cat\/baixllobregat7\/wp-json\/wp\/v2\/tags?post=15003"}],"curies":[{"name":"wp","href":"https:\/\/api.w.org\/{rel}","templated":true}]}}