{"id":14906,"date":"2025-01-08T08:00:33","date_gmt":"2025-01-08T07:00:33","guid":{"rendered":"https:\/\/serveiseducatius.xtec.cat\/baixllobregat7\/?p=14906"},"modified":"2025-01-08T09:49:58","modified_gmt":"2025-01-08T08:49:58","slug":"descobreix-com-treballar-els-ods-a-laula-a-traves-de-la-literatura-inscriu-te-al-taller-formatiu","status":"publish","type":"post","link":"https:\/\/serveiseducatius.xtec.cat\/baixllobregat7\/portada\/descobreix-com-treballar-els-ods-a-laula-a-traves-de-la-literatura-inscriu-te-al-taller-formatiu\/","title":{"rendered":"14 de gener Descobreix com treballar els ODS a l&#8217;aula a trav\u00e9s de la literatura. Inscriu-te al taller formatiu!"},"content":{"rendered":"<p><a href=\"https:\/\/serveiseducatius.xtec.cat\/baixllobregat7\/wp-content\/uploads\/usu1179\/2024\/12\/TallerODS.png\"><img loading=\"lazy\" decoding=\"async\" class=\" wp-image-14909 alignleft\" src=\"https:\/\/serveiseducatius.xtec.cat\/baixllobregat7\/wp-content\/uploads\/usu1179\/2024\/12\/TallerODS-724x1024.png\" alt=\"TallerODS\" width=\"410\" height=\"580\" srcset=\"https:\/\/serveiseducatius.xtec.cat\/baixllobregat7\/wp-content\/uploads\/usu1179\/2024\/12\/TallerODS-724x1024.png 724w, https:\/\/serveiseducatius.xtec.cat\/baixllobregat7\/wp-content\/uploads\/usu1179\/2024\/12\/TallerODS-212x300.png 212w, https:\/\/serveiseducatius.xtec.cat\/baixllobregat7\/wp-content\/uploads\/usu1179\/2024\/12\/TallerODS-768x1086.png 768w, https:\/\/serveiseducatius.xtec.cat\/baixllobregat7\/wp-content\/uploads\/usu1179\/2024\/12\/TallerODS-1086x1536.png 1086w, https:\/\/serveiseducatius.xtec.cat\/baixllobregat7\/wp-content\/uploads\/usu1179\/2024\/12\/TallerODS.png 1414w\" sizes=\"auto, (max-width: 410px) 100vw, 410px\" \/><\/a>T&#8217;agradaria comptar amb recursos que ajudin els teus alumnes a con\u00e8ixer els Objectius de Desenvolupament Sostenible (ODS) de manera creativa i significativa?<\/p>\n<p>El Centre de Recursos Pedag\u00f2gics (CRP) de Martorell et <a href=\"https:\/\/aplicacions.gestioeducativa.gencat.cat\/ords\/pls\/soloas\/pk_for_mod_ins.p_for_pre_cons_activitats?p_any=2024-2025&amp;p_codi=3081111308\" target=\"_blank\" rel=\"noopener\">convida a participar al taller <strong>&#8220;ODS a l&#8217;aula: Propostes liter\u00e0ries i did\u00e0ctiques&#8221;<\/strong>,<\/a> que tindr\u00e0 lloc els dies <strong>14 de gener i 11 de febrer<\/strong>.\u00a0 Al llarg d&#8217;aquestes sessions, ens endinsarem en el fascinant univers de la literatura infantil i juvenil per explorar els ODS i aprendre com podem treballar-los a l&#8217;aula amb lectures adaptades a cada nivell educatiu.<\/p>\n<h3>Qu\u00e8 aprendr\u00e0s al taller?<\/h3>\n<p>Aquest taller ha estat dissenyat per oferir-te recursos inspiradors per portar els ODS al teu dia a dia com a docent de manera creativa. Durant les dues sessions,:<\/p>\n<ul data-spread=\"false\">\n<li><strong>Coneixer\u00e0s els 17 Objectius de Desenvolupament Sostenible<\/strong> i com podem relacionar-los amb textos literaris recents que promouen el coneixement del medi ambient, la realitat sociocultural i els valors de solidaritat.<\/li>\n<li><strong>Explorar\u00e0s una selecci\u00f3 de lectures<\/strong> (contes, novel\u00b7les, poesies, etc.) que ajuden a fer visibles els ODS en els diferents cicles educatius.<\/li>\n<li><strong>Treballar\u00e0s estrat\u00e8gies did\u00e0ctiques<\/strong> per presentar aquestes lectures a l\u2019alumnat i dissenyar activitats que fomentin la reflexi\u00f3 i l\u2019acci\u00f3 posterior.<\/li>\n<\/ul>\n<h3><a href=\"https:\/\/aplicacions.gestioeducativa.gencat.cat\/ords\/pls\/soloas\/pk_for_mod_ins.p_for_pre_cons_activitats?p_any=2024-2025&amp;p_codi=3081111308\" target=\"_blank\" rel=\"noopener\">Inscripcions obertes en aquest enlla\u00e7<\/a><\/h3>\n<p>No deixis escapar aquesta oportunitat! Les places s\u00f3n limitades, per la qual cosa et recomanem fer la teva inscripci\u00f3 al m\u00e9s aviat possible. Pots inscriure\u2019t <a href=\"https:\/\/aplicacions.gestioeducativa.gencat.cat\/ords\/pls\/soloas\/pk_for_mod_ins.p_for_pre_cons_activitats?p_any=2024-2025&amp;p_codi=3081111308\" target=\"_blank\" rel=\"noopener\">a trav\u00e9s de l&#8217;enlla\u00e7<\/a> o contactant directament amb nosaltres<\/p>\n<h4><strong>T\u2019esperem per aprendre, compartir i inspirar-te!<\/strong><\/h4>\n","protected":false},"excerpt":{"rendered":"<p>T&#8217;agradaria comptar amb recursos que ajudin els teus alumnes a con\u00e8ixer els Objectius de Desenvolupament Sostenible (ODS) de manera creativa i significativa? El Centre de Recursos Pedag\u00f2gics (CRP) de Martorell et convida a participar al taller &#8220;ODS a l&#8217;aula: Propostes liter\u00e0ries i did\u00e0ctiques&#8221;, que tindr\u00e0 lloc els dies 14 de gener i 11 de febrer.\u00a0 [&hellip;]<\/p>\n","protected":false},"author":1,"featured_media":14909,"comment_status":"closed","ping_status":"closed","sticky":false,"template":"","format":"standard","meta":{"_bbp_topic_count":0,"_bbp_reply_count":0,"_bbp_total_topic_count":0,"_bbp_total_reply_count":0,"_bbp_voice_count":0,"_bbp_anonymous_reply_count":0,"_bbp_topic_count_hidden":0,"_bbp_reply_count_hidden":0,"_bbp_forum_subforum_count":0,"site-sidebar-layout":"default","site-content-layout":"","ast-site-content-layout":"","site-content-style":"default","site-sidebar-style":"default","ast-global-header-display":"","ast-banner-title-visibility":"","ast-main-header-display":"","ast-hfb-above-header-display":"","ast-hfb-below-header-display":"","ast-hfb-mobile-header-display":"","site-post-title":"","ast-breadcrumbs-content":"","ast-featured-img":"","footer-sml-layout":"","theme-transparent-header-meta":"","adv-header-id-meta":"","stick-header-meta":"","header-above-stick-meta":"","header-main-stick-meta":"","header-below-stick-meta":"","astra-migrate-meta-layouts":"default","ast-page-background-enabled":"default","ast-page-background-meta":{"desktop":{"background-color":"var(--ast-global-color-4)","background-image":"","background-repeat":"repeat","background-position":"center center","background-size":"auto","background-attachment":"scroll","background-type":"","background-media":"","overlay-type":"","overlay-color":"","overlay-opacity":"","overlay-gradient":""},"tablet":{"background-color":"","background-image":"","background-repeat":"repeat","background-position":"center center","background-size":"auto","background-attachment":"scroll","background-type":"","background-media":"","overlay-type":"","overlay-color":"","overlay-opacity":"","overlay-gradient":""},"mobile":{"background-color":"","background-image":"","background-repeat":"repeat","background-position":"center center","background-size":"auto","background-attachment":"scroll","background-type":"","background-media":"","overlay-type":"","overlay-color":"","overlay-opacity":"","overlay-gradient":""}},"ast-content-background-meta":{"desktop":{"background-color":"var(--ast-global-color-5)","background-image":"","background-repeat":"repeat","background-position":"center center","background-size":"auto","background-attachment":"scroll","background-type":"","background-media":"","overlay-type":"","overlay-color":"","overlay-opacity":"","overlay-gradient":""},"tablet":{"background-color":"var(--ast-global-color-5)","background-image":"","background-repeat":"repeat","background-position":"center center","background-size":"auto","background-attachment":"scroll","background-type":"","background-media":"","overlay-type":"","overlay-color":"","overlay-opacity":"","overlay-gradient":""},"mobile":{"background-color":"var(--ast-global-color-5)","background-image":"","background-repeat":"repeat","background-position":"center center","background-size":"auto","background-attachment":"scroll","background-type":"","background-media":"","overlay-type":"","overlay-color":"","overlay-opacity":"","overlay-gradient":""}},"footnotes":""},"categories":[81,65,29],"tags":[166,735,740,738,226,769,672],"class_list":["post-14906","post","type-post","status-publish","format-standard","has-post-thumbnail","hentry","category-biblioteca","category-crp","category-portada","tag-biblioteca-escolar","tag-crp-baix-llobregat-vii","tag-crp-martorell","tag-curs-24-25","tag-formacio","tag-ods","tag-portada"],"post_mailing_queue_ids":[],"_links":{"self":[{"href":"https:\/\/serveiseducatius.xtec.cat\/baixllobregat7\/wp-json\/wp\/v2\/posts\/14906","targetHints":{"allow":["GET"]}}],"collection":[{"href":"https:\/\/serveiseducatius.xtec.cat\/baixllobregat7\/wp-json\/wp\/v2\/posts"}],"about":[{"href":"https:\/\/serveiseducatius.xtec.cat\/baixllobregat7\/wp-json\/wp\/v2\/types\/post"}],"author":[{"embeddable":true,"href":"https:\/\/serveiseducatius.xtec.cat\/baixllobregat7\/wp-json\/wp\/v2\/users\/1"}],"replies":[{"embeddable":true,"href":"https:\/\/serveiseducatius.xtec.cat\/baixllobregat7\/wp-json\/wp\/v2\/comments?post=14906"}],"version-history":[{"count":4,"href":"https:\/\/serveiseducatius.xtec.cat\/baixllobregat7\/wp-json\/wp\/v2\/posts\/14906\/revisions"}],"predecessor-version":[{"id":14931,"href":"https:\/\/serveiseducatius.xtec.cat\/baixllobregat7\/wp-json\/wp\/v2\/posts\/14906\/revisions\/14931"}],"wp:featuredmedia":[{"embeddable":true,"href":"https:\/\/serveiseducatius.xtec.cat\/baixllobregat7\/wp-json\/wp\/v2\/media\/14909"}],"wp:attachment":[{"href":"https:\/\/serveiseducatius.xtec.cat\/baixllobregat7\/wp-json\/wp\/v2\/media?parent=14906"}],"wp:term":[{"taxonomy":"category","embeddable":true,"href":"https:\/\/serveiseducatius.xtec.cat\/baixllobregat7\/wp-json\/wp\/v2\/categories?post=14906"},{"taxonomy":"post_tag","embeddable":true,"href":"https:\/\/serveiseducatius.xtec.cat\/baixllobregat7\/wp-json\/wp\/v2\/tags?post=14906"}],"curies":[{"name":"wp","href":"https:\/\/api.w.org\/{rel}","templated":true}]}}