{"id":14867,"date":"2024-12-13T12:26:25","date_gmt":"2024-12-13T11:26:25","guid":{"rendered":"https:\/\/serveiseducatius.xtec.cat\/baixllobregat7\/?p=14867"},"modified":"2024-12-13T19:28:17","modified_gmt":"2024-12-13T18:28:17","slug":"llibres-contra-el-fang","status":"publish","type":"post","link":"https:\/\/serveiseducatius.xtec.cat\/baixllobregat7\/portada\/llibres-contra-el-fang\/","title":{"rendered":"Llibres contra el fang"},"content":{"rendered":"<div>\n<p dir=\"ltr\"><span style=\"font-family: arial, sans-serif\">La campanya <span class=\"il\">Llibres<\/span>\u00a0<span class=\"il\">contra<\/span>\u00a0<span class=\"il\">el<\/span>\u00a0<span class=\"il\">fang<\/span>\u00a0per a reconstruir les\u00a0biblioteques escolars devastades per la Dana\u00a0<span class=\"il\">al<\/span>\u00a0Pa\u00eds Valenci\u00e0\u00a0a trav\u00e9s d\u2019una recollida de\u00a0<span class=\"il\">llibres<\/span> solid\u00e0ria <strong>ha estat un \u00e8xit.<\/strong> E<span class=\"il\">l<\/span> fons bibliogr\u00e0fic de la campanya arribar\u00e0 ben aviat a l\u2019escola Forn d\u2019Alcedo de Val\u00e8ncia i l\u2019IES Albal!<\/span><\/p>\n<p><span style=\"font-family: arial, sans-serif\"><img loading=\"lazy\" decoding=\"async\" class=\"CToWUd a6T\" src=\"https:\/\/mail.google.com\/mail\/u\/0?ui=2&amp;ik=f8993f303e&amp;attid=0.1&amp;permmsgid=msg-a:r-7614244863506899688&amp;th=1933fc505330f674&amp;view=fimg&amp;fur=ip&amp;permmsgid=msg-a:r-7614244863506899688&amp;sz=s0-l75-ft&amp;attbid=ANGjdJ_5mAQ8xivkKhDnz6RXkVDD3_lv3iVgygPWDlfL4M4jandQ0wiakm0bKJy7pwl1OmMxorgTK2wUp8op2-Az8SMiA1BhN-WzCMHTUx2fz9mcdVl7G9JPVSIDsy8&amp;disp=emb&amp;realattid=ii_m3iqbdod2&amp;zw\" alt=\"LOGO LCF (1).png\" width=\"200\" height=\"200\" data-image-whitelisted=\"\" data-bit=\"iit\" \/><img loading=\"lazy\" decoding=\"async\" class=\"CToWUd a6T\" src=\"https:\/\/mail.google.com\/mail\/u\/0?ui=2&amp;ik=f8993f303e&amp;attid=0.3&amp;permmsgid=msg-a:r-7614244863506899688&amp;th=1933fc505330f674&amp;view=fimg&amp;fur=ip&amp;permmsgid=msg-a:r-7614244863506899688&amp;sz=s0-l75-ft&amp;attbid=ANGjdJ9w5AkqKG1euBp2EAuumKP8BYUAG3LwCDkw9znr18zencoKXkmCuDCBvjearfmHMN6VuHv_cLj_RKpmunbbLK1bzC5GP5C3V7Xf6RdgLKVgCraDYXam6XIQ6Eo&amp;disp=emb&amp;realattid=ii_m3iqaslj1&amp;zw\" alt=\"LOGO ALCEDO.png\" width=\"200\" height=\"200\" data-image-whitelisted=\"\" data-bit=\"iit\" \/><img loading=\"lazy\" decoding=\"async\" class=\"CToWUd\" src=\"https:\/\/mail.google.com\/mail\/u\/0?ui=2&amp;ik=f8993f303e&amp;attid=0.2&amp;permmsgid=msg-a:r-7614244863506899688&amp;th=1933fc505330f674&amp;view=fimg&amp;fur=ip&amp;permmsgid=msg-a:r-7614244863506899688&amp;sz=s0-l75-ft&amp;attbid=ANGjdJ-cTZHDg6RgwFeHd39M61bhBpDdXhslAGFTCHhvOmp4QpzpF85FF5KeD4Uobv4YVoF5vIQwBq5-3VBfppUVrCV4lak3vxyixqp7IACzMlNmKo0pa_G81yNNtrg&amp;disp=emb&amp;realattid=ii_m3iq9rfh0&amp;zw\" alt=\"IES ALBAL.png\" width=\"224\" height=\"64\" data-image-whitelisted=\"\" data-bit=\"iit\" \/><br \/>\n<\/span><\/p>\n<p dir=\"ltr\"><span style=\"font-family: arial, sans-serif\">La campanya ha estat impulsada per tots els assessors LIC del Baix Llobregat en col\u00b7laboraci\u00f3 amb l&#8217;Escola Valenciana i ha estat possible gr\u00e0cies a la participaci\u00f3 dels centres educatius del territori.\u00a0<\/span><\/p>\n<\/div>\n<p>Per aquest\u00a0 motiu, volem agrair especialment la implicaci\u00f3 de les escoles del Baix Llobregat Nord que hi han participat:<\/p>\n<ul>\n<li><span style=\"font-family: inherit;font-size: 1em\">Escola Ernest Lluch (Abrera)<\/span><\/li>\n<li><span style=\"font-family: inherit;font-size: 1em\">Escola Sant Bernat (Olesa de Montserrat)<\/span><\/li>\n<li><span style=\"font-family: inherit;font-size: 1em\">Escola Sant Andreu de la Barca (Sant Andreu de la Barca)\u00a0<\/span><\/li>\n<\/ul>\n<p><img loading=\"lazy\" decoding=\"async\" class=\"aligncenter wp-image-14873\" src=\"https:\/\/serveiseducatius.xtec.cat\/baixllobregat7\/wp-content\/uploads\/usu1179\/2024\/12\/WhatsApp-Image-2024-12-13-at-11.42.43-300x179.jpeg\" alt=\"\" width=\"620\" height=\"370\" srcset=\"https:\/\/serveiseducatius.xtec.cat\/baixllobregat7\/wp-content\/uploads\/usu1179\/2024\/12\/WhatsApp-Image-2024-12-13-at-11.42.43-300x179.jpeg 300w, https:\/\/serveiseducatius.xtec.cat\/baixllobregat7\/wp-content\/uploads\/usu1179\/2024\/12\/WhatsApp-Image-2024-12-13-at-11.42.43-1024x610.jpeg 1024w, https:\/\/serveiseducatius.xtec.cat\/baixllobregat7\/wp-content\/uploads\/usu1179\/2024\/12\/WhatsApp-Image-2024-12-13-at-11.42.43-768x457.jpeg 768w, https:\/\/serveiseducatius.xtec.cat\/baixllobregat7\/wp-content\/uploads\/usu1179\/2024\/12\/WhatsApp-Image-2024-12-13-at-11.42.43-1536x915.jpeg 1536w, https:\/\/serveiseducatius.xtec.cat\/baixllobregat7\/wp-content\/uploads\/usu1179\/2024\/12\/WhatsApp-Image-2024-12-13-at-11.42.43.jpeg 1600w\" sizes=\"auto, (max-width: 620px) 100vw, 620px\" \/><\/p>\n<div>\n<p dir=\"ltr\" style=\"text-align: center\"><strong><span style=\"font-family: arial, sans-serif\">De tot cor, GR\u00c0CIES!<\/span><\/strong><\/p>\n<p><span style=\"font-family: arial, sans-serif\">\u00a0<\/span><\/p>\n<\/div>\n<p style=\"text-align: justify\">\n","protected":false},"excerpt":{"rendered":"<p>La campanya Llibres\u00a0contra\u00a0el\u00a0fang\u00a0per a reconstruir les\u00a0biblioteques escolars devastades per la Dana\u00a0al\u00a0Pa\u00eds Valenci\u00e0\u00a0a trav\u00e9s d\u2019una recollida de\u00a0llibres solid\u00e0ria ha estat un \u00e8xit. El fons bibliogr\u00e0fic de la campanya arribar\u00e0 ben aviat a l\u2019escola Forn d\u2019Alcedo de Val\u00e8ncia i l\u2019IES Albal! La campanya ha estat impulsada per tots els assessors LIC del Baix Llobregat en col\u00b7laboraci\u00f3 amb [&hellip;]<\/p>\n","protected":false},"author":3,"featured_media":14879,"comment_status":"closed","ping_status":"closed","sticky":false,"template":"","format":"standard","meta":{"_bbp_topic_count":0,"_bbp_reply_count":0,"_bbp_total_topic_count":0,"_bbp_total_reply_count":0,"_bbp_voice_count":0,"_bbp_anonymous_reply_count":0,"_bbp_topic_count_hidden":0,"_bbp_reply_count_hidden":0,"_bbp_forum_subforum_count":0,"site-sidebar-layout":"default","site-content-layout":"","ast-site-content-layout":"","site-content-style":"default","site-sidebar-style":"default","ast-global-header-display":"","ast-banner-title-visibility":"","ast-main-header-display":"","ast-hfb-above-header-display":"","ast-hfb-below-header-display":"","ast-hfb-mobile-header-display":"","site-post-title":"","ast-breadcrumbs-content":"","ast-featured-img":"","footer-sml-layout":"","theme-transparent-header-meta":"","adv-header-id-meta":"","stick-header-meta":"","header-above-stick-meta":"","header-main-stick-meta":"","header-below-stick-meta":"","astra-migrate-meta-layouts":"default","ast-page-background-enabled":"default","ast-page-background-meta":{"desktop":{"background-color":"var(--ast-global-color-4)","background-image":"","background-repeat":"repeat","background-position":"center center","background-size":"auto","background-attachment":"scroll","background-type":"","background-media":"","overlay-type":"","overlay-color":"","overlay-opacity":"","overlay-gradient":""},"tablet":{"background-color":"","background-image":"","background-repeat":"repeat","background-position":"center center","background-size":"auto","background-attachment":"scroll","background-type":"","background-media":"","overlay-type":"","overlay-color":"","overlay-opacity":"","overlay-gradient":""},"mobile":{"background-color":"","background-image":"","background-repeat":"repeat","background-position":"center center","background-size":"auto","background-attachment":"scroll","background-type":"","background-media":"","overlay-type":"","overlay-color":"","overlay-opacity":"","overlay-gradient":""}},"ast-content-background-meta":{"desktop":{"background-color":"var(--ast-global-color-5)","background-image":"","background-repeat":"repeat","background-position":"center center","background-size":"auto","background-attachment":"scroll","background-type":"","background-media":"","overlay-type":"","overlay-color":"","overlay-opacity":"","overlay-gradient":""},"tablet":{"background-color":"var(--ast-global-color-5)","background-image":"","background-repeat":"repeat","background-position":"center center","background-size":"auto","background-attachment":"scroll","background-type":"","background-media":"","overlay-type":"","overlay-color":"","overlay-opacity":"","overlay-gradient":""},"mobile":{"background-color":"var(--ast-global-color-5)","background-image":"","background-repeat":"repeat","background-position":"center center","background-size":"auto","background-attachment":"scroll","background-type":"","background-media":"","overlay-type":"","overlay-color":"","overlay-opacity":"","overlay-gradient":""}},"footnotes":""},"categories":[286,66,68,612,294,29],"tags":[781,760,639,779,780],"class_list":["post-14867","post","type-post","status-publish","format-standard","has-post-thumbnail","hentry","category-centres","category-dinamitzacio","category-elic","category-entorn","category-experiencies","category-portada","tag-campanya","tag-centres-educatius","tag-elic","tag-llibrescontraelfang","tag-valencia"],"post_mailing_queue_ids":[],"_links":{"self":[{"href":"https:\/\/serveiseducatius.xtec.cat\/baixllobregat7\/wp-json\/wp\/v2\/posts\/14867","targetHints":{"allow":["GET"]}}],"collection":[{"href":"https:\/\/serveiseducatius.xtec.cat\/baixllobregat7\/wp-json\/wp\/v2\/posts"}],"about":[{"href":"https:\/\/serveiseducatius.xtec.cat\/baixllobregat7\/wp-json\/wp\/v2\/types\/post"}],"author":[{"embeddable":true,"href":"https:\/\/serveiseducatius.xtec.cat\/baixllobregat7\/wp-json\/wp\/v2\/users\/3"}],"replies":[{"embeddable":true,"href":"https:\/\/serveiseducatius.xtec.cat\/baixllobregat7\/wp-json\/wp\/v2\/comments?post=14867"}],"version-history":[{"count":6,"href":"https:\/\/serveiseducatius.xtec.cat\/baixllobregat7\/wp-json\/wp\/v2\/posts\/14867\/revisions"}],"predecessor-version":[{"id":14896,"href":"https:\/\/serveiseducatius.xtec.cat\/baixllobregat7\/wp-json\/wp\/v2\/posts\/14867\/revisions\/14896"}],"wp:featuredmedia":[{"embeddable":true,"href":"https:\/\/serveiseducatius.xtec.cat\/baixllobregat7\/wp-json\/wp\/v2\/media\/14879"}],"wp:attachment":[{"href":"https:\/\/serveiseducatius.xtec.cat\/baixllobregat7\/wp-json\/wp\/v2\/media?parent=14867"}],"wp:term":[{"taxonomy":"category","embeddable":true,"href":"https:\/\/serveiseducatius.xtec.cat\/baixllobregat7\/wp-json\/wp\/v2\/categories?post=14867"},{"taxonomy":"post_tag","embeddable":true,"href":"https:\/\/serveiseducatius.xtec.cat\/baixllobregat7\/wp-json\/wp\/v2\/tags?post=14867"}],"curies":[{"name":"wp","href":"https:\/\/api.w.org\/{rel}","templated":true}]}}