{"id":14863,"date":"2024-12-13T12:00:41","date_gmt":"2024-12-13T11:00:41","guid":{"rendered":"https:\/\/serveiseducatius.xtec.cat\/baixllobregat7\/?p=14863"},"modified":"2024-12-13T12:00:41","modified_gmt":"2024-12-13T11:00:41","slug":"el-garbell-%c2%b7-hivern-2024","status":"publish","type":"post","link":"https:\/\/serveiseducatius.xtec.cat\/baixllobregat7\/portada\/el-garbell-%c2%b7-hivern-2024\/","title":{"rendered":"El Garbell \u00b7 Hivern 2024"},"content":{"rendered":"<p><a href=\"https:\/\/serveiseducatius.xtec.cat\/baixllobregat7\/wp-content\/uploads\/usu1179\/2024\/12\/El-garbell.jpg\"><img loading=\"lazy\" decoding=\"async\" class=\"size-full wp-image-14864 alignleft\" src=\"https:\/\/serveiseducatius.xtec.cat\/baixllobregat7\/wp-content\/uploads\/usu1179\/2024\/12\/El-garbell.jpg\" alt=\"El-garbell\" width=\"768\" height=\"579\" srcset=\"https:\/\/serveiseducatius.xtec.cat\/baixllobregat7\/wp-content\/uploads\/usu1179\/2024\/12\/El-garbell.jpg 768w, https:\/\/serveiseducatius.xtec.cat\/baixllobregat7\/wp-content\/uploads\/usu1179\/2024\/12\/El-garbell-300x226.jpg 300w, https:\/\/serveiseducatius.xtec.cat\/baixllobregat7\/wp-content\/uploads\/usu1179\/2024\/12\/El-garbell-200x150.jpg 200w\" sizes=\"auto, (max-width: 768px) 100vw, 768px\" \/><\/a>Us presentem un nou n\u00famero de El Garbell, una selecci\u00f3 de novetats editorials considerades de molt inter\u00e8s per a les biblioteques escolars, amb llibres per a totes les etapes educatives, g\u00e8neres i tipologies.<\/p>\n<p>En aquesta ocasi\u00f3 la coberta d\u2019aquest Garbell \u00e9s ben especial, \u00e9s la m\u00e9s estimada que s\u2019ha fet; la idea ha estat donar visibilitat a les editorials valencianes, que acompanyen sempre en tots els Garbells i la pres\u00e8ncia de les quals tant es troba a faltar aquesta vegada. Els llibres de la coberta van arribar abans de la dana, i s\u00f3n els que es disposen a la Biblioteca de l\u2019Associaci\u00f3 Rosa Sensat. Penseu en les noves propostes que s\u2019han perdut, en les que estaven en magatzems esperant ser distribu\u00efdes i s\u2019han malm\u00e8s, en les editorials, instal\u00b7lacions, magatzems, distribu\u00efdores\u2026 que ho han perdut tot.<\/p>\n<p>La selecci\u00f3 est\u00e0 feta a partir de la tria de llibres del grup de treball Seminari de Bibliografia Infantil i Juvenil de l\u2019associaci\u00f3.<\/p>\n<p>Aneu al seg\u00fcent enlla\u00e7 per descarregar El Garbell 31.<\/p>\n","protected":false},"excerpt":{"rendered":"<p>Us presentem un nou n\u00famero de El Garbell, una selecci\u00f3 de novetats editorials considerades de molt inter\u00e8s per a les biblioteques escolars, amb llibres per a totes les etapes educatives, g\u00e8neres i tipologies. En aquesta ocasi\u00f3 la coberta d\u2019aquest Garbell \u00e9s ben especial, \u00e9s la m\u00e9s estimada que s\u2019ha fet; la idea ha estat donar [&hellip;]<\/p>\n","protected":false},"author":1,"featured_media":14864,"comment_status":"closed","ping_status":"closed","sticky":false,"template":"","format":"standard","meta":{"_bbp_topic_count":0,"_bbp_reply_count":0,"_bbp_total_topic_count":0,"_bbp_total_reply_count":0,"_bbp_voice_count":0,"_bbp_anonymous_reply_count":0,"_bbp_topic_count_hidden":0,"_bbp_reply_count_hidden":0,"_bbp_forum_subforum_count":0,"site-sidebar-layout":"default","site-content-layout":"","ast-site-content-layout":"","site-content-style":"default","site-sidebar-style":"default","ast-global-header-display":"","ast-banner-title-visibility":"","ast-main-header-display":"","ast-hfb-above-header-display":"","ast-hfb-below-header-display":"","ast-hfb-mobile-header-display":"","site-post-title":"","ast-breadcrumbs-content":"","ast-featured-img":"","footer-sml-layout":"","theme-transparent-header-meta":"","adv-header-id-meta":"","stick-header-meta":"","header-above-stick-meta":"","header-main-stick-meta":"","header-below-stick-meta":"","astra-migrate-meta-layouts":"default","ast-page-background-enabled":"default","ast-page-background-meta":{"desktop":{"background-color":"var(--ast-global-color-4)","background-image":"","background-repeat":"repeat","background-position":"center center","background-size":"auto","background-attachment":"scroll","background-type":"","background-media":"","overlay-type":"","overlay-color":"","overlay-opacity":"","overlay-gradient":""},"tablet":{"background-color":"","background-image":"","background-repeat":"repeat","background-position":"center center","background-size":"auto","background-attachment":"scroll","background-type":"","background-media":"","overlay-type":"","overlay-color":"","overlay-opacity":"","overlay-gradient":""},"mobile":{"background-color":"","background-image":"","background-repeat":"repeat","background-position":"center center","background-size":"auto","background-attachment":"scroll","background-type":"","background-media":"","overlay-type":"","overlay-color":"","overlay-opacity":"","overlay-gradient":""}},"ast-content-background-meta":{"desktop":{"background-color":"var(--ast-global-color-5)","background-image":"","background-repeat":"repeat","background-position":"center center","background-size":"auto","background-attachment":"scroll","background-type":"","background-media":"","overlay-type":"","overlay-color":"","overlay-opacity":"","overlay-gradient":""},"tablet":{"background-color":"var(--ast-global-color-5)","background-image":"","background-repeat":"repeat","background-position":"center center","background-size":"auto","background-attachment":"scroll","background-type":"","background-media":"","overlay-type":"","overlay-color":"","overlay-opacity":"","overlay-gradient":""},"mobile":{"background-color":"var(--ast-global-color-5)","background-image":"","background-repeat":"repeat","background-position":"center center","background-size":"auto","background-attachment":"scroll","background-type":"","background-media":"","overlay-type":"","overlay-color":"","overlay-opacity":"","overlay-gradient":""}},"footnotes":""},"categories":[81,65,29],"tags":[166,735,740,738,773,672,395],"class_list":["post-14863","post","type-post","status-publish","format-standard","has-post-thumbnail","hentry","category-biblioteca","category-crp","category-portada","tag-biblioteca-escolar","tag-crp-baix-llobregat-vii","tag-crp-martorell","tag-curs-24-25","tag-gust-per-la-lectura","tag-portada","tag-recursos"],"post_mailing_queue_ids":[],"_links":{"self":[{"href":"https:\/\/serveiseducatius.xtec.cat\/baixllobregat7\/wp-json\/wp\/v2\/posts\/14863","targetHints":{"allow":["GET"]}}],"collection":[{"href":"https:\/\/serveiseducatius.xtec.cat\/baixllobregat7\/wp-json\/wp\/v2\/posts"}],"about":[{"href":"https:\/\/serveiseducatius.xtec.cat\/baixllobregat7\/wp-json\/wp\/v2\/types\/post"}],"author":[{"embeddable":true,"href":"https:\/\/serveiseducatius.xtec.cat\/baixllobregat7\/wp-json\/wp\/v2\/users\/1"}],"replies":[{"embeddable":true,"href":"https:\/\/serveiseducatius.xtec.cat\/baixllobregat7\/wp-json\/wp\/v2\/comments?post=14863"}],"version-history":[{"count":1,"href":"https:\/\/serveiseducatius.xtec.cat\/baixllobregat7\/wp-json\/wp\/v2\/posts\/14863\/revisions"}],"predecessor-version":[{"id":14865,"href":"https:\/\/serveiseducatius.xtec.cat\/baixllobregat7\/wp-json\/wp\/v2\/posts\/14863\/revisions\/14865"}],"wp:featuredmedia":[{"embeddable":true,"href":"https:\/\/serveiseducatius.xtec.cat\/baixllobregat7\/wp-json\/wp\/v2\/media\/14864"}],"wp:attachment":[{"href":"https:\/\/serveiseducatius.xtec.cat\/baixllobregat7\/wp-json\/wp\/v2\/media?parent=14863"}],"wp:term":[{"taxonomy":"category","embeddable":true,"href":"https:\/\/serveiseducatius.xtec.cat\/baixllobregat7\/wp-json\/wp\/v2\/categories?post=14863"},{"taxonomy":"post_tag","embeddable":true,"href":"https:\/\/serveiseducatius.xtec.cat\/baixllobregat7\/wp-json\/wp\/v2\/tags?post=14863"}],"curies":[{"name":"wp","href":"https:\/\/api.w.org\/{rel}","templated":true}]}}